{"id":7688,"date":"2022-03-16T17:27:49","date_gmt":"2022-03-16T23:27:49","guid":{"rendered":"https:\/\/www.aquilaguna.com\/?p=7688"},"modified":"2022-03-16T17:27:51","modified_gmt":"2022-03-16T23:27:51","slug":"invita-el-centro-de-investigaciones-socioeconomicas-al-coloquio-de-economia-regional-2022","status":"publish","type":"post","link":"https:\/\/www.aquilaguna.com\/index.php\/2022\/03\/16\/invita-el-centro-de-investigaciones-socioeconomicas-al-coloquio-de-economia-regional-2022\/","title":{"rendered":"Invita el Centro de Investigaciones Socioecon\u00f3micas al Coloquio de Econom\u00eda Regional 2022."},"content":{"rendered":"\n<p>SALTILLO, Coahuila. 16 de marzo de 2022.- El Centro de Investigaciones<br>Socioecon\u00f3micas de la Universidad Aut\u00f3noma de Coahuila invita al Coloquio de<br>Econom\u00eda Regional 2022, el cual se llevar\u00e1 a cabo el 18 de marzo en el Edificio<br>\u201cS\u201d en Unidad Camporredondo y de manera virtual a trav\u00e9s de Microsoft Teams.<\/p>\n\n\n\n<p>Las actividades iniciar\u00e1n en el Sal\u00f3n 1 en el segundo piso y por Microsoft Teams<br>en el acceso <a href=\"https:\/\/tinyurl.com\/CISE-MESA2\" target=\"_blank\" rel=\"noreferrer noopener\">https:\/\/tinyurl.com\/CISE-MESA2<\/a>, a las 8:00 horas ser\u00e1 la<br>inauguraci\u00f3n a cargo del rector de la m\u00e1xima casa de estudios, Salvador<br>Hern\u00e1ndez V\u00e9lez.<\/p>\n\n\n\n<p>Posteriormente, de 8:15 a 8:40 se presentar\u00e1 el libro \u201cNo es normal. El juego<br>oculto que alimenta la desigualdad mexicana y c\u00f3mo cambiarlo\u201d de la autora Viri<br>R\u00edos, profesora asistente de la Universidad de Harvard, la lectura se har\u00e1 por el<br>director del Instituto Municipal de Planeaci\u00f3n, Oscar Pimentel Gonz\u00e1lez.<\/p>\n\n\n\n<p>Mientras que, en Sala de Seminarios en el primer piso y a trav\u00e9s de Microsoft<br>Teams en la Mesa 1 link de acceso <a href=\"https:\/\/tinyurl.com\/CISE-MESA1\" target=\"_blank\" rel=\"noreferrer noopener\">https:\/\/tinyurl.com\/CISE-MESA1<\/a>, de 8:45 a<br>9:40 horas se presentar\u00e1 \u201cEl Poder de mercado y su relaci\u00f3n con el bienestar\u201d por<br>el estudiante de Maestr\u00eda en Econom\u00eda Regional, Diego Montemayor Samperio;<br>de 9:45 a 10:40 \u201cLas decisiones de los individuos en el mercado laboral: un<br>an\u00e1lisis emp\u00edrico desde la teor\u00eda del bienestar subjetivo\u201d a cargo del estudiante del<br>Doctorado en Econom\u00eda Regional, Jorge Heriberto Ch\u00e1vez Rosales.<\/p>\n\n\n\n<p>De 10:50 a 11:45 \u201cIngreso, alimentaci\u00f3n y salud en las familias mexicanas\u201d por la<br>estudiante del Doctorado en Econom\u00eda Regional, Gema Aid\u00e9 Herrera S\u00e1nchez; de<br>11:50 a 12:45 se presentar\u00e1 \u201cRelaci\u00f3n entre crecimiento, desigualdad y pobreza<br>en M\u00e9xico: An\u00e1lisis a trav\u00e9s de un modelo din\u00e1mico\u201d a cargo de la estudiante del<br>Doctorado en Econom\u00eda Regional, Darelys de la Caridad Bernal Iznaga.<\/p>\n\n\n\n<p>En la Mesa 2 Sal\u00f3n 1 segundo piso y por Microsoft Teams link de acceso<br>h<a href=\"\/\/tinyurl.com\/CISE-MESA2\" target=\"_blank\" rel=\"noreferrer noopener\">ttps:\/\/tinyurl.com\/CISE-MESA2<\/a>, de 8:45 a 9:40 se presentar\u00e1 \u201cImpacto de la<br>Reforma al Salario M\u00ednimo Sobre la Desigualdad Salarial en M\u00e9xico (2015-2021)\u201d,<br>por el estudiante de la Maestr\u00eda en Econom\u00eda Regional, Ren\u00e9 Molina Ledezma; de<br>9.45 a 10:40 \u201cDise\u00f1o de pol\u00edtica p\u00fablica para la garant\u00eda de la seguridad<br>alimentaria a la luz de los Desca en Coahuila\u201d, a cargo del estudiante de la<br>Facultad de Jurisprudencia, Aar\u00f3n Ronaldo de los Santos Serratos.<\/p>\n\n\n\n<p>Posteriormente, de 10:50 a 11:45 \u201cClima y energ\u00eda el\u00e9ctrica: riesgos y<br>oportunidades en M\u00e9xico y sus regiones\u201d, por la estudiante del Doctorado en<br>Econom\u00eda Regional, Ruth Azucena Bordallo Favela; de 11:50 a 12:45 \u201cBebidas y<br>tabaco en M\u00e9xico: econom\u00eda, salud y pol\u00edtica\u201d a cargo del estudiante de Doctorado<br>en Econom\u00eda Regional, Carlos Manuel Milan\u00e9s P\u00e9rez y a las 13:55 se presentar\u00e1<br>el libro \u201cEmpresarios de la industria semillera en M\u00e9xico Semillas Ceres y Semillas<br>Rica del autor Gilberto Aboites Manrique, la lectura estar\u00e1 a cargo de Gabriela<br>Soto Laveaga.<\/p>\n\n\n\n<p>Por otro lado, la Mesa 3 se llevar\u00e1 a cabo en el Sal\u00f3n 1 en el tercer piso y a trav\u00e9s<br>de Microsoft Teams link de acceso <a href=\"https:\/\/tinyurl.com\/CISE-MESA3\" target=\"_blank\" rel=\"noreferrer noopener\">https:\/\/tinyurl.com\/CISE-MESA3<\/a>, se presentar\u00e1<br>de 8:45 a 9:40 \u201cHip\u00f3tesis de Porter: Un an\u00e1lisis entre pa\u00edses y el caso para<br>M\u00e9xico\u201d por el estudiante de Maestr\u00eda en Econom\u00eda Regional, Jos\u00e9 Eduardo<br>M\u00e1rquez Palacios; de 9:45 a 10:40 \u201cEnsayos sobre la globesidad a cargo del<br>estudiante de Doctorado en Econom\u00eda Regional, Rafael Lugo Alvarado.<\/p>\n\n\n\n<p>De 10:50 a 11:45 \u201cM\u00e9xico: matriz de generaci\u00f3n el\u00e9ctrica e impactos en los costos<br>de producci\u00f3n. Un an\u00e1lisis multirregional con modelos tipo SAM\u201d del estudiante de<br>Doctorado en econom\u00eda Regional, Reynier Rodr\u00edguez Socarr\u00e1s; de 11:50 a 12:45<br>\u201cM\u00e9xico: la bicicleta como medio de transporte. An\u00e1lisis econ\u00f3mico de un modelo<br>tipo SAM\u201d por la estudiante de la Maestr\u00eda en Econom\u00eda Regional, Yail\u00edn Jos\u00e9<br>Cuba y de 12:55 a 13:50 \u201cImpacto de los roles de g\u00e9nero en la participaci\u00f3n<br>laboral de las mujeres: Una comparaci\u00f3n internacional, 2012\u201d de la estudiante de<br>la Maestr\u00eda en Econom\u00eda Regional, Sulma Yines Landazuri Cabezas.<\/p>\n\n\n\n<p>Para m\u00e1s informaci\u00f3n consultar el programa en la p\u00e1gina<br><a href=\"https:\/\/www.cise.uadec.mx\/\" target=\"_blank\" rel=\"noreferrer noopener\">https:\/\/www.cise.uadec.mx\/<\/a>, ingresar directamente en el siguiente enlace<br><a href=\"https:\/\/www.cise.uadec.mx\/COLERMAR2022\/programa.pdf\" target=\"_blank\" rel=\"noreferrer noopener\">https:\/\/www.cise.uadec.mx\/COLERMAR2022\/programa.pdf<\/a> o bien llamar a los<br>tel\u00e9fonos (844) 412 90 29 y (844) 412 11 13.<\/p>\n","protected":false},"excerpt":{"rendered":"<p>SALTILLO, Coahuila. 16 de marzo de 2022.- El Centro de InvestigacionesSocioecon\u00f3micas de la Universidad Aut\u00f3noma de Coahuila invita al Coloquio deEconom\u00eda Regional 2022, el cual se llevar\u00e1 a cabo el 18 de marzo en el Edificio\u201cS\u201d en Unidad Camporredondo y de manera virtual a trav\u00e9s de Microsoft Teams. Las actividades iniciar\u00e1n en el Sal\u00f3n 1 en el segundo piso y por Microsoft Teamsen el acceso https:\/\/tinyurl.com\/CISE-MESA2, a las 8:00 horas&#8230;<\/p>\n","protected":false},"author":1,"featured_media":7689,"comment_status":"closed","ping_status":"closed","sticky":false,"template":"","format":"standard","meta":{"footnotes":""},"categories":[2],"tags":[],"class_list":["post-7688","post","type-post","status-publish","format-standard","has-post-thumbnail","hentry","category-uadec","wpcat-2-id"],"_links":{"self":[{"href":"https:\/\/www.aquilaguna.com\/index.php\/wp-json\/wp\/v2\/posts\/7688","targetHints":{"allow":["GET"]}}],"collection":[{"href":"https:\/\/www.aquilaguna.com\/index.php\/wp-json\/wp\/v2\/posts"}],"about":[{"href":"https:\/\/www.aquilaguna.com\/index.php\/wp-json\/wp\/v2\/types\/post"}],"author":[{"embeddable":true,"href":"https:\/\/www.aquilaguna.com\/index.php\/wp-json\/wp\/v2\/users\/1"}],"replies":[{"embeddable":true,"href":"https:\/\/www.aquilaguna.com\/index.php\/wp-json\/wp\/v2\/comments?post=7688"}],"version-history":[{"count":1,"href":"https:\/\/www.aquilaguna.com\/index.php\/wp-json\/wp\/v2\/posts\/7688\/revisions"}],"predecessor-version":[{"id":7690,"href":"https:\/\/www.aquilaguna.com\/index.php\/wp-json\/wp\/v2\/posts\/7688\/revisions\/7690"}],"wp:featuredmedia":[{"embeddable":true,"href":"https:\/\/www.aquilaguna.com\/index.php\/wp-json\/wp\/v2\/media\/7689"}],"wp:attachment":[{"href":"https:\/\/www.aquilaguna.com\/index.php\/wp-json\/wp\/v2\/media?parent=7688"}],"wp:term":[{"taxonomy":"category","embeddable":true,"href":"https:\/\/www.aquilaguna.com\/index.php\/wp-json\/wp\/v2\/categories?post=7688"},{"taxonomy":"post_tag","embeddable":true,"href":"https:\/\/www.aquilaguna.com\/index.php\/wp-json\/wp\/v2\/tags?post=7688"}],"curies":[{"name":"wp","href":"https:\/\/api.w.org\/{rel}","templated":true}]}}