{"id":775,"date":"2021-03-08T16:38:36","date_gmt":"2021-03-08T22:38:36","guid":{"rendered":"https:\/\/www.aquilaguna.com\/?p=775"},"modified":"2021-03-08T16:38:37","modified_gmt":"2021-03-08T22:38:37","slug":"realiza-delegado-especial-de-la-seccion-5-gira-de-trabajo-por-coahuila","status":"publish","type":"post","link":"https:\/\/www.aquilaguna.com\/index.php\/2021\/03\/08\/realiza-delegado-especial-de-la-seccion-5-gira-de-trabajo-por-coahuila\/","title":{"rendered":"Realiza Delegado Especial de la Secci\u00f3n 5, gira de trabajo por Coahuila."},"content":{"rendered":"\n<p>Rafael Gonz\u00e1lez Sabido, dijo que, con el objetivo de tener un acercamiento con la estructura de la secci\u00f3n 5, realiz\u00f3 una gira de trabajo por el estado.<\/p>\n\n\n\n<p><br>El delegado especial, se reuni\u00f3n con algunos integrantes del Comit\u00e9 Ejecutivo Seccional, para dar continuidad a la agenda seccional, tambi\u00e9n escuch\u00f3 los planteamientos de las y los coordinadores regionales, de las y los Secretarios Generales y Representantes de Centro de Trabajo, quienes expusieron diversas situaciones que aquejan a sus Delegaciones.<\/p>\n\n\n\n<p><br>En dichas reuniones se abordaron los temas relacionados con los compa\u00f1eros jubilados y pensionados (UMAS y Salarios m\u00ednimos), situaciones que tienen que ver con la atenci\u00f3n del ISSSTE, el protocolo de salud, las promociones Vertical y Horizontal para docentes, adem\u00e1s<br>de la basificaci\u00f3n y regularizaci\u00f3n de claves para dar certeza laboral.<\/p>\n\n\n\n<p><br>El dirigente magisterial, hizo entrega a las regiones 4, 5,7, 6, 8 y 3 las solicitudes de lentes y pr\u00f3tesis para las y los compa\u00f1eros docentes, as\u00ed como para las y los trabajadores administrativos, a ellos adem\u00e1s se le hizo llegar las solicitudes de apoyo para elaboraci\u00f3n de tesis y maternidad, programa que lleva a cabo la Secretaria de Promociones Econ\u00f3micas.<\/p>\n\n\n\n<p><br>Gonz\u00e1lez Sabido, en la regi\u00f3n 4, se\u00f1al\u00f3 que gracias a las gestiones y a la suma de esfuerzos por parte de quienes hicieron posible la donaci\u00f3n de aparatos electr\u00f3nicos, se entregaron 18 televisores an\u00e1logos e igual n\u00famero de decodificadores del Programa: \u201cQu\u00e9date en casa, pero qu\u00e9date en clase\u201d, dicho programa impulsado por el maestro Alfonso Cepedas Salas,<br>Secretario General del SNTE.<\/p>\n\n\n\n<p><br>El l\u00edder sindical, manifest\u00f3 su respaldo a las y los compa\u00f1eros jubilados de la Regi\u00f3n 4 des\u00e9rtica, en el proyecto de construcci\u00f3n de una sede propia; se realiz\u00f3 un recorrido por las instalaciones, de igual forma en la regi\u00f3n 3 realiz\u00f3 un recorrido por el sal\u00f3n, las instalaciones del edificio de pensionados y jubilados, el Centro Recreativo de Monclova donde se pudo constatar la gran capacidad de gesti\u00f3n de las y los trabajadores de la<br>educaci\u00f3n.<\/p>\n","protected":false},"excerpt":{"rendered":"<p>Rafael Gonz\u00e1lez Sabido, dijo que, con el objetivo de tener un acercamiento con la estructura de la secci\u00f3n 5, realiz\u00f3 una gira de trabajo por el estado. El delegado especial, se reuni\u00f3n con algunos integrantes del Comit\u00e9 Ejecutivo Seccional, para dar continuidad a la agenda seccional, tambi\u00e9n escuch\u00f3 los planteamientos de las y los coordinadores regionales, de las y los Secretarios Generales y Representantes de Centro de Trabajo, quienes expusieron&#8230;<\/p>\n","protected":false},"author":1,"featured_media":776,"comment_status":"closed","ping_status":"closed","sticky":false,"template":"","format":"standard","meta":{"footnotes":""},"categories":[5,23],"tags":[],"class_list":["post-775","post","type-post","status-publish","format-standard","has-post-thumbnail","hentry","category-coahuila","category-snte","wpcat-5-id","wpcat-23-id"],"_links":{"self":[{"href":"https:\/\/www.aquilaguna.com\/index.php\/wp-json\/wp\/v2\/posts\/775","targetHints":{"allow":["GET"]}}],"collection":[{"href":"https:\/\/www.aquilaguna.com\/index.php\/wp-json\/wp\/v2\/posts"}],"about":[{"href":"https:\/\/www.aquilaguna.com\/index.php\/wp-json\/wp\/v2\/types\/post"}],"author":[{"embeddable":true,"href":"https:\/\/www.aquilaguna.com\/index.php\/wp-json\/wp\/v2\/users\/1"}],"replies":[{"embeddable":true,"href":"https:\/\/www.aquilaguna.com\/index.php\/wp-json\/wp\/v2\/comments?post=775"}],"version-history":[{"count":1,"href":"https:\/\/www.aquilaguna.com\/index.php\/wp-json\/wp\/v2\/posts\/775\/revisions"}],"predecessor-version":[{"id":777,"href":"https:\/\/www.aquilaguna.com\/index.php\/wp-json\/wp\/v2\/posts\/775\/revisions\/777"}],"wp:featuredmedia":[{"embeddable":true,"href":"https:\/\/www.aquilaguna.com\/index.php\/wp-json\/wp\/v2\/media\/776"}],"wp:attachment":[{"href":"https:\/\/www.aquilaguna.com\/index.php\/wp-json\/wp\/v2\/media?parent=775"}],"wp:term":[{"taxonomy":"category","embeddable":true,"href":"https:\/\/www.aquilaguna.com\/index.php\/wp-json\/wp\/v2\/categories?post=775"},{"taxonomy":"post_tag","embeddable":true,"href":"https:\/\/www.aquilaguna.com\/index.php\/wp-json\/wp\/v2\/tags?post=775"}],"curies":[{"name":"wp","href":"https:\/\/api.w.org\/{rel}","templated":true}]}}