{"id":7794,"date":"2022-03-22T19:27:17","date_gmt":"2022-03-23T01:27:17","guid":{"rendered":"https:\/\/www.aquilaguna.com\/?p=7794"},"modified":"2022-03-22T19:27:17","modified_gmt":"2022-03-23T01:27:17","slug":"nuevo-aeropuerto-aifa-no-saca-de-ningun-apuro-a-coahuila-afirma-gobernador","status":"publish","type":"post","link":"https:\/\/www.aquilaguna.com\/index.php\/2022\/03\/22\/nuevo-aeropuerto-aifa-no-saca-de-ningun-apuro-a-coahuila-afirma-gobernador\/","title":{"rendered":"Nuevo aeropuerto AIFA no saca de ning\u00fan apuro a Coahuila, afirma Gobernador."},"content":{"rendered":"\n<p>Torre\u00f3n, Coahuila.- &#8220;En\u00a0 relaci\u00f3n a Coahuila \u00a0el nuevo Aeropuerto Felipe Angeles\u00a0 no saca de apuro alguno a Coahuila&#8221;,  y a cuya inauguraci\u00f3n\u00a0 fue invitado\u00a0 en su calidad de Gobernador del Estado, pero a la cual no acudi\u00f3 pues destin\u00f3\u00a0 las horas del d\u00eda festivo a trabajar.<\/p>\n\n\n\n<p>La verdad, no s\u00e9, dijo luego al ser preguntado\u00a0 hoy en esta ciudad, sobre el tema, &#8220;pues el d\u00eda de ayer atend\u00ed\u00a0 reuniones de trabajo, ah\u00ed se considero d\u00eda inh\u00e1bil en algunas partes y la verdad es que yo trabaj\u00e9 normal&#8221;.<\/p>\n\n\n\n<p>En la parte privada, indic\u00f3, &#8220;estuve recibiendo a algunos Secretarios, tomando Acuerdos\u00a0 con algunas C\u00e1maras. Yo no fu\u00ed, lo v\u00ed en redes&#8221;.<\/p>\n\n\n\n<p>Pero, agreg\u00f3, &#8220;ay que esperar que tenga la capacidad\u00a0 para lo cual fue constru\u00eddo, la verdad es que ahorita, tenemos mas vuelos en el Ramos Arizpe \u00bfno?\u00a0Y bueno, qu\u00e9 decir de el de Torre\u00f3n. Tenemos mas vuelos en el de Torre\u00f3n. Habr\u00e1 que esperar a que est\u00e9 en su m\u00e1xima capacidad&#8221;.<\/p>\n\n\n\n<p>La realidad, afirm\u00f3, &#8220;es que no hay ni una\u00a0 expectativa siquiera para nosotros. Ning\u00fan vuelo cae ah\u00ed. En en el anterior Aeropuerto el cual ya tiene problemas incluso la llegada\u00a0 de vuelos ya se registra a distinta hora de la prometida o de la o hora-destino no se cumple y bueno, se espera o se esperaba que ese Aeropuerto pudiera\u00a0 desahogar el tr\u00e1fico a\u00e9reo que tiene el actual aeropuerto&#8221;.<\/p>\n\n\n\n<p>&#8220;Para nosotros, para Coahuila\u00a0 no es un\u00a0 gran expectativa. Ni tenemos vuelos como destino, no llega  ninguno de nuestros aeropuertos tiene\u00a0 vuelos ni tampoco se\u00a0 desahogan en el aeropuerto vuelos nuestros&#8221;.<\/p>\n\n\n\n<p>&#8220;Es decir, tenemos exactamente los mismos y la verdad&#8221;, reiter\u00f3 , &#8220;el Aeropuerto de Torre\u00f3n tiene mas capacidad que ese. Ahora, espero que mas pronto puedan tener ese aeropuerto la capacidad que se prometi\u00f3 con infraestructura a simple vista,\u00a0 la v\u00ed en redes sociales, en televisi\u00f3n. Se ve bien&#8221;.<\/p>\n\n\n\n<p>&#8220;Se ve que tiene buena tecnolog\u00eda, pero\u00a0 no ahorita, en este momento no saca de ning\u00fan apuro a ning\u00fan aeropuerto que tiene vuelos internacionales o que tiene conectividad con M\u00e9xico&#8221;.<\/p>\n\n\n\n<p>&#8220;Esperemos que pronto lo pueda tener&#8221;.<\/p>\n","protected":false},"excerpt":{"rendered":"<p>Torre\u00f3n, Coahuila.- &#8220;En\u00a0 relaci\u00f3n a Coahuila \u00a0el nuevo Aeropuerto Felipe Angeles\u00a0 no saca de apuro alguno a Coahuila&#8221;, y a cuya inauguraci\u00f3n\u00a0 fue invitado\u00a0 en su calidad de Gobernador del Estado, pero a la cual no acudi\u00f3 pues destin\u00f3\u00a0 las horas del d\u00eda festivo a trabajar. La verdad, no s\u00e9, dijo luego al ser preguntado\u00a0 hoy en esta ciudad, sobre el tema, &#8220;pues el d\u00eda de ayer atend\u00ed\u00a0 reuniones de&#8230;<\/p>\n","protected":false},"author":2,"featured_media":0,"comment_status":"closed","ping_status":"","sticky":false,"template":"","format":"standard","meta":{"footnotes":""},"categories":[5,15,31,68],"tags":[],"class_list":["post-7794","post","type-post","status-publish","format-standard","hentry","category-coahuila","category-gobierno-de-coahuila","category-gobierno-federal","category-transporte","wpcat-5-id","wpcat-15-id","wpcat-31-id","wpcat-68-id"],"_links":{"self":[{"href":"https:\/\/www.aquilaguna.com\/index.php\/wp-json\/wp\/v2\/posts\/7794","targetHints":{"allow":["GET"]}}],"collection":[{"href":"https:\/\/www.aquilaguna.com\/index.php\/wp-json\/wp\/v2\/posts"}],"about":[{"href":"https:\/\/www.aquilaguna.com\/index.php\/wp-json\/wp\/v2\/types\/post"}],"author":[{"embeddable":true,"href":"https:\/\/www.aquilaguna.com\/index.php\/wp-json\/wp\/v2\/users\/2"}],"replies":[{"embeddable":true,"href":"https:\/\/www.aquilaguna.com\/index.php\/wp-json\/wp\/v2\/comments?post=7794"}],"version-history":[{"count":1,"href":"https:\/\/www.aquilaguna.com\/index.php\/wp-json\/wp\/v2\/posts\/7794\/revisions"}],"predecessor-version":[{"id":7795,"href":"https:\/\/www.aquilaguna.com\/index.php\/wp-json\/wp\/v2\/posts\/7794\/revisions\/7795"}],"wp:attachment":[{"href":"https:\/\/www.aquilaguna.com\/index.php\/wp-json\/wp\/v2\/media?parent=7794"}],"wp:term":[{"taxonomy":"category","embeddable":true,"href":"https:\/\/www.aquilaguna.com\/index.php\/wp-json\/wp\/v2\/categories?post=7794"},{"taxonomy":"post_tag","embeddable":true,"href":"https:\/\/www.aquilaguna.com\/index.php\/wp-json\/wp\/v2\/tags?post=7794"}],"curies":[{"name":"wp","href":"https:\/\/api.w.org\/{rel}","templated":true}]}}