{"id":7829,"date":"2022-03-24T19:38:50","date_gmt":"2022-03-25T01:38:50","guid":{"rendered":"https:\/\/www.aquilaguna.com\/?p=7829"},"modified":"2022-03-24T19:38:50","modified_gmt":"2022-03-25T01:38:50","slug":"exempleados-municipales-ex-directores-de-area-y-hasta-ex-regidores-de-torreon-se-amparan-para-que-se-les-regresen-aportaciones-a-fondo-de-pensiones-municipal","status":"publish","type":"post","link":"https:\/\/www.aquilaguna.com\/index.php\/2022\/03\/24\/exempleados-municipales-ex-directores-de-area-y-hasta-ex-regidores-de-torreon-se-amparan-para-que-se-les-regresen-aportaciones-a-fondo-de-pensiones-municipal\/","title":{"rendered":"Exempleados municipales, ex Directores de \u00c1rea y hasta ex Regidores de Torre\u00f3n se amparan para que se les regresen aportaciones a fondo de pensiones municipal."},"content":{"rendered":"\n<p>Torre\u00f3n, Coahuila.- A 79, ascend\u00eda hasta hoy el n\u00famero de notificaciones recibidas en la Direcci\u00f3n de Pensiones\u00a0 y Beneficios Sociales para Trabajadores\u00a0 al Servicio del Municipio de Torre\u00f3n, solicitudes de Amparo\u00a0 de la justicia federal, por parte de\u00a0 ex empleados, ex funcionarios y hasta ex regidores y\u00a0 ex s\u00edndicos de la pasada administraci\u00f3n 2018-2021\u00a0 en contra del Congreso del Estado, del Gobierno de Coahuila y la Direcci\u00f3n de Pensiones, para que les sea regresado el 50% de las aportaciones que realizaran a este ultimo organismo, mas un 14% que\u00a0 otorg\u00f3 la parte patronal\u00a0 mismo que ya les reintegro\u00a0 el 50% que les corresponde conforme a la ley.<\/p>\n\n\n\n<p>La acci\u00f3n anterior, gener\u00f3 la reuni\u00f3n de\u00a0 miembros del Sindicato de Trabajadores al Servicio del Republicano Ayuntamiento de Torre\u00f3n encabezado por su Secretaria General Rosalba\u00a0 Rodr\u00edguez Tenorio,\u00a0 que acompa\u00f1a del\u00a0 Licenciado Carlos Alberto Rios Anguiano, dieron a conocer a la base sindical mencionada, los impactos que tendr\u00eda en su fondo laboral\u00a0 tal pretensi\u00f3n de\u00a0 ganar el Amparo apenas promovido\u00a0 por el grupo\u00a0 de\u00a0 demandantes, que si bien son hoy 79, se espera que tal cifra aumente, por lo menos &#8220;otros 300&#8221; seg\u00fan dieron a conocer en esta reuni\u00f3n.<\/p>\n\n\n\n<p>Una vez enterados los\u00a0 trabajadores\u00a0 miembros del sindicato mencionado, se acord\u00f3 apoyar todas las acciones de orden jur\u00eddico y pol\u00edticas que\u00a0 se hagan necesarias para impedir que la acci\u00f3n judicial\u00a0 iniciada por los ex empleados, funcionarios \u00a0 y ex representantes populares de extracci\u00f3n panista,\u00a0 la dirigencia sindical procedi\u00f3 a realizar una rueda de prensa para difundir ante la opini\u00f3n p\u00fablica,\u00a0 lo anterior y socializar entre esta las absurdas pretensiones\u00a0 demandadas \u00a0 dijeron de los\u00a0 demandantes, que,  &#8220;no se conformaron con lo que robaron a su paso por la administraci\u00f3n y quieren mas&#8221;.<\/p>\n\n\n\n<p>El monto entregado ya al grupo de los hoy ex trabajadores y funcionarios panistas, sum\u00f3\u00a0 por tal concepto 6 millones de pesos.\u00a0<\/p>\n\n\n\n<p>A partir del 2016, dijeron,\u00a0 &#8220;se hizo una reforma a la Ley de Pensiones, que establece en su articulo 70 de la Ley de Pensiones\u00a0 vigente en Coahuila el reembolso del 50 % de las aportaciones que hayan hecho\u00a0 durante el periodo de tiempo que \u00a0 fueron empleados o funcionarios del ayuntamiento, al\u00a0 retiro, o t\u00e9rmino de\u00a0 la administraci\u00f3n de la que formaron parte, esto sin pago de inter\u00e9s alguno. Y as\u00ed se hizo en\u00a0 esta ocasi\u00f3n&#8221;.\u00a0<\/p>\n\n\n\n<p>&#8220;Nosotros como trabajadores y  beneficiarios, no somos\u00a0 due\u00f1os de los recursos\u00a0 del otro 50% de tales aportaciones, sino que conforman el capital para el pago de trabajadores que se jubilen despu\u00e9s de\u00a0 30 a\u00f1os de trabajo, as\u00ed como sus viudas&#8221;.<\/p>\n\n\n\n<p>&#8220;A partir de la semana pasada llegaron las notificaciones en el que el grupo de\u00a0 ex trabajadores y funcionarios, exigen el pago de ese 50%, adem\u00e1s de pretender tambi\u00e9n el 14 % que aport\u00f3, por ley, el patr\u00f3n, para reforzar el fondo citado&#8221;, indicando que, &#8220;trabajadores con\u00a0 antig\u00fcedad mayor a cuatro a\u00f1os aportan el 7% de sus sueldos y\u00a0 los que tienen\u00a0 de cuatro a\u00f1os a la fecha\u00a0el 14%&#8221;, advirtiendo adem\u00e1s, que el grupo demandante, &#8220;est\u00e1 siendo azuzado por fuertes intereses&#8221;.\u00a0<\/p>\n\n\n\n<p>Temen los \u00a0 sindicalizados\u00a0 que estuvieron en esta reuni\u00f3n, que del n\u00famero de solicitudes de Amparo en marcha, de salir\u00a0 positivo\u00a0 a favor de alguno de los demandantes, esto\u00a0 crear\u00eda condiciones que pudieran hacer posible &#8220;un saqueo&#8221; al fondo pensionario, toda vez que los demandantes a su paso por la administraci\u00f3n municipal devengaron altos ingresos por concepto de sueldos, toda vez que son ex regidores,\u00a0 directores de alto nivel y alto ingreso.<\/p>\n\n\n\n<p>Adem\u00e1s, se puntualiz\u00f3\u00a0 en esta reuni\u00f3n, que dentro del grupo demandante, se encuentran personas que fueron miembros\u00a0 del Consejo de Administraci\u00f3n de la Direcci\u00f3n de Pensiones,\u00a0 lo que los hace temer\u00a0 que cuentan con las herramientas, la informaci\u00f3n\u00a0 necesaria para alcanzar sus prop\u00f3sitos.\u00a0<\/p>\n\n\n\n<p>&#8220;Vamos a tener problemas&#8221;, dijeron,\u00a0 confiando solo en que los Juicios de Amparo en marcha, van\u00a0 en contra del Congreso, del Gobierno del Estado y la Direcci\u00f3n de Pensiones, amalgama\u00a0 que tendr\u00e1 que hacerse\u00a0 para realizar una s\u00f3lida defensa\u00a0 del inter\u00e9s de los trabajadores en torno a su futuro .<\/p>\n\n\n\n<p>En esta misma reuni\u00f3n, se\u00a0 dio a conocer el listado de\u00a0 ex empleados, funcionarios y ex representantes populares, es decir, ex regidores\u00a0 de la administraci\u00f3n\u00a0 pasada a cargo del Licenciado Jorge Zerme\u00f1o Infante que solicitan tales Amparos.<\/p>\n\n\n\n<p>Figuran \u00a0 en tal listado; Salvador Ch\u00e1vez Robles, Luz Elena\u00a0 Rodriguez \u00a0 Gonz\u00e1lez, Gerardo Manuel de la Rosa D\u00edaz, Sandra Guadalupe Mijares -Sindica-, Magdaleno Armendariz V\u00e1squez, Claudia Judith Rodr\u00edguez Salazar, Eduardo H\u00e9ctor Gonz\u00e1lez Madero -regidor-, Estrella Alejandra Ibarguen Pay\u00e1n, Juan Martinez Moreno, Fernando Ren\u00e9 Ramirez Camacho, El\u00edas Ag\u00fcero D\u00edaz Duran -Director del Instituto Municipal de Cultura-, Mois\u00e9s Arce Daher,\u00a0 Mariano Gonz\u00e1lez Rodr\u00edguez, Fernando Cabral\u00a0 V\u00e1squez, Luis Alberto Mendoza Balderas, Eduardo Javier Enriquez S\u00e1enz Herrera -director\u00a0 de Servicos-, Xochitl Cabral\u00a0 Jim\u00e9nez, Gabriela\u00a0 de\u00a0 Anda Ceniceros, Ayde\u00e9 Ambriz Padilla, Mar\u00eda Luisa Ramirez Escobedo, V\u00edctor Hugo\u00a0 L\u00f3pez Romo, Esteban Soto Dur\u00e1n -regidor-, Elizabeth\u00a0 P\u00e9rez Alem\u00e1n -regidora-, Luis Manuel Acu\u00f1a Cepeda -Director de Salud-, Mario Roc\u00edo Mart\u00ednez, Jos\u00e9 Ignacio Garc\u00eda Castillo -primer regidor-, Adriana L\u00f3pez de la Cruz, Jos\u00e9 Luis Prado Rodr\u00edguez, Rogelio G\u00f3mez Gonz\u00e1lez, Germ\u00e1n\u00a0 Moreno Rodriguez, Rafael Garc\u00eda\u00a0 Rivas, Brasil Orlando Balenciaga\u00a0 Campos,\u00a0 Paola Guadalupe Alvarado N\u00e1jera, Diana Gabiela Camacho Estala, Nidia Lorena Aguilar Camacho, Luis Alberto Espinosa Ontiveros, Enesto Arcaute Reyes -aviador-, Arturo Leyva, Pedro Luis\u00a0 Bernal Espinosa -Ex director de tr\u00e1nsito-, Maria del Carmen Bustamante Cervantes, Eduardo Teele Abaroa, Marcela Marrero\u00a0 Sarquis, Diana\u00a0 Valeria Hernandez Mor\u00f3n, David Moreno S\u00e1enz, Juan Antonio\u00a0 Ch\u00e1vez Arellano, Roberta Isabel Flores Graha, Eduardo Natera\u00a0 Hern\u00e1ndez, Manuel Salazar Campos, H\u00e9ctor Almanza Aguilar, Carlos\u00a0 Menoni Miranda, Claudio Enrique Rios Triana, Antonio Almedia Torres, Jes\u00fas Ram\u00f3n\u00a0 Garc\u00eda Colores -Director jur\u00eddico-, Ram\u00f3n Esp\u00edndola Lira, Claudia Alvarez Hern\u00e1ndez, Javier Olea\u00a0 Carrillo, V\u00edctor Alfonso Gallegos, Santiago Jard\u00f3n\u00a0 Natera, Rogelio Salda\u00f1a Wolf, Jorge Alberto Torres Tejera y muchos mas.<\/p>\n","protected":false},"excerpt":{"rendered":"<p>Torre\u00f3n, Coahuila.- A 79, ascend\u00eda hasta hoy el n\u00famero de notificaciones recibidas en la Direcci\u00f3n de Pensiones\u00a0 y Beneficios Sociales para Trabajadores\u00a0 al Servicio del Municipio de Torre\u00f3n, solicitudes de Amparo\u00a0 de la justicia federal, por parte de\u00a0 ex empleados, ex funcionarios y hasta ex regidores y\u00a0 ex s\u00edndicos de la pasada administraci\u00f3n 2018-2021\u00a0 en contra del Congreso del Estado, del Gobierno de Coahuila y la Direcci\u00f3n de Pensiones, para&#8230;<\/p>\n","protected":false},"author":2,"featured_media":0,"comment_status":"closed","ping_status":"","sticky":false,"template":"","format":"standard","meta":{"footnotes":""},"categories":[5,28,17,7],"tags":[],"class_list":["post-7829","post","type-post","status-publish","format-standard","hentry","category-coahuila","category-la-laguna","category-pan","category-torreon","wpcat-5-id","wpcat-28-id","wpcat-17-id","wpcat-7-id"],"_links":{"self":[{"href":"https:\/\/www.aquilaguna.com\/index.php\/wp-json\/wp\/v2\/posts\/7829","targetHints":{"allow":["GET"]}}],"collection":[{"href":"https:\/\/www.aquilaguna.com\/index.php\/wp-json\/wp\/v2\/posts"}],"about":[{"href":"https:\/\/www.aquilaguna.com\/index.php\/wp-json\/wp\/v2\/types\/post"}],"author":[{"embeddable":true,"href":"https:\/\/www.aquilaguna.com\/index.php\/wp-json\/wp\/v2\/users\/2"}],"replies":[{"embeddable":true,"href":"https:\/\/www.aquilaguna.com\/index.php\/wp-json\/wp\/v2\/comments?post=7829"}],"version-history":[{"count":1,"href":"https:\/\/www.aquilaguna.com\/index.php\/wp-json\/wp\/v2\/posts\/7829\/revisions"}],"predecessor-version":[{"id":7830,"href":"https:\/\/www.aquilaguna.com\/index.php\/wp-json\/wp\/v2\/posts\/7829\/revisions\/7830"}],"wp:attachment":[{"href":"https:\/\/www.aquilaguna.com\/index.php\/wp-json\/wp\/v2\/media?parent=7829"}],"wp:term":[{"taxonomy":"category","embeddable":true,"href":"https:\/\/www.aquilaguna.com\/index.php\/wp-json\/wp\/v2\/categories?post=7829"},{"taxonomy":"post_tag","embeddable":true,"href":"https:\/\/www.aquilaguna.com\/index.php\/wp-json\/wp\/v2\/tags?post=7829"}],"curies":[{"name":"wp","href":"https:\/\/api.w.org\/{rel}","templated":true}]}}