{"id":7833,"date":"2022-03-25T18:18:23","date_gmt":"2022-03-26T00:18:23","guid":{"rendered":"https:\/\/www.aquilaguna.com\/?p=7833"},"modified":"2022-03-25T18:18:24","modified_gmt":"2022-03-26T00:18:24","slug":"simas-torreon-iniciara-reparacion-de-bomba-siniestrada-en-las-alamedas","status":"publish","type":"post","link":"https:\/\/www.aquilaguna.com\/index.php\/2022\/03\/25\/simas-torreon-iniciara-reparacion-de-bomba-siniestrada-en-las-alamedas\/","title":{"rendered":"SIMAS Torre\u00f3n iniciar\u00e1 reparaci\u00f3n de bomba siniestrada en Las Alamedas."},"content":{"rendered":"\n<p>Torre\u00f3n, Coahuila. A 25 de marzo de 2022.<\/p>\n\n\n\n<p>Luego de que ayer por la noche la bomba del SIMAS Torre\u00f3n ubicada en la<br>colonia Las Alamedas se incendiara, la Gerencia T\u00e9cnica de la paramunicipal<br>inform\u00f3 que este d\u00eda iniciar\u00e1 con los trabajos de reparaci\u00f3n, lo que implica cambio<br>de motor, cambio de una parte de la columna y revisi\u00f3n general.<\/p>\n\n\n\n<p>Las colonias que presentan baja presi\u00f3n son Alamedas, Jacarandas, Villa<br>Jacarandas y Ampliaci\u00f3n las Margaritas.<\/p>\n\n\n\n<p>Los trabajos de reparaci\u00f3n iniciar\u00e1n a las 10:00 horas, continuar\u00e1n durante el<br>transcurso del d\u00eda y se estima que se restablezca el servicio en su totalidad a m\u00e1s<br>tardar a las 18:00 horas en las colonias mencionadas.<\/p>\n\n\n\n<p>Cabe se\u00f1alar que, ante el reporte de los vecinos, el incendio fue controlado por el<br>cuerpo de bomberos en corto tiempo, por lo que no se reportan mayores<br>afectaciones.<\/p>\n\n\n\n<p>El SIMAS Torre\u00f3n pone a disposici\u00f3n de la ciudadan\u00eda el tel\u00e9fono del Call Center<br>871 690 95 95 para cualquier tipo de reporte relacionado con los servicios que<br>presta el organismo operador.<\/p>\n","protected":false},"excerpt":{"rendered":"<p>Torre\u00f3n, Coahuila. A 25 de marzo de 2022. Luego de que ayer por la noche la bomba del SIMAS Torre\u00f3n ubicada en lacolonia Las Alamedas se incendiara, la Gerencia T\u00e9cnica de la paramunicipalinform\u00f3 que este d\u00eda iniciar\u00e1 con los trabajos de reparaci\u00f3n, lo que implica cambiode motor, cambio de una parte de la columna y revisi\u00f3n general. Las colonias que presentan baja presi\u00f3n son Alamedas, Jacarandas, VillaJacarandas y Ampliaci\u00f3n las&#8230;<\/p>\n","protected":false},"author":1,"featured_media":0,"comment_status":"closed","ping_status":"closed","sticky":false,"template":"","format":"standard","meta":{"footnotes":""},"categories":[32,5,28,82,7],"tags":[],"class_list":["post-7833","post","type-post","status-publish","format-standard","hentry","category-agua","category-coahuila","category-la-laguna","category-simas","category-torreon","wpcat-32-id","wpcat-5-id","wpcat-28-id","wpcat-82-id","wpcat-7-id"],"_links":{"self":[{"href":"https:\/\/www.aquilaguna.com\/index.php\/wp-json\/wp\/v2\/posts\/7833","targetHints":{"allow":["GET"]}}],"collection":[{"href":"https:\/\/www.aquilaguna.com\/index.php\/wp-json\/wp\/v2\/posts"}],"about":[{"href":"https:\/\/www.aquilaguna.com\/index.php\/wp-json\/wp\/v2\/types\/post"}],"author":[{"embeddable":true,"href":"https:\/\/www.aquilaguna.com\/index.php\/wp-json\/wp\/v2\/users\/1"}],"replies":[{"embeddable":true,"href":"https:\/\/www.aquilaguna.com\/index.php\/wp-json\/wp\/v2\/comments?post=7833"}],"version-history":[{"count":1,"href":"https:\/\/www.aquilaguna.com\/index.php\/wp-json\/wp\/v2\/posts\/7833\/revisions"}],"predecessor-version":[{"id":7834,"href":"https:\/\/www.aquilaguna.com\/index.php\/wp-json\/wp\/v2\/posts\/7833\/revisions\/7834"}],"wp:attachment":[{"href":"https:\/\/www.aquilaguna.com\/index.php\/wp-json\/wp\/v2\/media?parent=7833"}],"wp:term":[{"taxonomy":"category","embeddable":true,"href":"https:\/\/www.aquilaguna.com\/index.php\/wp-json\/wp\/v2\/categories?post=7833"},{"taxonomy":"post_tag","embeddable":true,"href":"https:\/\/www.aquilaguna.com\/index.php\/wp-json\/wp\/v2\/tags?post=7833"}],"curies":[{"name":"wp","href":"https:\/\/api.w.org\/{rel}","templated":true}]}}