{"id":784,"date":"2021-03-08T16:53:18","date_gmt":"2021-03-08T22:53:18","guid":{"rendered":"https:\/\/www.aquilaguna.com\/?p=784"},"modified":"2021-03-08T16:53:18","modified_gmt":"2021-03-08T22:53:18","slug":"comparte-rector-de-la-uadec-su-experiencia-de-vida-en-el-ich-con-la-charla-de-ejidatario-a-rector","status":"publish","type":"post","link":"https:\/\/www.aquilaguna.com\/index.php\/2021\/03\/08\/comparte-rector-de-la-uadec-su-experiencia-de-vida-en-el-ich-con-la-charla-de-ejidatario-a-rector\/","title":{"rendered":"Comparte Rector de la UAdeC su Experiencia de Vida en el ICH con la Charla \u201cDe Ejidatario a Rector\u201d."},"content":{"rendered":"\n<p>SALTILLO, Coahuila; 8 de marzo de 2021. A trav\u00e9s del ciclo de conferencias denominadas \u201cTalks That Inspire Ideas que crean sue\u00f1os, sue\u00f1os que cambian vidas\u201d, el Instituto de Ciencias y Humanidades \u201cSalvador Gonz\u00e1lez Lobo\u201d de la Universidad Aut\u00f3noma de Coahuila, cerr\u00f3 su programa con la participaci\u00f3n del Rector de la m\u00e1xima casa de estudios, Salvador Hern\u00e1ndez V\u00e9lez.\u00a0<\/p>\n\n\n\n<p>El director del plantel Robertony Garc\u00eda dio la bienvenida al Rector y a los participantes que se conectaron a trav\u00e9s de&nbsp;<em>Microsoft Teams<\/em>, explicando que el ciclo se realiz\u00f3 para compartir con estudiantes y maestros las historias de vida, experiencias personales y profesionales de invitados destacados en distintos \u00e1mbitos de la comunidad.&nbsp;<\/p>\n\n\n\n<p>Con el tema \u201cDe Ejidatario a Rector\u201d, Salvador Hern\u00e1ndez V\u00e9lez comparti\u00f3 con estudiantes y docentes del ICH, su experiencia de vida, el aprendizaje acad\u00e9mico, lugares donde radic\u00f3, y los valores aprendidos en una ni\u00f1ez y adolescencia que vivi\u00f3 en condiciones precarias al formar parte de una familia de ejidatarios y obreros de la Laguna del estado de Coahuila.&nbsp;<\/p>\n\n\n\n<p>Para Salvador Hern\u00e1ndez V\u00e9lez, su mayor motor e inspiraci\u00f3n han sido sus padres, diariamente, coment\u00f3, que se encomienda a ellos como una manera de honrarlos, por el respeto que se merecen al ense\u00f1arlo que, a pesar de tener una vida con muchas necesidades, pudieron sortear condiciones dif\u00edciles al no contar con servicios b\u00e1sicos como luz, agua potable o drenaje, o el dinero para ir a la escuela, pero si con el esfuerzo de querer aprender, trabajar y sobre todo estudiar enfrentando los retos.&nbsp;&nbsp;<\/p>\n\n\n\n<p>Su mam\u00e1, Manuela V\u00e9lez Adriano, originaria de Viesca, Coahuila, su pap\u00e1 Jes\u00fas Hern\u00e1ndez Cuevas, de Miguel Auza Zacatecas, y ellos han sido clave fundamental para el desarrollo de Salvador Hern\u00e1ndez, ense\u00f1\u00e1ndole la disciplina, el trabajo, la solidaridad y la cultura del esfuerzo para nunca darse por vencido.&nbsp;<\/p>\n\n\n\n<p>Relata que \u00e9l es el mayor de siete hermanos y cuando era ni\u00f1o antes de ir a la escuela ten\u00eda labores del rancho, como ir a orde\u00f1ar chivas y en fin de semana a cuidarlas, viv\u00eda en un pueblo minero muy peque\u00f1o que se llama Acacio Durango en donde tambi\u00e9n fue danzante o matach\u00edn.&nbsp;<\/p>\n\n\n\n<p>Le gustaba jugar al beisbol, a las canicas y al trompo; adopt\u00f3 el gusto por la lectura gracias a su abuelo Enrique Hern\u00e1ndez Mart\u00ednez, quien todas las noches que cenaban en familia cuando regresaba de la mina, les contaba el libro que estaba leyendo y era muy interesante escucharlo como un excelente cuentacuentos.&nbsp;<\/p>\n\n\n\n<p>Luego al ingresar a la secundaria, cuenta que su mam\u00e1 fue quien decidi\u00f3 se trasladaran a Torre\u00f3n, para que \u00e9l y sus hermanos siguieran estudiando \u201cDo\u00f1a Manuela V\u00e9lez fue quien en contra de mis abuelos e incluso de mi padre, insistir\u00eda en trasladarnos a la ciudad para que todos estudi\u00e1ramos pues dec\u00eda que la \u00fanica manera de salir adelante era con el estudio, el esfuerzo y la tenacidad\u201d, afirm\u00f3 el Rector.&nbsp;<\/p>\n\n\n\n<p>Su gusto por las matem\u00e1ticas naci\u00f3 desde que estaba en la primaria por la formaci\u00f3n y acompa\u00f1amiento de su profesor Salvador Camacho Pe\u00f1a, de la inspiraci\u00f3n de su mam\u00e1 y la de un amigo de bachillerato Antonio Antol\u00edn Fonseca, quien todos los d\u00edas lo invitaban a su casa a estudiar y compartir el mundo de los libros en una vasta biblioteca con m\u00e1s de 10 mil ejemplares.&nbsp;&nbsp;<\/p>\n\n\n\n<p>Para Salvador Hern\u00e1ndez V\u00e9lez un d\u00eda perfecto es amanecer con salud, sentirse bien, tender su cama, tomar caf\u00e9 y desarrollar todas a las actividades profesionales y personales que previamente una noche anterior program\u00f3, porque afirma que a trav\u00e9s de la programaci\u00f3n neuroling\u00fc\u00edstica que sus padres le ense\u00f1aron, ha permitido trabajar y hacer todo lo planeados d\u00eda a d\u00eda.&nbsp;<\/p>\n\n\n\n<p>A la comunidad del ICH les comparti\u00f3 adem\u00e1s que estudi\u00f3 en el Instituto Tecnol\u00f3gico de la Laguna, que tiene una maestr\u00eda en Matem\u00e1tica Educativa, que ha escrito 15 libros y le\u00eddo 50 libros, que le gusta cocinar y practica el senderismo. El Rector agradeci\u00f3 el espacio para contar algunas cosas de su vida y dijo que, si lo invitan de nuevo, les impartir\u00e1 una conferencia sobre la importancia de las matem\u00e1ticas y lo divertidas que son.&nbsp;<\/p>\n","protected":false},"excerpt":{"rendered":"<p>SALTILLO, Coahuila; 8 de marzo de 2021. A trav\u00e9s del ciclo de conferencias denominadas \u201cTalks That Inspire Ideas que crean sue\u00f1os, sue\u00f1os que cambian vidas\u201d, el Instituto de Ciencias y Humanidades \u201cSalvador Gonz\u00e1lez Lobo\u201d de la Universidad Aut\u00f3noma de Coahuila, cerr\u00f3 su programa con la participaci\u00f3n del Rector de la m\u00e1xima casa de estudios, Salvador Hern\u00e1ndez V\u00e9lez.\u00a0 El director del plantel Robertony Garc\u00eda dio la bienvenida al Rector y a&#8230;<\/p>\n","protected":false},"author":1,"featured_media":785,"comment_status":"closed","ping_status":"closed","sticky":false,"template":"","format":"standard","meta":{"footnotes":""},"categories":[2],"tags":[],"class_list":["post-784","post","type-post","status-publish","format-standard","has-post-thumbnail","hentry","category-uadec","wpcat-2-id"],"_links":{"self":[{"href":"https:\/\/www.aquilaguna.com\/index.php\/wp-json\/wp\/v2\/posts\/784","targetHints":{"allow":["GET"]}}],"collection":[{"href":"https:\/\/www.aquilaguna.com\/index.php\/wp-json\/wp\/v2\/posts"}],"about":[{"href":"https:\/\/www.aquilaguna.com\/index.php\/wp-json\/wp\/v2\/types\/post"}],"author":[{"embeddable":true,"href":"https:\/\/www.aquilaguna.com\/index.php\/wp-json\/wp\/v2\/users\/1"}],"replies":[{"embeddable":true,"href":"https:\/\/www.aquilaguna.com\/index.php\/wp-json\/wp\/v2\/comments?post=784"}],"version-history":[{"count":1,"href":"https:\/\/www.aquilaguna.com\/index.php\/wp-json\/wp\/v2\/posts\/784\/revisions"}],"predecessor-version":[{"id":786,"href":"https:\/\/www.aquilaguna.com\/index.php\/wp-json\/wp\/v2\/posts\/784\/revisions\/786"}],"wp:featuredmedia":[{"embeddable":true,"href":"https:\/\/www.aquilaguna.com\/index.php\/wp-json\/wp\/v2\/media\/785"}],"wp:attachment":[{"href":"https:\/\/www.aquilaguna.com\/index.php\/wp-json\/wp\/v2\/media?parent=784"}],"wp:term":[{"taxonomy":"category","embeddable":true,"href":"https:\/\/www.aquilaguna.com\/index.php\/wp-json\/wp\/v2\/categories?post=784"},{"taxonomy":"post_tag","embeddable":true,"href":"https:\/\/www.aquilaguna.com\/index.php\/wp-json\/wp\/v2\/tags?post=784"}],"curies":[{"name":"wp","href":"https:\/\/api.w.org\/{rel}","templated":true}]}}