{"id":7861,"date":"2022-03-27T19:06:05","date_gmt":"2022-03-28T01:06:05","guid":{"rendered":"https:\/\/www.aquilaguna.com\/?p=7861"},"modified":"2022-03-27T19:06:05","modified_gmt":"2022-03-28T01:06:05","slug":"aqui-laguna-116","status":"publish","type":"post","link":"https:\/\/www.aquilaguna.com\/index.php\/2022\/03\/27\/aqui-laguna-116\/","title":{"rendered":"Aqu\u00ed Laguna."},"content":{"rendered":"\n<p>\u00a1Inexorable!\u00a0 Mas que\u00a0 implacable\u00a0 es\u00a0 la marcha del tiempo, para ser y dejar de ser, mas\u00a0 en el tiempo\u00a0 por el que cursan las vidas de de nuestra clase pol\u00edtica. De ah\u00ed que a medida que este corren, cada evento,\u00a0 cobra singulares contenidos. As\u00ed vimos que en esta ocasi\u00f3n, \u00a0 la hist\u00f3rica conmemoraci\u00f3n del Plan de Guadalupe, en el cual \u00a0Venustiano Carranza\u00a0 nuestro h\u00e9roe\u00a0 hist\u00f3rico estatal por autonomasia\u00a0 tuvo su\u00a0 momento\u00a0 que el mundo oficial\u00a0 le otorga a\u00f1o con a\u00f1o, pero que en esta ocasi\u00f3n, no en la sede del hist\u00f3rico lanzamiento del Plan que \u00a0 se opuso al usurpador Huerta no se celebr\u00f3 en la hist\u00f3rica\u00a0 hacienda\u00a0 que le diera nombre, sino en esta ocasi\u00f3n, en el Patio central del Palacio Rosa, en la mera capital de Coahuila y que se elimin\u00f3\u00a0 de tajo,\u00a0 sin mayor explicaci\u00f3n\u00a0 toda parafernalia, esa que se\u00a0 hab\u00eda venido desplegando de muchos a\u00f1os atr\u00e1s\u2026<\/p>\n\n\n\n<p>Y diremos que apenas\u00a0 el pasado viernes, el PRI en  la ciudad capital, tuviera \u00a0 lugar una concentraci\u00f3n\u00a0 del qui\u00e9n es qui\u00e9n en sus filas, para evocar \u00a0 el aniversario 93 de la creaci\u00f3n de este organismo partidista, y\u00a0 que en Coahuila, al menos as\u00ed lo demostr\u00f3 en la ultima elecci\u00f3n estatal\u00a0 continua hegem\u00f3nico\u00a0 y que contara con la presencia \u00a0 de su dirigente nacional Alito y el Gobernador\u00a0 Miguel\u00a0 Angel Riquelme Solis, as\u00ed como su dirigente estatal, ingeniero Rodrigo Fuentes Avila,\u00a0 reuni\u00f3n que sirvi\u00f3 adem\u00e1s de recordar\u00a0 al desparecido Luis Donaldo Colosio\u00a0 fue el marco que marca \u00a0 en\u00a0 el discurso, precisamente con lenguaje claro, preciso, de quien encabeza\u00a0 a los priistas en la entidad, que donde se\u00a0 percibe ya un proceso de sucesi\u00f3n en marcha \u00a0 palabras expresadas por el Gobernador Riquelme Solis\u00a0 que marcan, sin tapujo alguno consideraciones  e incluso anticipan acciones en torno a un movimiento de\u00a0 obvio orden pol\u00edtico\u00a0 promovido por el Presidente Andr\u00e9s Manuel L\u00f3pez Obrador, bajo el argumento de\u00a0 fomentar y practicar la democracia participativa, el ejercicio de la revocaci\u00f3n de mandato, \u00a0 en fecha fijada para el pr\u00f3ximo 10 de abril en el pa\u00eds. Tal ejercicio que califica el gobernante\u00a0 coahuilanse de &#8220;farsa&#8221; y le recuerda al ejecutivo federal, que\u00a0 tal cargo, no es en modo alguno &#8220;una investidura para complacer caprichos personales y caprichos en perjuicio del pueblo&#8221;, para conminar a\u00a0 los priistas a no acudir a urna alguna el d\u00eda fijado para\u00a0 tal consulta&#8230;<\/p>\n\n\n\n<p>En tanto\u00a0 y en\u00a0 algunas zonas del Estado, resulta que otro\u00a0 coahuilense mas, lagunero tambi\u00e9n, es decir\u00a0 el ahora ex militante del Partido Revolucionario institucional, ex diputado local por el mismo partido, ex funcionario\u00a0 publico encargado de las funciones de algo as\u00ed como un\u00a0 polic\u00eda chino, trasmutado en feroz\u00a0 morenista \u00a0 \u00a0 Ricardo Mej\u00eda Verdeja,\u00a0 Subsecretario de Seguridad Social por algunos d\u00edas, precisamente &#8220;para hacer campa\u00f1a&#8221; a favor de la controversial Consulta, pretende precisamente a lo contrario, es decir, a promover la participaci\u00f3n en tal acci\u00f3n costos\u00edsima para el erario publico y muy, pero muy cuestionable utilidad, mas all\u00e1 de las que genere este singular \u00a0 culto a la personalidad que ya se advierte, cual clima de\u00a0 incubaci\u00f3n de alg\u00fan huevo de serpiente que\u00a0 se geste\u00a0 en este pa\u00eds.<\/p>\n\n\n\n<p>Con Mej\u00eda\u00a0 Verdeja est\u00e1n acudiendo, los laguneros que no parecen haber alcanzado \u00a0 acomodo alguno y le llevan \u00a0 a vender las ilusiones de que puede competir por la candidatura de MORENA\u00a0 por el Gobierno de Coahuila. Diremos que &#8220;ya eran muchos y pari\u00f3 la abuela&#8221;&#8230;<\/p>\n\n\n\n<p>Por cierto, mas que desconcierto genera la versi\u00f3n de que la\u00a0 reciente renuncia que al cargo de primer titular de la Unidad de Inteligencia Financiera, que ocupara el lagunero, ex alcalde interino de Torre\u00f3n, ex secretario de seguridad p\u00fablica en Coahuila durante\u00a0 complicados tiempos  Licenciado\u00a0 Jorge\u00a0 Luis Mor\u00e1n\u00a0 ha decidido cambiar de aire\u00a0 dr\u00e1sticamente y se le asocia en los \u00faltimos d\u00edas, muy, pero muy cerca de las filas de MORENA \u00bfSer\u00e1 verdad?, pues\u00a0 esto, es\u00a0 de no creerse&#8230;<\/p>\n\n\n\n<p>Y en tanto, el diputado federal Jeric\u00f3 Abramo, se da sus vueltecitas a esta comarca, y ya trascendi\u00f3 que de la mano del empresario Carlos Delgado\u00a0 y visitar\u00a0 a algunos capitostes locales, que ya se sabe,\u00a0 estos le van a todos, hasta que pierden\u2026<\/p>\n\n\n\n<p>Y vaya\u00a0 tema, el que\u00a0 mueven y promueven, los\u00a0 miembros de la ex \u00e9lite de\u00a0 bur\u00f3cratas, que no dirigentes del Partido Acci\u00f3n Nacional\u00a0 que figuran como\u00a0 enlistados en las n\u00f3minas de la administraci\u00f3n\u00a0 que presidi\u00f3 el Licenciado Jorge Zerme\u00f1o Infante, promoviendo \u00a0 un Amparo de la Justicia de la Uni\u00f3n, como se dice, en contra de la Ley Estatal de Pensiones, del Congreso y del propio Gobierno de Coahuila, para que se les regrese, el fondo o afore municipal\u00a0 retenido por ley, de los descuentos que por concepto de fondo pensionario les fuera descontado\u00a0a lo largo de los \u00faltimos\u00a0 cuatro a\u00f1os, y que\u00a0 con\u00a0 79 de estos demandantes ascendi\u00f3 a seis millones de pesos, pero quieren otro tanto \u00a0 al que se deber\u00e1 de agregar el 14 % que entreg\u00f3\u00a0 el municipio para fortalecer\u00a0 el fondo\u00a0 pensionario.<\/p>\n\n\n\n<p>En esta lista, hay de todo, de chile y de manteca, desde miembros del Cabildo\u00a0 encabezados por el que fuera su\u00a0 primer Regidor Ignacio Garc\u00eda Castillo, el ex dirigente panista que en pleno proceso electoral chaqueteo, para ponerse a la orden del entonces candidato de MORENA, Luis Fernando Salazar,\u00a0 hasta\u00a0 directores, como el de Servicios Municipales Eduardo Sa\u00e9nz\u00a0 Herrera mas los que sigan, pues esperan demandas de este orden, incluso\u00a0 la del hoy detenido ex titular de Servicios Administrativos Jes\u00fas Antonio Loera L\u00f3pez\u00a0 y hasta por 300 miembros\u00a0 mas de la administraci\u00f3n\u00a0 de Jorge Zerme\u00f1o\u00a0 Infante,\u00a0 con lo que tal grupo &#8220;muestra el cobre&#8221;,\u00a0 que de lograrlo,\u00a0 colapsar\u00edan tal instituci\u00f3n, afectando el inter\u00e9s y los derechos de empleados y trabajadores que tiene en servicio\u00a0 algunos, por mas de 30 a\u00f1os&#8230;<\/p>\n\n\n\n<p>Las limitaciones que\u00a0 imponen las conocidas \u00a0 restricciones que el gobierno federal impone a las Universidades Publicas del pa\u00eds, entre ellas \u00a0 la de Coahuila,\u00a0 no son de modo alguno, obst\u00e1culo para que la M\u00e1xima Casa de Estudios de Coahuila\u00a0 sigan ofreciendo a la sociedad y sus j\u00f3venes, \u00a0 una cada\u00a0 vez mas amplia y sostenida oferta educativa. Ya vemos\u00a0 esta semana, que desde la Unidad Torre\u00f3n \u00a0 a cargo de la Doctora en Ciencias, Sandra L\u00f3pez Chavarr\u00eda se de a conocer, que a partir del pr\u00f3ximo ciclo escolar,\u00a0 y teniendo como sede las instalaciones de la Facultad de Contadur\u00eda y Administraci\u00f3n, se estar\u00e1 ofreciendo a los j\u00f3venes que inician sus estudios superiores, el poder cursar una nueva carrera, esto es,\u00a0 la que correspondiente\u00a0 a\u00a0 la Licenciatura de\u00a0 Empresas Gastron\u00f3micas y Tur\u00edsticas,\u00a0 \u00a0 a realizar\u00a0 en ocho semestres.<\/p>\n\n\n\n<p>La Coordinaci\u00f3n\u00a0 inicial de este nuevo esfuerzo que se echa a cuestas,\u00a0 el Rector Salvador Hern\u00e1ndez V\u00e9lez,\u00a0 estar\u00e1 a cargo de Yolanda Elizabeth\u00a0 de la Tejera. En principio \u00a0 se estar\u00e1n recibiendo a\u00a0 50 alumnos. Con esta decisi\u00f3n, la UAdeC, en Torre\u00f3n, establece relaci\u00f3n de participaci\u00f3n y\u00a0 competencia, con otras universidades\u00a0 de orden privado y con ello,\u00a0 estar\u00e1\u00a0 construyendo nuevos caminos para profesionales \u00a0 sobre tem\u00e1ticas \u00a0 especificas \u00a0 que demanda \u00a0 el crecimiento y desarrollo de esta comunidad, destinados a ofrecer servicios\u00a0 en\u00a0 hoteles, restaurantes,\u00a0 coordinaci\u00f3n de eventos,\u00a0 funcionarios, directivos\u00a0 en la Secretar\u00eda de Turismo, etc., etc&#8230;<\/p>\n\n\n\n<p>Y en este campo, diremos que\u00a0 el se\u00f1or Guillermo Mart\u00ednez Avila,\u00a0 la semana que\u00a0 termina, tom\u00f3 posesi\u00f3n de la presidencia de la CANIRAC en la Laguna, por tercera ocasi\u00f3n de manera consecutiva, gracias al apoyo y reconocimiento que su trabajo al frente de esta organizaci\u00f3n empresarial ha obtenido en estos dif\u00edciles tiempos. FelIcidades&#8230;<\/p>\n\n\n\n<p>Y en tanto amaina el nivel de contagios en el mundo, en el Estado\u00a0 y obvio en la Laguna, se puede afirmar que con todo y ello, las\u00a0 medidas de prevenci\u00f3n y cuidado siguen vigentes, hasta alcanzar que esta pandemia sea ya\u00a0 solo recuerdo ingrato. Y se logre cero contagios, cero decesos.<\/p>\n","protected":false},"excerpt":{"rendered":"<p>\u00a1Inexorable!\u00a0 Mas que\u00a0 implacable\u00a0 es\u00a0 la marcha del tiempo, para ser y dejar de ser, mas\u00a0 en el tiempo\u00a0 por el que cursan las vidas de de nuestra clase pol\u00edtica. De ah\u00ed que a medida que este corren, cada evento,\u00a0 cobra singulares contenidos. As\u00ed vimos que en esta ocasi\u00f3n, \u00a0 la hist\u00f3rica conmemoraci\u00f3n del Plan de Guadalupe, en el cual \u00a0Venustiano Carranza\u00a0 nuestro h\u00e9roe\u00a0 hist\u00f3rico estatal por autonomasia\u00a0 tuvo su\u00a0&#8230;<\/p>\n","protected":false},"author":2,"featured_media":0,"comment_status":"closed","ping_status":"","sticky":false,"template":"","format":"standard","meta":{"footnotes":""},"categories":[8],"tags":[],"class_list":["post-7861","post","type-post","status-publish","format-standard","hentry","category-aqui-laguna","wpcat-8-id"],"_links":{"self":[{"href":"https:\/\/www.aquilaguna.com\/index.php\/wp-json\/wp\/v2\/posts\/7861","targetHints":{"allow":["GET"]}}],"collection":[{"href":"https:\/\/www.aquilaguna.com\/index.php\/wp-json\/wp\/v2\/posts"}],"about":[{"href":"https:\/\/www.aquilaguna.com\/index.php\/wp-json\/wp\/v2\/types\/post"}],"author":[{"embeddable":true,"href":"https:\/\/www.aquilaguna.com\/index.php\/wp-json\/wp\/v2\/users\/2"}],"replies":[{"embeddable":true,"href":"https:\/\/www.aquilaguna.com\/index.php\/wp-json\/wp\/v2\/comments?post=7861"}],"version-history":[{"count":1,"href":"https:\/\/www.aquilaguna.com\/index.php\/wp-json\/wp\/v2\/posts\/7861\/revisions"}],"predecessor-version":[{"id":7862,"href":"https:\/\/www.aquilaguna.com\/index.php\/wp-json\/wp\/v2\/posts\/7861\/revisions\/7862"}],"wp:attachment":[{"href":"https:\/\/www.aquilaguna.com\/index.php\/wp-json\/wp\/v2\/media?parent=7861"}],"wp:term":[{"taxonomy":"category","embeddable":true,"href":"https:\/\/www.aquilaguna.com\/index.php\/wp-json\/wp\/v2\/categories?post=7861"},{"taxonomy":"post_tag","embeddable":true,"href":"https:\/\/www.aquilaguna.com\/index.php\/wp-json\/wp\/v2\/tags?post=7861"}],"curies":[{"name":"wp","href":"https:\/\/api.w.org\/{rel}","templated":true}]}}