{"id":7951,"date":"2022-04-01T18:31:11","date_gmt":"2022-04-02T00:31:11","guid":{"rendered":"https:\/\/www.aquilaguna.com\/?p=7951"},"modified":"2022-04-01T18:31:11","modified_gmt":"2022-04-02T00:31:11","slug":"conalep-es-formador-de-la-mano-de-obra-calificada-del-futuro-mars","status":"publish","type":"post","link":"https:\/\/www.aquilaguna.com\/index.php\/2022\/04\/01\/conalep-es-formador-de-la-mano-de-obra-calificada-del-futuro-mars\/","title":{"rendered":"CONALEP ES FORMADOR DE LA MANO DE OBRA CALIFICADA DEL FUTURO: MARS."},"content":{"rendered":"\n<p>\u00b7\u00a0\u00a0\u00a0\u00a0\u00a0\u00a0<strong><em>Supervisa techumbre del plantel CONALEP II, en Saltillo<\/em><\/strong><\/p>\n\n\n\n<p>Satillo, Coahuila de Zaragoza; a 1 de Abril de 2022.- El Colegio Nacional de Educaci\u00f3n Profesional T\u00e9cnica (CONALEP) es nuestro orgullo y formador de la mano de obra calificada futura de Coahuila, dijo el gobernador Miguel Riquelme Sol\u00eds al supervisar la techumbre del plantel CONALEP II, en el Fraccionamiento Hidalgo, en esta ciudad.<\/p>\n\n\n\n<p>Ante el Director General de la instituci\u00f3n, Enrique Ku Herrera, y el Alcalde de Saltillo, Jos\u00e9 Mar\u00eda Fraustro Siller, el Mandatario estatal reiter\u00f3 su solidaridad con la instituci\u00f3n que forma parte del Subsistema Educativo que es parte \u201cesencial de nuestro desarrollo econ\u00f3mico\u201d.<\/p>\n\n\n\n<p>Se\u00f1al\u00f3 que actualmente Coahuila destaca a nivel nacional en todos los indicadores porque privilegia el trabajo en equipo, la unidad: \u201cPorque conformamos un c\u00edrculo virtuoso, empresarios, sociedad, Gobierno y sector educativo\u201d.<\/p>\n\n\n\n<p>\u201cLo anterior llev\u00f3 al nacimiento de la Educaci\u00f3n Dual, factor decisivo para la generaci\u00f3n de mano de obra calificada\u201d, y destac\u00f3 que la aplicaci\u00f3n de la Tecnolog\u00eda 4.0 apunta hacia el futuro de la industria.<\/p>\n\n\n\n<p>Riquelme Sol\u00eds mencion\u00f3 que hoy Coahuila tiene muchas oportunidades con la formaci\u00f3n de nuevos Cl\u00fasters, que implican importantes retos para el Estado en el sector educativo, como estar siempre vinculado a la Iniciativa Privada y a la innovaci\u00f3n: \u201c\u00c9sta tambi\u00e9n como parte primordial para avanzar hacia la generaci\u00f3n de mano de obra calificada, indispensable para quienes observan en Coahuila la gran oportunidad de invertir y de generar empleos y bien remunerados\u201d.<\/p>\n\n\n\n<p>Ante servidores p\u00fablicos estatales y municipales; legisladores locales; docentes; alumnos; padres de familia y de altos directivos de las empresas General Motors y de John Deer de Ramos Arizpe, adem\u00e1s de representantes del sector privado, record\u00f3 que Coahuila destaca actualmente por la generaci\u00f3n de empleos en todas sus regiones.<\/p>\n\n\n\n<p>Sostuvo que anta\u00f1o, las y los j\u00f3venes bien preparados profesionalmente emigraban a otros puntos por falta de empleo, pero que hoy la situaci\u00f3n es distinta: \u201cAhora \u2018arrebatamos\u2019 la mano de obra. Aqu\u00ed en la Regi\u00f3n Sureste toda la que egresa (de sus instituciones educativas) es inmediatamente empleada, lo que se reflejan en los indicadores que ubican a Coahuila en los primeros lugares de competitividad, de desarrollo econ\u00f3mico y de Inversi\u00f3n Extranjera Directa\u201d.<\/p>\n\n\n\n<p>En ese sentido, el gobernador Miguel Riquelme refiri\u00f3 que actualmente todos los indicadores son positivos: \u201cEstamos pasando por muy buen momento, ya que a\u00fan con la pandemia sali\u00f3 adelante, recuper\u00f3 todo su empleo y ya tiene super\u00e1vit.<\/p>\n\n\n\n<p>Coahuila sigue creciendo\u201d, dijo.<\/p>\n\n\n\n<p>Resalt\u00f3 que el CONALEP es parte de ello, al tiempo que reiter\u00f3 su convicci\u00f3n de hacer equipo con el Gobierno Federal y con la Direcci\u00f3n General del Colegio para enfrentar los retos futuros que demandan las nuevas tecnolog\u00edas.<\/p>\n\n\n\n<p>Luego, indic\u00f3 que dotar de nueva infraestructura a planteles de la entidad es parte de su plan de trabajo, del apoyo a la educaci\u00f3n, pero lo mejor que tiene Coahuila son sus maestros, maestras y alumnos.<\/p>\n\n\n\n<p>Por otra parte, Miguel Riquelme expres\u00f3 que los retos que representa la fabricaci\u00f3n de autom\u00f3viles el\u00e9ctricos en la industria automotriz, los enfrentar\u00e1 Coahuila muy pronto.<\/p>\n\n\n\n<p>\u201cTenemos que estar preparados, estar listos y direccionar nuestras careras, y sobre todo capacitar a nuestro personal y estar a la vanguardia precisamente con la Educaci\u00f3n Dual y las pr\u00e1cticas profesionales que se brindan en las empresas de la entidad\u201d, agreg\u00f3.<\/p>\n\n\n\n<p>Esto dar\u00e1 la capacidad de tener a los mejores hombres y mujeres dentro del sector laboral, donde, por lo dem\u00e1s, destaca la formalidad que tiene Coahuila en este rubro.<\/p>\n\n\n\n<p>\u201cY que nos ha dado mucha puntuaci\u00f3n en los indicadores de desarrollo econ\u00f3mico. Llevamos m\u00e1s de 30 a\u00f1os sin una sola huelga, lo que refleja que empleadores y la parte laboral siempre est\u00e1n en el mismo canal: mejorar nuestra competitividad y el desarrollo econ\u00f3mico logrando siempre acuerdos\u201d, indic\u00f3.<\/p>\n\n\n\n<p><strong>SEGURIDAD Y CERTIDUMBRE<\/strong><\/p>\n\n\n\n<p>Mientras que el Alcalde de Saltillo, Jos\u00e9 Mar\u00eda Fraustro Siller, destac\u00f3 que el desarrollo econ\u00f3mico que tiene la entidad, en particular la Regi\u00f3n Sureste, se fundamenta en la seguridad, tranquilidad laboral y la certidumbre para alentar la llegada de m\u00e1s empresas e industrias con la generaci\u00f3n de nuevos empleos.<\/p>\n\n\n\n<p>Adem\u00e1s, expres\u00f3 que el m\u00e9todo de Educaci\u00f3n Dual que se lleva a cabo con el sector productivo, sobre todo en el CONALEP, es de gran \u00e9xito para la formaci\u00f3n de mano de obra altamente calificada.<\/p>\n\n\n\n<p>Luego, el representante del CONALEP en Coahuila, Alfio Vega de la Pe\u00f1a, comparti\u00f3 los datos t\u00e9cnicos de la techumbre met\u00e1lica colocada en el patio central del plantel, y record\u00f3 que en los tres a\u00f1os se ha dotado a las nueve instituciones que tiene el Colegio en la entidad del mismo beneficio.<\/p>\n\n\n\n<p>Por su parte, el Director Nacional del CONALEP, Enrique Ku Herrera, a\u00f1adi\u00f3 que Coahuila destaca en M\u00e9xico por sus altos indicadores en diversos rubros, y reconoci\u00f3 el respaldo del gobernador Miguel Riquelme a la instituci\u00f3n, quien es uno de los mejores mandatarios estatales del Pa\u00eds.<\/p>\n\n\n\n<p><strong>RECONOCIMIENTOS<\/strong><\/p>\n\n\n\n<p>Despu\u00e9s de que la joven Yuvisela Rodr\u00edguez Medina agradeci\u00f3 la construcci\u00f3n de la techumbre en ese plantel, el Gobernador de Coahuila entreg\u00f3 reconocimientos a los alumnos destacados de la instituci\u00f3n: Arnulfo de la Rosa Mata y Mixli Muriel Flores Cortez, del VI Semestre de Inform\u00e1tica.<\/p>\n","protected":false},"excerpt":{"rendered":"<p>\u00b7\u00a0\u00a0\u00a0\u00a0\u00a0\u00a0Supervisa techumbre del plantel CONALEP II, en Saltillo Satillo, Coahuila de Zaragoza; a 1 de Abril de 2022.- El Colegio Nacional de Educaci\u00f3n Profesional T\u00e9cnica (CONALEP) es nuestro orgullo y formador de la mano de obra calificada futura de Coahuila, dijo el gobernador Miguel Riquelme Sol\u00eds al supervisar la techumbre del plantel CONALEP II, en el Fraccionamiento Hidalgo, en esta ciudad. Ante el Director General de la instituci\u00f3n, Enrique Ku&#8230;<\/p>\n","protected":false},"author":1,"featured_media":7952,"comment_status":"closed","ping_status":"closed","sticky":false,"template":"","format":"standard","meta":{"footnotes":""},"categories":[5,9,15],"tags":[],"class_list":["post-7951","post","type-post","status-publish","format-standard","has-post-thumbnail","hentry","category-coahuila","category-educacion","category-gobierno-de-coahuila","wpcat-5-id","wpcat-9-id","wpcat-15-id"],"_links":{"self":[{"href":"https:\/\/www.aquilaguna.com\/index.php\/wp-json\/wp\/v2\/posts\/7951","targetHints":{"allow":["GET"]}}],"collection":[{"href":"https:\/\/www.aquilaguna.com\/index.php\/wp-json\/wp\/v2\/posts"}],"about":[{"href":"https:\/\/www.aquilaguna.com\/index.php\/wp-json\/wp\/v2\/types\/post"}],"author":[{"embeddable":true,"href":"https:\/\/www.aquilaguna.com\/index.php\/wp-json\/wp\/v2\/users\/1"}],"replies":[{"embeddable":true,"href":"https:\/\/www.aquilaguna.com\/index.php\/wp-json\/wp\/v2\/comments?post=7951"}],"version-history":[{"count":1,"href":"https:\/\/www.aquilaguna.com\/index.php\/wp-json\/wp\/v2\/posts\/7951\/revisions"}],"predecessor-version":[{"id":7953,"href":"https:\/\/www.aquilaguna.com\/index.php\/wp-json\/wp\/v2\/posts\/7951\/revisions\/7953"}],"wp:featuredmedia":[{"embeddable":true,"href":"https:\/\/www.aquilaguna.com\/index.php\/wp-json\/wp\/v2\/media\/7952"}],"wp:attachment":[{"href":"https:\/\/www.aquilaguna.com\/index.php\/wp-json\/wp\/v2\/media?parent=7951"}],"wp:term":[{"taxonomy":"category","embeddable":true,"href":"https:\/\/www.aquilaguna.com\/index.php\/wp-json\/wp\/v2\/categories?post=7951"},{"taxonomy":"post_tag","embeddable":true,"href":"https:\/\/www.aquilaguna.com\/index.php\/wp-json\/wp\/v2\/tags?post=7951"}],"curies":[{"name":"wp","href":"https:\/\/api.w.org\/{rel}","templated":true}]}}