{"id":7958,"date":"2022-04-01T19:12:29","date_gmt":"2022-04-02T01:12:29","guid":{"rendered":"https:\/\/www.aquilaguna.com\/?p=7958"},"modified":"2022-04-01T19:12:29","modified_gmt":"2022-04-02T01:12:29","slug":"invitan-a-laguneros-a-participar-en-consulta-de-revocacion-de-mandato","status":"publish","type":"post","link":"https:\/\/www.aquilaguna.com\/index.php\/2022\/04\/01\/invitan-a-laguneros-a-participar-en-consulta-de-revocacion-de-mandato\/","title":{"rendered":"Invitan a laguneros a participar en consulta de Revocaci\u00f3n de Mandato."},"content":{"rendered":"\n<p>Torre\u00f3n, Coahuila.- Para invitar a los laguneros a \u00a0 participar \u00a0 en la Consulta, a favor de \u00a0 la Revocaci\u00f3n del Mandato,\u00a0 del\u00a0 Presidente L\u00f3pez Obrador, primero de \u00e9ste\u00a0tipo de democracia participativa\u00a0 el pr\u00f3ximo 10 de abril presidieron rueda de prensa la ex diputada y ex dirigente estatal de MORENA en Coahuila Miroslava\u00a0 S\u00e1nchez y la diputada local\u00a0 Laura\u00a0 Francisca Aguilar Tabares.\u00a0\u00a0<\/p>\n\n\n\n<p>En breve encuentro con los Medios,\u00a0 dieron a conocer que con el mismo fin este mismo s\u00e1bado 2 del presente\u00a0 alrededor\u00a0 de las 12:00 horas estar\u00e1 entre los laguneros\u00a0 que se re\u00fanen en un sal\u00f3n de fiestas ubicado al norte de la ciudad, Ricardo Mej\u00eda Verdeja Subsecretario de Seguridad P\u00fablica en el pa\u00eds\u00a0 y quien se encuentra bajo licencia de tal cargo, para realizar trabajos de promoci\u00f3n a la \u00a0 consulta mencionada, la primera de este orden que se realiza en el pa\u00eds.\u00a0\u00a0<\/p>\n\n\n\n<p>Con este mismo motivo informaron que el\u00a0 controversial funcionario estuvo este d\u00eda en las cabecera de los municipios de Francisco I. Madero y San Pedro.<\/p>\n\n\n\n<p>Justific\u00f3 la dirigente Miroslava S\u00e1nchez que en principio este ejercicio \u00a0 al que se convoca\u00a0 a participar, \u00a0 &#8220;sepamos todos que si bien\u00a0 a nuestros gobernantes los elegimos nosotros, tambi\u00e9n nosotros los podemos quitar, para que se cuiden de hacer un buen gobierno en favor de la gente&#8221;.<\/p>\n\n\n\n<p>Admiti\u00f3\u00a0 luego que, &#8220;este ejercicio de revocaci\u00f3n de mandato, es para reforzare este gobierno, para que sea mas fuerte y aclarar\u00a0 que no estamos hablando de que se va a reelegir, no\u00a0 es solo para que termine su mandato&#8221;.<\/p>\n\n\n\n<p>Nosotros, dijo, &#8220;vamos a votar a favor, otros\u00a0 votaran\u00a0 en contra, pues que opine. Lo importante es que\u00a0 ejerzamos nuestro derecho&#8221;.<\/p>\n\n\n\n<p>&#8220;No nos espantemos porque haya democracia, al contrario, s\u00ed se puede&#8221;.<\/p>\n\n\n\n<p>Admiti\u00f3 que el ejercicio en puerta va a ser complicado, &#8220;porque obviamente no estar\u00e1n abiertas todas las casillas donde usualmente vamos a votar. Nosotros estaremos apoyando\u00a0 a la gente para que conozcan donde pueden ir a votar en caso de que no se ponga su casilla&#8221;.<\/p>\n\n\n\n<p>Preguntada\u00a0 indic\u00f3 que, \u00a0&#8221; ser\u00e1n 386 casillas, es decir al menos 30% menos casillas que las que normalmente se establecen en votaciones comunes, de ah\u00ed que la votaci\u00f3n esperada vaya a ir en relaci\u00f3n directa a esta condici\u00f3n&#8221;.<\/p>\n\n\n\n<p>En relaci\u00f3n a si alcanzan\u00a0 un 40% de \u00a0 votos\u00a0 sobre el Padr\u00f3n Electoral\u00a0 el resultado ser\u00eda vinculante, Wes decir, AMLO\u00a0 continuar\u00eda como presidente el resto de su mandato, pero si no fuera el caso y alcanzara\u00a0 muchos menos de\u00a0 ese 49% \u00a0 el resultado ser\u00eda el mismo. Es decir que\u00a0 de tal ejercicio su\u00a0 resultado\u00a0 ser\u00e1\u00a0 ocioso&#8221;.\u00a0<\/p>\n\n\n\n<p>En cuanto a\u00a0 preguntas relacionadas con la persona de Ricardo Mejia\u00a0 Verdeja y el hecho de que ande de licencia realizando trabajo pol\u00edtico, cuando\u00a0 el pa\u00eds literal y figuradamente se encuentra \u00a0 bajo la\u00a0 violencia criminal, la dirigente Miroslava\u00a0 S\u00e1nchez, dej\u00f3\u00a0 las respuestas a tal cuestionamiento a\u00a0 cargo del \u00a0 mencionado, una vez que \u00e9ste se presente ante los Medios \u00e9ste mismo s\u00e1bado.<\/p>\n","protected":false},"excerpt":{"rendered":"<p>Torre\u00f3n, Coahuila.- Para invitar a los laguneros a \u00a0 participar \u00a0 en la Consulta, a favor de \u00a0 la Revocaci\u00f3n del Mandato,\u00a0 del\u00a0 Presidente L\u00f3pez Obrador, primero de \u00e9ste\u00a0tipo de democracia participativa\u00a0 el pr\u00f3ximo 10 de abril presidieron rueda de prensa la ex diputada y ex dirigente estatal de MORENA en Coahuila Miroslava\u00a0 S\u00e1nchez y la diputada local\u00a0 Laura\u00a0 Francisca Aguilar Tabares.\u00a0\u00a0 En breve encuentro con los Medios,\u00a0 dieron a&#8230;<\/p>\n","protected":false},"author":2,"featured_media":0,"comment_status":"closed","ping_status":"","sticky":false,"template":"","format":"standard","meta":{"footnotes":""},"categories":[5,28,19,7],"tags":[],"class_list":["post-7958","post","type-post","status-publish","format-standard","hentry","category-coahuila","category-la-laguna","category-morena","category-torreon","wpcat-5-id","wpcat-28-id","wpcat-19-id","wpcat-7-id"],"_links":{"self":[{"href":"https:\/\/www.aquilaguna.com\/index.php\/wp-json\/wp\/v2\/posts\/7958","targetHints":{"allow":["GET"]}}],"collection":[{"href":"https:\/\/www.aquilaguna.com\/index.php\/wp-json\/wp\/v2\/posts"}],"about":[{"href":"https:\/\/www.aquilaguna.com\/index.php\/wp-json\/wp\/v2\/types\/post"}],"author":[{"embeddable":true,"href":"https:\/\/www.aquilaguna.com\/index.php\/wp-json\/wp\/v2\/users\/2"}],"replies":[{"embeddable":true,"href":"https:\/\/www.aquilaguna.com\/index.php\/wp-json\/wp\/v2\/comments?post=7958"}],"version-history":[{"count":1,"href":"https:\/\/www.aquilaguna.com\/index.php\/wp-json\/wp\/v2\/posts\/7958\/revisions"}],"predecessor-version":[{"id":7959,"href":"https:\/\/www.aquilaguna.com\/index.php\/wp-json\/wp\/v2\/posts\/7958\/revisions\/7959"}],"wp:attachment":[{"href":"https:\/\/www.aquilaguna.com\/index.php\/wp-json\/wp\/v2\/media?parent=7958"}],"wp:term":[{"taxonomy":"category","embeddable":true,"href":"https:\/\/www.aquilaguna.com\/index.php\/wp-json\/wp\/v2\/categories?post=7958"},{"taxonomy":"post_tag","embeddable":true,"href":"https:\/\/www.aquilaguna.com\/index.php\/wp-json\/wp\/v2\/tags?post=7958"}],"curies":[{"name":"wp","href":"https:\/\/api.w.org\/{rel}","templated":true}]}}