{"id":798,"date":"2021-03-08T18:49:59","date_gmt":"2021-03-09T00:49:59","guid":{"rendered":"https:\/\/www.aquilaguna.com\/?p=798"},"modified":"2021-03-08T18:49:59","modified_gmt":"2021-03-09T00:49:59","slug":"abren-fosas-comunes-para-identificar-cuerpos","status":"publish","type":"post","link":"https:\/\/www.aquilaguna.com\/index.php\/2021\/03\/08\/abren-fosas-comunes-para-identificar-cuerpos\/","title":{"rendered":"Abren fosas comunes para identificar cuerpos."},"content":{"rendered":"\n<p>Torre\u00f3n, Coahuila.- Con el objetivo de exhumar los restos de 116 personas de fosas comunes a donde fueron depositadas por orden de autoridad, luego que no hubo forma de realizar identificaci\u00f3n alguna tras sus muertes acaecidos entre los a\u00f1os de 2004 al 2012, \u00e9sta ma\u00f1ana inici\u00f3 el proceso de exhumaci\u00f3n, en terrenos del Pante\u00f3n Torre\u00f3n, esta ma\u00f1ana se iniciaron tales trabajos que encabeza la Licenciada Jesica Garza Ram\u00edrez y un grupo de integrantes de la Fundaci\u00f3n Antropolog\u00eda Forense de Guatemala.<br><br>Los restos, ser\u00e1n trasladados al Centro Regional de Identificaci\u00f3n Humana ubicado en la ciudad capital del Estado, para extraer las muestras de su ADN, y el diagnostico dental correspondiente, que permita lograr la identificaci\u00f3n.<br><br>Los trabajos hoy iniciados tendr\u00e1n una duraci\u00f3n estimada de 21 d\u00edas consecutivos y estar\u00e1 a cargo de la Licenciada Jesica Garza Ram\u00edrez y el equipo conformado por cuatro arque\u00f3logos y 3 antrop\u00f3logos forenses y tres investigadores dentales.<br><br>En principio el objetivo a alcanzar suma 500 restos de presuntos desaparecidos, de los cuales Coahuila suman 2,279 personas y de los cuales 1,002 habitaron la zona lagunera y que recibieron sepultura, como no identificados en las fosas comunes de los panteones Torre\u00f3n I, II y el Pante\u00f3n de la Paz.<br><br>Con motivo de estos trabajos, personas que forman parte de los colectivos FUNDEC y FUNDEM se hicieron presentes en el lugar, para presenciar tales trabajos, pero no pudieron participar de modo alguno, ya que el \u00e1rea de investigaci\u00f3n quedo deslindada y con paso prohibido para quienes no fueran parte del grupo investigador.<br><br>La licenciada Garza Ram\u00edrez reconoci\u00f3 que, &#8220;son las acciones de las familias de los desaparecidos de Coahuila, quienes a lo largo de los a\u00f1os y su lucha han hecho posible la creaci\u00f3n y construcci\u00f3n del Primer Centro Regional de Identificaci\u00f3n humana, que se encuentra ubicado en el municipio de Saltillo, el primero a nivel Latinoam\u00e9rica a trav\u00e9s del esfuerzo conjunto de la Comisi\u00f3n Nacional de B\u00fasqueda, de la Comisi\u00f3n Estatal de B\u00fasqueda y de las instituciones que integramos el Gobierno del Estado&#8221;.<br><br>El plan de trabajo fijado para este a\u00f1o, indic\u00f3, &#8220;ser\u00eda el realizar tres exhumaciones con enfoque masivo, siendo una de las caracter\u00edsticas de esta nueva metodolog\u00eda, es realizar una b\u00fasqueda generalizada&#8221;.<br><br>En cada exhumaci\u00f3n, expres\u00f3, &#8220;tras una prospecci\u00f3n muy puntal que tiene el equipo de arqueolog\u00eda ha determinado el n\u00famero de fosas en el n\u00famero de individuos, el n\u00famero de cuadrantes y de coordenadas&#8221;.<br><br>&#8220;Esta investigaci\u00f3n adem\u00e1s de el proceso arqueol\u00f3gico se hizo gracias al estudio de las carpetas de investigaci\u00f3n de homicidios que advierten de las personas sin identificar al igual que la documentaci\u00f3n que se advierte de los registros de los panteones&#8221;.<br><br>&#8220;Dentro de nuestro plan de trabajo se pretende y se inicia hoy en el Pante\u00f3n Numero I, posteriormente estamos planeando para el mes de mayo \/junio en el Pante\u00f3n Numero II, de aqu\u00ed de Torre\u00f3n y al cerrar el a\u00f1o, aqu\u00ed en tambi\u00e9n haremos la intervenci\u00f3n en el pante\u00f3n La Paz, en este mismo municipio&#8221;.<br><br>Esto, es el inicio, afirm\u00f3, &#8220;de un nuevo camino metodol\u00f3gico para poder identificar a las personas que se tienen inhumadas en los diversos panteones y que con la debida diligencia y dignidad puedan regresar con sus familias&#8221;.<br><br>Mas adelante la funcionaria indic\u00f3 que para, &#8220;estos primeros trabajos se est\u00e1 proyectando realizarlos en 21 d\u00edas consecutivos, desplazando cuatro equipos de recuperaci\u00f3n lidereados por el equipo de arquelog\u00eda, exclusivamente en la recuperaci\u00f3n de los cuerpos de personas sin identificar&#8221;.<br><br>&#8220;Se tiene mapeadas 30 fosas donde se advierten, seg\u00fan informaci\u00f3n documental 116 cuerpos. La temporalidad de los cuerpos inhumados de marzo del 2004 a enero del 2012&#8221;.<br><br>&#8220;A partir de enero del 2012 tales cuerpos se recibieron en el Pante\u00f3n numero I de Torre\u00f3n; ese es el proyecto de trabajo teniendo aproximadamente 250 cuerpos a recuperar en nuestra segunda intervenci\u00f3n&#8221;.<br><br>Inform\u00f3 la funcionaria que, &#8220;se tiene ya mas de ocho meses trabajando en coordinaci\u00f3n con la Fundaci\u00f3n Arqueolog\u00eda Forense de Guatemala, que son expertos, con 25 a\u00f1os de exhumaci\u00f3n e identificaci\u00f3n&#8221;.<br><br>&#8220;Una vez que nosotros recuperemos los cuerpos&#8221;, explic\u00f3 que, &#8220;obviamente ser\u00eda el inicio de la cadena de custodia con su embalaje, se trasladar\u00e1n a nuestras instalaciones del Centro, donde tenemos ya montado todo los laboratorios y los antrop\u00f3logos son los que abran las cajas de evidencia y hacen todos su lateralidad, hasta el dict\u00e1men antropol\u00f3gico y sacan cuatro muestras para ADN&#8221;.<br><br>&#8220;Agotados tales procesos, tenemos que realizarlos, seg\u00fan hemos programados en 500 muestras \u00f3seas este a\u00f1o que se suben a una base gen\u00e9tica que ya tenemos lista, con perfiles referenciales de las familias agrupados por n\u00facleos familiares. Estos, son procesos paralelos&#8221;.<br><br>Explico que, &#8220;recuperamos, se hacen los dict\u00e1menes antropol\u00f3gicos, m\u00e9dicos, odontol\u00f3gicos, se destaca la muestra, se analiza gen\u00e9ticamente y de forma paralela estamos documentando a todas las familias que est\u00e1n buscando a sus desparecidos par tener muy claro su genograma y todos los donantes potenciales que sirvan para su identificaci\u00f3n&#8221;.<br><br>De hecho, afirm\u00f3 que, &#8220;todas las personas -esperando que el mensaje les llegue-, tengan o no tengan denuncia que quieran venir a donar sus muestras, son bienvenidas&#8221;.<br><br>&#8220;Esta aqu\u00ed en equipo de documentaci\u00f3n est\u00e1 preparado para hacerlo al recibir las muestras referenciales&#8221;.<br><br>Explic\u00f3 que para ello, &#8220;estamos tomando por el tema de la pandemia una peque\u00f1a muestra de sangre, se hace la entrevista y se llena tambi\u00e9n la cadena de custodia, pero, lo mas importante&#8221;, expreso la funcionaria, &#8220;es que nosotros, no perseguimos fines criminales. Estamos haciendo una b\u00fasqueda forense, con fines de identificaci\u00f3n, con enfoque masivo&#8221;.<\/p>\n","protected":false},"excerpt":{"rendered":"<p>Torre\u00f3n, Coahuila.- Con el objetivo de exhumar los restos de 116 personas de fosas comunes a donde fueron depositadas por orden de autoridad, luego que no hubo forma de realizar identificaci\u00f3n alguna tras sus muertes acaecidos entre los a\u00f1os de 2004 al 2012, \u00e9sta ma\u00f1ana inici\u00f3 el proceso de exhumaci\u00f3n, en terrenos del Pante\u00f3n Torre\u00f3n, esta ma\u00f1ana se iniciaron tales trabajos que encabeza la Licenciada Jesica Garza Ram\u00edrez y un&#8230;<\/p>\n","protected":false},"author":2,"featured_media":0,"comment_status":"closed","ping_status":"","sticky":false,"template":"","format":"standard","meta":{"footnotes":""},"categories":[5,15,24],"tags":[],"class_list":["post-798","post","type-post","status-publish","format-standard","hentry","category-coahuila","category-gobierno-de-coahuila","category-seguridad","wpcat-5-id","wpcat-15-id","wpcat-24-id"],"_links":{"self":[{"href":"https:\/\/www.aquilaguna.com\/index.php\/wp-json\/wp\/v2\/posts\/798","targetHints":{"allow":["GET"]}}],"collection":[{"href":"https:\/\/www.aquilaguna.com\/index.php\/wp-json\/wp\/v2\/posts"}],"about":[{"href":"https:\/\/www.aquilaguna.com\/index.php\/wp-json\/wp\/v2\/types\/post"}],"author":[{"embeddable":true,"href":"https:\/\/www.aquilaguna.com\/index.php\/wp-json\/wp\/v2\/users\/2"}],"replies":[{"embeddable":true,"href":"https:\/\/www.aquilaguna.com\/index.php\/wp-json\/wp\/v2\/comments?post=798"}],"version-history":[{"count":1,"href":"https:\/\/www.aquilaguna.com\/index.php\/wp-json\/wp\/v2\/posts\/798\/revisions"}],"predecessor-version":[{"id":799,"href":"https:\/\/www.aquilaguna.com\/index.php\/wp-json\/wp\/v2\/posts\/798\/revisions\/799"}],"wp:attachment":[{"href":"https:\/\/www.aquilaguna.com\/index.php\/wp-json\/wp\/v2\/media?parent=798"}],"wp:term":[{"taxonomy":"category","embeddable":true,"href":"https:\/\/www.aquilaguna.com\/index.php\/wp-json\/wp\/v2\/categories?post=798"},{"taxonomy":"post_tag","embeddable":true,"href":"https:\/\/www.aquilaguna.com\/index.php\/wp-json\/wp\/v2\/tags?post=798"}],"curies":[{"name":"wp","href":"https:\/\/api.w.org\/{rel}","templated":true}]}}