{"id":8032,"date":"2022-04-06T20:30:55","date_gmt":"2022-04-07T01:30:55","guid":{"rendered":"https:\/\/www.aquilaguna.com\/?p=8032"},"modified":"2022-04-06T20:30:55","modified_gmt":"2022-04-07T01:30:55","slug":"aqui-laguna-119","status":"publish","type":"post","link":"https:\/\/www.aquilaguna.com\/index.php\/2022\/04\/06\/aqui-laguna-119\/","title":{"rendered":"Aqu\u00ed Laguna."},"content":{"rendered":"\n<p>\u00a1Veda inutil! \u00a0Con todo y las medidas cautelares que dicte\u00a0 el Instituto Nacional Electoral, en torno al controversial\u00a0 evento  fijado para el pr\u00f3ximo domingo 10 de abril, con un tema que\u00a0 se cataloga seg\u00fan expertos\u00a0 opinol\u00f3gos, dirigentes\u00a0 partidistas\u00a0 y personajes de la administraci\u00f3n p\u00fablica, es decir,\u00a0 la realizaci\u00f3n del primer\u00a0 acto de democracia participativa en este pa\u00eds, aplicado a pedido del\u00a0 Presidente Andr\u00e9s Manuel L\u00f3pez Obrador, solo para conocer si 37 millones de mexicanos, votan ya sea a favor o en contra de que\u00a0 permanezca en tal cargo hasta el t\u00e9rmino del mandato constitucional para el que fue electo. Lo bizarro de esta consulta es que se\u00a0 lleve a cabo cuando el Presidente\u00a0 de la Rep\u00fablica, registra aun \u00a060% de popularidad -que no aprobaci\u00f3n-, dado los magros frutos que exhibe su administraci\u00f3n.<\/p>\n\n\n\n<p>Por lo pronto, al menos en Coahuila,\u00a0 el Gobernador Miguel Angel Riquelme Solis  &#8220;le puso el cascabel al gato&#8221; y aunque \u00e9ste d\u00eda el INE\u00a0ordena suspender\u00a0 cualquier difusi\u00f3n del\u00a0 v\u00eddeo que contiene el mensaje\u00a0 enviado a la militancia de su\u00a0 partido a no participar en la jornada\u00a0 citada, seg\u00fan\u00a0 lo realizara en un acto\u00a0 partidista celebrada en la capital del pa\u00eds,\u00a0 con motivo\u00a0 el 93 aniversario de su fundaci\u00f3n, y de paso conmemor\u00f3 un aniversario luctuoso mas por Luis Donaldo Colosio, marco\u00a0 para que el ejecutivo estatal conminara en su discurso a la militancia \u00a0 priista ah\u00ed reunida a no participar a favor de la\u00a0 consulta en puerta. Tal video y su contenido\u00a0 lo repiti\u00f3\u00a0 para sobre\u00a0 el mismo reiterar ante los coahuilenses al tiempo\u00a0 argumento no haber violentado disposici\u00f3n legal alguna para ello.<\/p>\n\n\n\n<p>Pero \u00a0 fue al d\u00fao din\u00e1mico\u00a0 que las circunstancias \u00a0 generan en la defensa de su jefe, es decir, del Presidente de la Rep\u00fablica, el Subsecretario de Seguridad P\u00fablica y el Secretario de Gobernaci\u00f3n Ad\u00e1n Augusto Lopez Hernandez, que en acci\u00f3n concertada, desplegaron sobre Coahuila\u00a0 su presencia y con\u00a0 pasi\u00f3n de\u00a0 conversos, olvidando las limitaciones que sus funciones oficiales les impone, se echaron al ruedo ante los morenacos\u00a0 laguneros, para conminar su participaci\u00f3n en la ociosa consulta. Este hecho sirvi\u00f3 para exhibir al Secretario de Gobernaci\u00f3n cual personaje de alguna comedia de enredos, ya que para\u00a0 justificar su presencia en estas tierras,\u00a0 se justific\u00f3\u00a0 con que \u00a0 andaba haciendo promoci\u00f3n a la reforma el\u00e9ctrica, que luego \u00e9l mismo desminti\u00f3 en el escenario siguiente, montado en Hermosillo, Sonora ese mismo d\u00eda y aceptar en publico que\u00a0 lo suyo, lo suyo\u00a0 era la promoci\u00f3n de la susodicha consulta.<\/p>\n\n\n\n<p>En cuanto a la actuaci\u00f3n de nuestro paisano, es decir el\u00a0 conocido como &#8220;bebesaurio&#8221; durante su per\u00edodo\u00a0 priista en estas tierras,\u00a0 adjetivado luego como uno de nuestros &#8220;polic\u00edas chinos&#8221; \u00a0 a su paso por el Gobierno de Coahuila durante la administraci\u00f3n del Licenciado Enrique Mart\u00ednez y Mart\u00ednez\u00a0 \u00a0 y como tal \u00a0 parte integrante del grupo\u00a0 de &#8220;La Burbuja&#8221;\u00a0 a cargo del Licenciado Raul Sifuentes Guerrero\u00a0 donde\u00a0 estableci\u00f3 las relaciones con Jorge Luis Moran,\u00a0 afines, proclives\u00a0 como eran y son\u00a0 ambos\u00a0 al espionaje pol\u00edtico, de ah\u00ed que no resulte extra\u00f1o que el hoy ex alcalde interino de Torre\u00f3n\u00a0 se haya\u00a0 ido con su b\u00e1rtulos y pasado a los linderos de MORENA, quiz\u00e1s atra\u00eddo por &#8220;el power&#8221; que dicen porta Mej\u00eda Verdeja en estos sus a\u00f1os \u00a0 dorados, que lo hace\u00a0 marear y ya verse como aspirante por\u00a0 MORENA al Gobierno de Coahuila, de paso\u00a0 el hecho le da oportunidad a Ulises Mej\u00eda Dominguez, padre del mencionado\u00a0 Bebesaurio tratar de resucitar los laureles que nunca cosech\u00f3 a su paso por la administraci\u00f3n p\u00fablica, cuando fungi\u00f3 como\u00a0 muy lambisc\u00f3n\u00a0 y opacado\u00a0 Recaudador de Rentas durante la gesti\u00f3n del ya fallecido Oscar Flores Tapia&#8230;<\/p>\n\n\n\n<p>Y vaya que\u00a0en otra comedia de\u00a0 errores, anda por ah\u00ed\u00a0 ya\u00a0 nuestro alcalde Rom\u00e1n Alberto\u00a0 Cepeda Gonz\u00e1lez,\u00a0 tras la abrupta salida del Licenciado\u00a0 Carlos Bustos Rodr\u00edguez\u00a0  de\u00a0 la Direcci\u00f3n General del DIF-Torre\u00f3n, \u00a0 acci\u00f3n que se consum\u00f3 hace\u00a0 hoy precisamente ocho d\u00edas. Preguntado en directo,\u00a0 sobre tal hecho, el alcalde afirm\u00f3 que tal salida del organigrama conocido, era solo &#8220;un\u00a0 enroque&#8221;, pero el hecho es que Bustos Rodr\u00edguez ya no acude a sus oficinas desde hace hoy precisamente ocho d\u00edas  y no hay tampoco\u00a0 informaci\u00f3n emitida de manera oficial sobre tal ausencia, si bien en esa instituci\u00f3n,\u00a0 considerada como la parte noble de la administraci\u00f3n \u00a0 las actividades son normales, pues\u00a0 algunas\u00a0 se realizan por mera inercia. La verdad es que se debe actuar con la verdad. El hecho de cambiar funcionarios, no es\u00a0 grave, s\u00ed lo es en cambio, cuando se intenta\u00a0 simular, ocultar,\u00a0 las razones que subyacen en tales decisiones y No mas\u2026<\/p>\n\n\n\n<p>Y \u00a0 con el periodo vacacional\u00a0 encima, pues oficialmente\u00a0 inicia\u00a0 al menos en el \u00e1mbito educativo a partir de\u00a0 \u00e9ste mismo viernes, y la verdad es que se percibe un \u00e1nimo muy positivo entre la poblaci\u00f3n para disfrutar\u00a0 un reencuentro entre las familias y los amigos. De ah\u00ed que en la Laguna, se esperan resultados muy positivos no solo \u00a0 relacionados con\u00a0 \u00a0 optimismos personales, sino \u00a0 en materia de reactivaci\u00f3n econ\u00f3mica, de ah\u00ed que en el caso de la comarca, \u00a0 el turismo religioso sea el eje de atenci\u00f3n para lograr tales objetivos, pues\u00a0 tras un receso de dos a\u00f1os, el Via Crucis del Cristo de las Noas\u00a0 volver\u00e1 a tener lugar con el acostumbrado y tradicional\u00a0 inter\u00e9s\u00a0 que\u00a0 desarrolla la poblaci\u00f3n y la de\u00a0 entidades circunvecina.\u00a0En tanto que en Viesca, la Procesi\u00f3n del Silencio, volver\u00e1 a tener\u00a0 su representaci\u00f3n\u00a0 con la que se pretende reactivar\u00a0 la vida de esa comunidad. Para ello se\u00a0 est\u00e1n\u00a0 realizando todas las actividades previas \u00a0 requeridas\u00a0 y garantizar a los turistas y visitantes, las mejores\u00a0 condiciones de seguridad&#8230;<\/p>\n\n\n\n<p>Y en campa\u00f1a en el vecino Estado de Durango, con tres principales actores en contienda, y que con todo y que sea una lagunera,\u00a0 Marina\u00a0 Vitela abanderada de \u00a0 MORENA,\u00a0 hay fuertes presunciones de que en\u00a0 este lado de la comarca lagunera, tal candidatura &#8220;har\u00e1 agua&#8221; debido al fuerte impulso que\u00a0 impondr\u00e1 la participaci\u00f3n de Leticia Herrera \u00a0 en tal proceso, por lo pronto las siempre\u00a0 interesadas encuestas anticipan ya\u00a0 ventaja interesante para el candidato priista&#8230;<\/p>\n\n\n\n<p>\u00bfSabia Usted\u00a0 que los laguneros \u00a0 tenemos \u00a0 una representante\u00a0 mas de nuestra entidad\u00a0 en el Senado de la Rep\u00fablica?, que har\u00e1\u00a0 compa\u00f1\u00eda a\u00a0 la Senadora Ver\u00f3nica Mart\u00ednez, pero solo ser\u00e1 por un corto per\u00edodo de tiempo, del d\u00eda 4 al 30 del presente mes, \u00a0 cubriendo en ello la\u00a0 licencia solicitada y obtenida por la titular del cargo Eva Eugenia Galaz, la dama en cuesti\u00f3n\u00a0 la conocen bien, dicen, en su casa\u00a0 y por ello solo\u00a0 fue acompa\u00f1ada por sus se\u00f1ores\u00a0 padres a la toma de protesta\u00a0 de este encargo\u00a0 interino, pues \u00a0 apenas\u00a0 se entren\u00f3 en\u00a0 la vida publica como \u00a0 S\u00edndica de Vigilancia por MORENA en el cabildo local, pues como saben ya hab\u00eda participado como candidata a diputada por el\u00a0 VIII Distrito local, pero fue derrotada. Ojal\u00e1\u00a0 que\u00a0 sirva de algo a los laguneros&#8230;<\/p>\n\n\n\n<p>Y\u00a0 \u00a0 si bien\u00a0 disminuyen los contagios de Covid-19 \u00a0 en esta zona, como\u00a0 igual el resto del pa\u00eds y del mundo, recuerden que hay una poblaci\u00f3n el riesgo que todav\u00eda no est\u00e1 protegida, es decir, nuestro ni\u00f1os, as\u00ed\u00a0 que\u00a0 a seguir\u00a0 respetando medidas de prevenci\u00f3n, as\u00ed sean estas m\u00ednimas.<\/p>\n","protected":false},"excerpt":{"rendered":"<p>\u00a1Veda inutil! \u00a0Con todo y las medidas cautelares que dicte\u00a0 el Instituto Nacional Electoral, en torno al controversial\u00a0 evento fijado para el pr\u00f3ximo domingo 10 de abril, con un tema que\u00a0 se cataloga seg\u00fan expertos\u00a0 opinol\u00f3gos, dirigentes\u00a0 partidistas\u00a0 y personajes de la administraci\u00f3n p\u00fablica, es decir,\u00a0 la realizaci\u00f3n del primer\u00a0 acto de democracia participativa en este pa\u00eds, aplicado a pedido del\u00a0 Presidente Andr\u00e9s Manuel L\u00f3pez Obrador, solo para conocer si&#8230;<\/p>\n","protected":false},"author":2,"featured_media":0,"comment_status":"closed","ping_status":"","sticky":false,"template":"","format":"standard","meta":{"footnotes":""},"categories":[8],"tags":[],"class_list":["post-8032","post","type-post","status-publish","format-standard","hentry","category-aqui-laguna","wpcat-8-id"],"_links":{"self":[{"href":"https:\/\/www.aquilaguna.com\/index.php\/wp-json\/wp\/v2\/posts\/8032","targetHints":{"allow":["GET"]}}],"collection":[{"href":"https:\/\/www.aquilaguna.com\/index.php\/wp-json\/wp\/v2\/posts"}],"about":[{"href":"https:\/\/www.aquilaguna.com\/index.php\/wp-json\/wp\/v2\/types\/post"}],"author":[{"embeddable":true,"href":"https:\/\/www.aquilaguna.com\/index.php\/wp-json\/wp\/v2\/users\/2"}],"replies":[{"embeddable":true,"href":"https:\/\/www.aquilaguna.com\/index.php\/wp-json\/wp\/v2\/comments?post=8032"}],"version-history":[{"count":1,"href":"https:\/\/www.aquilaguna.com\/index.php\/wp-json\/wp\/v2\/posts\/8032\/revisions"}],"predecessor-version":[{"id":8033,"href":"https:\/\/www.aquilaguna.com\/index.php\/wp-json\/wp\/v2\/posts\/8032\/revisions\/8033"}],"wp:attachment":[{"href":"https:\/\/www.aquilaguna.com\/index.php\/wp-json\/wp\/v2\/media?parent=8032"}],"wp:term":[{"taxonomy":"category","embeddable":true,"href":"https:\/\/www.aquilaguna.com\/index.php\/wp-json\/wp\/v2\/categories?post=8032"},{"taxonomy":"post_tag","embeddable":true,"href":"https:\/\/www.aquilaguna.com\/index.php\/wp-json\/wp\/v2\/tags?post=8032"}],"curies":[{"name":"wp","href":"https:\/\/api.w.org\/{rel}","templated":true}]}}