{"id":8065,"date":"2022-04-08T18:58:36","date_gmt":"2022-04-08T23:58:36","guid":{"rendered":"https:\/\/www.aquilaguna.com\/?p=8065"},"modified":"2022-04-08T18:58:36","modified_gmt":"2022-04-08T23:58:36","slug":"administracion-municipal-no-detendra-actividades-en-proximo-periodo-vacacional","status":"publish","type":"post","link":"https:\/\/www.aquilaguna.com\/index.php\/2022\/04\/08\/administracion-municipal-no-detendra-actividades-en-proximo-periodo-vacacional\/","title":{"rendered":"Administraci\u00f3n Municipal no detendr\u00e1 actividades en pr\u00f3ximo periodo vacacional."},"content":{"rendered":"\n<p>Torre\u00f3n, Coahuila a 08 de abril de 2022.<\/p>\n\n\n\n<p>La Presidencia Municipal de Torre\u00f3n operar\u00e1 de manera normal durante el<br>pr\u00f3ximo periodo vacacional de Semana Santa, incluyendo el 14 y 15 de abril, pues<br>en estos dos d\u00edas todas las direcciones de la Administraci\u00f3n trabajar\u00e1n con<br>personal de guardia para garantizar la atenci\u00f3n a la ciudadan\u00eda.<\/p>\n\n\n\n<p>El personal con antig\u00fcedad menor a 6 meses laborar\u00e1 de manera habitual.<br>Trabajar\u00e1n tambi\u00e9n sin variaci\u00f3n alguna la Direcci\u00f3n General de Seguridad<br>P\u00fablica (DGSPM), el Tribunal de Justicia Municipal (TJM), Tr\u00e1nsito y Vialidad,<br>Transporte P\u00fablico, Protecci\u00f3n Civil, Bomberos, Parques y Jardines y Rastro<br>Municipal.<\/p>\n\n\n\n<p>El SIMAS Torre\u00f3n, as\u00ed como el Sistema para el Desarrollo Integral de la Familia<br>(DIF), trabajar\u00e1n con normalidad del 11 al 13 de abril, y el 14 y 15 con personal de<br>guardia.<\/p>\n\n\n\n<p>Por su parte, el alcalde Rom\u00e1n Alberto Cepeda dijo que como parte de otorgar<br>espacios de recreaci\u00f3n y de convivencia para las familias y turistas que visiten<br>Torre\u00f3n, estar\u00e1n abiertos los museos que dependen del municipio, adem\u00e1s de los<br>Multideportivos.<\/p>\n\n\n\n<p>Las personas que deseen realizar alg\u00fan tr\u00e1mite en el edificio de la Presidencia<br>Municipal de Torre\u00f3n podr\u00e1n hacerlo en el horario habitual<\/p>\n","protected":false},"excerpt":{"rendered":"<p>Torre\u00f3n, Coahuila a 08 de abril de 2022. La Presidencia Municipal de Torre\u00f3n operar\u00e1 de manera normal durante elpr\u00f3ximo periodo vacacional de Semana Santa, incluyendo el 14 y 15 de abril, puesen estos dos d\u00edas todas las direcciones de la Administraci\u00f3n trabajar\u00e1n conpersonal de guardia para garantizar la atenci\u00f3n a la ciudadan\u00eda. El personal con antig\u00fcedad menor a 6 meses laborar\u00e1 de manera habitual.Trabajar\u00e1n tambi\u00e9n sin variaci\u00f3n alguna la Direcci\u00f3n&#8230;<\/p>\n","protected":false},"author":1,"featured_media":0,"comment_status":"closed","ping_status":"closed","sticky":false,"template":"","format":"standard","meta":{"footnotes":""},"categories":[5,28,7],"tags":[],"class_list":["post-8065","post","type-post","status-publish","format-standard","hentry","category-coahuila","category-la-laguna","category-torreon","wpcat-5-id","wpcat-28-id","wpcat-7-id"],"_links":{"self":[{"href":"https:\/\/www.aquilaguna.com\/index.php\/wp-json\/wp\/v2\/posts\/8065","targetHints":{"allow":["GET"]}}],"collection":[{"href":"https:\/\/www.aquilaguna.com\/index.php\/wp-json\/wp\/v2\/posts"}],"about":[{"href":"https:\/\/www.aquilaguna.com\/index.php\/wp-json\/wp\/v2\/types\/post"}],"author":[{"embeddable":true,"href":"https:\/\/www.aquilaguna.com\/index.php\/wp-json\/wp\/v2\/users\/1"}],"replies":[{"embeddable":true,"href":"https:\/\/www.aquilaguna.com\/index.php\/wp-json\/wp\/v2\/comments?post=8065"}],"version-history":[{"count":1,"href":"https:\/\/www.aquilaguna.com\/index.php\/wp-json\/wp\/v2\/posts\/8065\/revisions"}],"predecessor-version":[{"id":8066,"href":"https:\/\/www.aquilaguna.com\/index.php\/wp-json\/wp\/v2\/posts\/8065\/revisions\/8066"}],"wp:attachment":[{"href":"https:\/\/www.aquilaguna.com\/index.php\/wp-json\/wp\/v2\/media?parent=8065"}],"wp:term":[{"taxonomy":"category","embeddable":true,"href":"https:\/\/www.aquilaguna.com\/index.php\/wp-json\/wp\/v2\/categories?post=8065"},{"taxonomy":"post_tag","embeddable":true,"href":"https:\/\/www.aquilaguna.com\/index.php\/wp-json\/wp\/v2\/tags?post=8065"}],"curies":[{"name":"wp","href":"https:\/\/api.w.org\/{rel}","templated":true}]}}