{"id":8117,"date":"2022-04-12T19:19:27","date_gmt":"2022-04-13T00:19:27","guid":{"rendered":"https:\/\/www.aquilaguna.com\/?p=8117"},"modified":"2022-04-12T19:19:27","modified_gmt":"2022-04-13T00:19:27","slug":"listo-el-programa-cultural-para-la-procesion-del-silencio-en-viesca-coahuila","status":"publish","type":"post","link":"https:\/\/www.aquilaguna.com\/index.php\/2022\/04\/12\/listo-el-programa-cultural-para-la-procesion-del-silencio-en-viesca-coahuila\/","title":{"rendered":"LISTO EL PROGRAMA CULTURAL PARA LA PROCESI\u00d3N DEL SILENCIO EN VIESCA COAHUILA."},"content":{"rendered":"\n<p>Viesca, Coahuila de Zaragoza; a 12 de Abril de 2022.- La Secretar\u00eda de Cultura de Coahuila inform\u00f3 este lunes que ya se encuentra todo listo para la realizaci\u00f3n de la tradicional Procesi\u00f3n del Silencio en este Pueblo M\u00e1gico.<\/p>\n\n\n\n<p>Ana Sof\u00eda Garc\u00eda Camil, Secretaria de Cultura del Estado, coment\u00f3 que est\u00e1 todo dispuesto para que los asistentes disfruten del recorrido sin ning\u00fan contratiempo, as\u00ed como del programa musical al t\u00e9rmino de la misma.<\/p>\n\n\n\n<p>Para tal efecto, dentro de la parte cultural se tendr\u00e1 la presentaci\u00f3n de \u201cLas Cardencheras de Durango\u201d:<\/p>\n\n\n\n<p>Alma Montenegro, encargada de la voz ladina, originaria de Tepehuanes, Durango: \u201cInici\u00e9 en el canto Cardenche gracias a mi abuelita, pues de ni\u00f1a escuchaba, sent\u00eda y viv\u00eda todas las expresiones de la vida cotidiana que se interpretaban a trav\u00e9s de la melod\u00eda vocal\u201d.<\/p>\n\n\n\n<p>Catalina Ba\u00f1uelos, encargada de la voz media, naci\u00f3 en \u201cLos Ojitos\u201d, comunidad situada en la sierra duranguense: \u201cPara m\u00ed, representa el regresar cada uno de los momentos que viv\u00ed, as\u00ed como de imaginarme todo el desarrollo de cada palabra de cada una de las canciones, historias muy asombrosas\u201d.<\/p>\n\n\n\n<p>Otra de sus integrantes es&nbsp; Mar\u00eda Guadalupe R\u00edos, encargada de la voz profunda, tambi\u00e9n originaria de Tepehuanes, Durango: \u201cEl Canto Cardenche es una expresi\u00f3n que escuchaba de la gente trabajadora de R\u00edo Chico, Tepehuanes, quienes al momento de realizar sus labores, cantaban\u201d.<\/p>\n\n\n\n<p>Evangelina N\u00fa\u00f1ez, encargada de la voz baja, originaria de la comunidad de San Pedro de Azafranes, en Ot\u00e1ez, Durango: \u201cEl canto lo escuch\u00e9 de ni\u00f1a en voz de mi abuelito expresando sus historias\u201d.<\/p>\n\n\n\n<p>Ellas estar\u00e1n presentes en tres estaciones de este recorrido interpretando los \u201cAlabados\u201d tradicionales de la \u00e9poca.<\/p>\n\n\n\n<p>Asimismo, al terminar la celebraci\u00f3n religiosa se contar\u00e1 con la participaci\u00f3n del Coro Voces del Desierto del Centro Cultural y de Bellas Artes Santa Anita, de Saltillo, dirigido por la maestra Laura Yeverino, y conformado por Ana Sof\u00eda Sauceda Guerrero, \u00c1ngela&nbsp; G\u00f3mez S\u00e1nchez, Larissa Chavarr\u00eda Rodr\u00edguez, \u00d3scar Garc\u00eda Garc\u00eda, Samantha Yeverino Santana, Elizabeth&nbsp; Castro Llamas, Rub\u00ed Garc\u00eda Ar\u00e9valo, Marcos Andrade&nbsp; Puente, Mario Vel\u00e1zquez D\u00edaz, Rodrigo&nbsp; Soria Ortiz, Pedro Guerrero&nbsp; Mancillas, Armando Cano Gonz\u00e1lez y Herv\u00e9 Aguilera Rangel, quienes junto a un cuarteto de m\u00fasicos de la Orquesta Filarm\u00f3nica del Desierto interpretar\u00e1n el programa \u201cR\u00e9quiem en re menor, Op. 48\u201d de Gabriel Faur\u00e9 compuesto por: Introit&nbsp; et&nbsp; Kyrie, Offertoire, Sanctus, Pie Jesu, Agnus Dei et&nbsp; Lux Aeterna,&nbsp; Libera&nbsp; Me y&nbsp; In Paradisum\u201d, programa que ser\u00e1 disfrutado por los asistentes a este evento.<\/p>\n","protected":false},"excerpt":{"rendered":"<p>Viesca, Coahuila de Zaragoza; a 12 de Abril de 2022.- La Secretar\u00eda de Cultura de Coahuila inform\u00f3 este lunes que ya se encuentra todo listo para la realizaci\u00f3n de la tradicional Procesi\u00f3n del Silencio en este Pueblo M\u00e1gico. Ana Sof\u00eda Garc\u00eda Camil, Secretaria de Cultura del Estado, coment\u00f3 que est\u00e1 todo dispuesto para que los asistentes disfruten del recorrido sin ning\u00fan contratiempo, as\u00ed como del programa musical al t\u00e9rmino de&#8230;<\/p>\n","protected":false},"author":1,"featured_media":8118,"comment_status":"closed","ping_status":"closed","sticky":false,"template":"","format":"standard","meta":{"footnotes":""},"categories":[5,15,34,45],"tags":[],"class_list":["post-8117","post","type-post","status-publish","format-standard","has-post-thumbnail","hentry","category-coahuila","category-gobierno-de-coahuila","category-turismo","category-viesca","wpcat-5-id","wpcat-15-id","wpcat-34-id","wpcat-45-id"],"_links":{"self":[{"href":"https:\/\/www.aquilaguna.com\/index.php\/wp-json\/wp\/v2\/posts\/8117","targetHints":{"allow":["GET"]}}],"collection":[{"href":"https:\/\/www.aquilaguna.com\/index.php\/wp-json\/wp\/v2\/posts"}],"about":[{"href":"https:\/\/www.aquilaguna.com\/index.php\/wp-json\/wp\/v2\/types\/post"}],"author":[{"embeddable":true,"href":"https:\/\/www.aquilaguna.com\/index.php\/wp-json\/wp\/v2\/users\/1"}],"replies":[{"embeddable":true,"href":"https:\/\/www.aquilaguna.com\/index.php\/wp-json\/wp\/v2\/comments?post=8117"}],"version-history":[{"count":1,"href":"https:\/\/www.aquilaguna.com\/index.php\/wp-json\/wp\/v2\/posts\/8117\/revisions"}],"predecessor-version":[{"id":8119,"href":"https:\/\/www.aquilaguna.com\/index.php\/wp-json\/wp\/v2\/posts\/8117\/revisions\/8119"}],"wp:featuredmedia":[{"embeddable":true,"href":"https:\/\/www.aquilaguna.com\/index.php\/wp-json\/wp\/v2\/media\/8118"}],"wp:attachment":[{"href":"https:\/\/www.aquilaguna.com\/index.php\/wp-json\/wp\/v2\/media?parent=8117"}],"wp:term":[{"taxonomy":"category","embeddable":true,"href":"https:\/\/www.aquilaguna.com\/index.php\/wp-json\/wp\/v2\/categories?post=8117"},{"taxonomy":"post_tag","embeddable":true,"href":"https:\/\/www.aquilaguna.com\/index.php\/wp-json\/wp\/v2\/tags?post=8117"}],"curies":[{"name":"wp","href":"https:\/\/api.w.org\/{rel}","templated":true}]}}