{"id":8123,"date":"2022-04-12T19:23:19","date_gmt":"2022-04-13T00:23:19","guid":{"rendered":"https:\/\/www.aquilaguna.com\/?p=8123"},"modified":"2022-04-12T19:23:20","modified_gmt":"2022-04-13T00:23:20","slug":"anuncia-coahuila-y-torreon-feria-del-sotol","status":"publish","type":"post","link":"https:\/\/www.aquilaguna.com\/index.php\/2022\/04\/12\/anuncia-coahuila-y-torreon-feria-del-sotol\/","title":{"rendered":"ANUNCIA COAHUILA Y TORRE\u00d3N FERIA DEL SOTOL."},"content":{"rendered":"\n<p>\u00b7\u00a0\u00a0\u00a0\u00a0\u00a0\u00a0<strong><em>Contar\u00e1 con el \u2018Sotol Grand Mix\u2019, concurso de mixolog\u00eda.<\/em><\/strong><\/p>\n\n\n\n<p>\u00b7&nbsp;&nbsp;&nbsp;&nbsp;&nbsp;&nbsp;<strong><em>Sotol Fest Torre\u00f3n, \u2018Capital Mundial del Sotol\u2019.<\/em><\/strong><\/p>\n\n\n\n<p>Torre\u00f3n, Coahuila de Zaragoza; a 12 de Abril de 2022.- El Gobierno del Estado, a trav\u00e9s de la Secretar\u00eda de Cultura de Coahuila y en coordinaci\u00f3n con el Ayuntamiento de Torre\u00f3n, del Instituto Municipal de Cultura y el Organismo Mexicano Certificador y Regulador del Sotol, dieron a conocer que se realizar\u00e1 el \u201cSotol Fest, Torre\u00f3n, Capital Mundial del Sotol\u201d, del 16 al 18 de junio del presente a\u00f1o, iniciando con ello su primera edici\u00f3n.<\/p>\n\n\n\n<p>Ana Sof\u00eda Garc\u00eda Camil, Secretaria de Cultura de Coahuila, dijo que este festival es muy importante, en especial para La Laguna.<\/p>\n\n\n\n<p>Se trata de una idea que naci\u00f3 desde hace tiempo y cuando se present\u00f3 al gobernador Miguel \u00c1ngel Riquelme Sol\u00eds y al candidato y hoy Alcalde de Torre\u00f3n, Rom\u00e1n Alberto Cepeda Gonz\u00e1lez, lo hicieron suyo.<\/p>\n\n\n\n<p>Como se recordar\u00e1, en octubre de 2020 se declar\u00f3 al sotol como Patrimonio Cultural Intangible de Coahuila, mediante decreto publicado el d\u00eda 2 de octubre en el Peri\u00f3dico Oficial del Estado.<\/p>\n\n\n\n<p>El sotol recibi\u00f3 su denominaci\u00f3n de origen a principios de la d\u00e9cada del 2000 (2001 \u2013 2002) gracias a las gestiones de los gobiernos de Coahuila, Chihuahua y Durango, circunscribi\u00e9ndose la denominaci\u00f3n \u00fanicamente a estas tres entidades.<\/p>\n\n\n\n<p>El Sotol Fest Torre\u00f3n, Capital Mundial del Sotol, realiza su primera edici\u00f3n en 2022 del 16 al 18 de junio, y el programa incluye diversas actividades culturales tales como conferencias, presentaciones de libros, actividades gastron\u00f3micas, exposiciones, conciertos e intervenciones urbanas, entre otras, detall\u00f3.<\/p>\n\n\n\n<p><strong>HABR\u00c1 CONCURSO<\/strong><\/p>\n\n\n\n<p>Rodolfo Haro P\u00e1manes, presidente del Organismo Mexicano para la Certificaci\u00f3n del Sotol, agradeci\u00f3 el apoyo del Estado y Municipio, toda vez que este es un proyecto muy ambicioso, pues al ser el primer festival quieren hacerlo parte de la identidad de esta tierra.<\/p>\n\n\n\n<p>\u201cEl sotol para Coahuila es como el tequila para Jalisco, hay mucha gente interesada en invertir en este destilado que es de gran calidad en el estado\u201d.<\/p>\n\n\n\n<p>Antonio M\u00e9ndez Vigat\u00e1, Director de Instituto Municipal de Cultura y Educaci\u00f3n de Torre\u00f3n, se\u00f1al\u00f3 que es un orgullo ser sede de este evento, y a nombre del alcalde Cepeda Gonz\u00e1lez, extern\u00f3 su entusiasmo por la realizaci\u00f3n de este programa.<\/p>\n\n\n\n<p>\u201cEste sue\u00f1o de nuestro Presidente Municipal se ha convertido en realidad gracias al apoyo del Gobierno del Estado, empresarios y a la Secretar\u00eda de Cultura.<\/p>\n\n\n\n<p>\u201cEste es un buen d\u00eda para Torre\u00f3n, porque nos reunimos instituciones p\u00fablicas y privadas para celebrar una de nuestras riquezas: el sotol. Enhorabuena a todos los participantes\u201d.<\/p>\n\n\n\n<p>Inform\u00f3 que se pretende imponer el R\u00e9cord Guinness al shot de sotol m\u00e1s grande del mundo, y que se realizar\u00e1 un concurso de mixolog\u00eda en el que pueden participar todos los mix\u00f3logos, bartenders y personas interesadas (mayores de 18 a\u00f1os), que deber\u00e1n preparar un coctel con sotol Hacienda de Canutillo Blanco, reposado o a\u00f1ejo.<\/p>\n\n\n\n<p>Los ganadores recibir\u00e1n premios en efectivo y art\u00edculos para la preparaci\u00f3n de cocteles. Las bases del concurso pueden consultarse en las plataformas digitales de las instancias convocantes.<\/p>\n\n\n\n<p>Este evento se realizar\u00e1 en diversas sedes de la ciudad, entre ellas el Instituto Municipal de Cultura, la Plaza Mayor, el Centro de Convenciones, el Distrito Morelos y el Distrito Col\u00f3n, lugares donde se realizar\u00e1n diversas actividades cuya agenda se podr\u00e1 consultar acerc\u00e1ndose las fechas en las plataformas digitales de las instancias organizadoras.<\/p>\n\n\n\n<p>Hasta el Centro de Convenciones de Torre\u00f3n (CCT) se presentaron, tambi\u00e9n, Luis T\u00e9llez Montes, titular de Turismo Municipal; Lorena Safa Serrato, Administradora del CCT, y Miguel Vesu\u00f1a Rivero, Comisario del Organismo Mexicano para la Certificaci\u00f3n del Sotol y Director de la Destiler\u00eda Rey David.<\/p>\n","protected":false},"excerpt":{"rendered":"<p>\u00b7\u00a0\u00a0\u00a0\u00a0\u00a0\u00a0Contar\u00e1 con el \u2018Sotol Grand Mix\u2019, concurso de mixolog\u00eda. \u00b7&nbsp;&nbsp;&nbsp;&nbsp;&nbsp;&nbsp;Sotol Fest Torre\u00f3n, \u2018Capital Mundial del Sotol\u2019. Torre\u00f3n, Coahuila de Zaragoza; a 12 de Abril de 2022.- El Gobierno del Estado, a trav\u00e9s de la Secretar\u00eda de Cultura de Coahuila y en coordinaci\u00f3n con el Ayuntamiento de Torre\u00f3n, del Instituto Municipal de Cultura y el Organismo Mexicano Certificador y Regulador del Sotol, dieron a conocer que se realizar\u00e1 el \u201cSotol Fest,&#8230;<\/p>\n","protected":false},"author":1,"featured_media":8124,"comment_status":"closed","ping_status":"closed","sticky":false,"template":"","format":"standard","meta":{"footnotes":""},"categories":[5,15,28,34],"tags":[],"class_list":["post-8123","post","type-post","status-publish","format-standard","has-post-thumbnail","hentry","category-coahuila","category-gobierno-de-coahuila","category-la-laguna","category-turismo","wpcat-5-id","wpcat-15-id","wpcat-28-id","wpcat-34-id"],"_links":{"self":[{"href":"https:\/\/www.aquilaguna.com\/index.php\/wp-json\/wp\/v2\/posts\/8123","targetHints":{"allow":["GET"]}}],"collection":[{"href":"https:\/\/www.aquilaguna.com\/index.php\/wp-json\/wp\/v2\/posts"}],"about":[{"href":"https:\/\/www.aquilaguna.com\/index.php\/wp-json\/wp\/v2\/types\/post"}],"author":[{"embeddable":true,"href":"https:\/\/www.aquilaguna.com\/index.php\/wp-json\/wp\/v2\/users\/1"}],"replies":[{"embeddable":true,"href":"https:\/\/www.aquilaguna.com\/index.php\/wp-json\/wp\/v2\/comments?post=8123"}],"version-history":[{"count":1,"href":"https:\/\/www.aquilaguna.com\/index.php\/wp-json\/wp\/v2\/posts\/8123\/revisions"}],"predecessor-version":[{"id":8125,"href":"https:\/\/www.aquilaguna.com\/index.php\/wp-json\/wp\/v2\/posts\/8123\/revisions\/8125"}],"wp:featuredmedia":[{"embeddable":true,"href":"https:\/\/www.aquilaguna.com\/index.php\/wp-json\/wp\/v2\/media\/8124"}],"wp:attachment":[{"href":"https:\/\/www.aquilaguna.com\/index.php\/wp-json\/wp\/v2\/media?parent=8123"}],"wp:term":[{"taxonomy":"category","embeddable":true,"href":"https:\/\/www.aquilaguna.com\/index.php\/wp-json\/wp\/v2\/categories?post=8123"},{"taxonomy":"post_tag","embeddable":true,"href":"https:\/\/www.aquilaguna.com\/index.php\/wp-json\/wp\/v2\/tags?post=8123"}],"curies":[{"name":"wp","href":"https:\/\/api.w.org\/{rel}","templated":true}]}}