{"id":8189,"date":"2022-04-18T19:55:57","date_gmt":"2022-04-19T00:55:57","guid":{"rendered":"https:\/\/www.aquilaguna.com\/?p=8189"},"modified":"2022-04-18T19:55:57","modified_gmt":"2022-04-19T00:55:57","slug":"inicia-construccion-de-paso-vehicular-cuatro-caminos","status":"publish","type":"post","link":"https:\/\/www.aquilaguna.com\/index.php\/2022\/04\/18\/inicia-construccion-de-paso-vehicular-cuatro-caminos\/","title":{"rendered":"Inicia construcci\u00f3n de paso veh\u00edcular Cuatro Caminos."},"content":{"rendered":"\n<p>Torre\u00f3n, Coahuila.- Esta ma\u00f1ana dieron inicio las obras de construcci\u00f3n del\u00a0 Paso Inferior Veh\u00edcular Cuatro Caminos,\u00a0 en acto\u00a0 presidido por el Gobernador Miguel\u00a0 Angel Riquelme Solis\u00a0 y el alcalde Rom\u00e1n Alberto Cepeda Gonz\u00e1lez ante la presencia de \u00a0 dirigentes\u00a0 empresariales, funcionarios \u00a0 estatales y del municipio, as\u00ed como invitados especiales que se dieron cita frente al acceso principal de la Plaza Comercial Cuatro Caminos.<\/p>\n\n\n\n<p>En el presidium instalado exprofesto el Gobernador fue acompa\u00f1ado por el empresario Eduardo Murra Marcos, el Licenciado Blas Flores D\u00e1vila, Secretario de\u00a0 Finanzas, el Licenciado Miguel Mery Ayup, Presidente del Tribunal Superior de Justicia y el Licenciado Eduardo Olmos Castro, por el Poder Legislativo estatal, as\u00ed como por el titular de Infraestructura licenciado \u00a0 Miguel Algara.\u00a0<\/p>\n\n\n\n<p>La obra en cuesti\u00f3n contar\u00e1 con una inversi\u00f3n estimada en mas de 505 millones de pesos y se espera quede concluida\u00a0 el pr\u00f3ximo mes\u00a0 de octubre del 2023.<\/p>\n\n\n\n<p>Tal obra que en principio se hab\u00eda\u00a0 anunciado tendr\u00eda una inversi\u00f3n de 400 millones de pesos, pero esta result\u00f3 finalmente estima en\u00a0 poco mas\u00a0 de 505 millones, fue justificada por el titular de Infraestructura en Coahuila, Licenciado Miguel Algara\u00a0 \u00a0 con los aumentos que en pocas semanas\u00a0 han registrado\u00a0aumento en  los dos insumos principales\u00a0 en  la obra: acero y concreto.\u00a0<\/p>\n\n\n\n<p>La inversi\u00f3n requerida ser\u00e1 aportada por el Gobierno de Coahuila.\u00a0 Una vez que se desech\u00f3 su financiamiento a trav\u00e9s de la figura de Asociaci\u00f3n P\u00fablica Privada, que si se aplicar\u00e1 en la construcci\u00f3n \u00a0 del\u00a0 Sistema Vial que ser\u00e1 puesto en marcha pr\u00f3ximamente.<\/p>\n\n\n\n<p>Se indic\u00f3 que\u00a0 llevar a cabo esta &#8220;obra viva&#8221;\u00a0 genera acciones\u00a0 que tienen que ver con dar la seguridad y flujo normal de veh\u00edculos\u00a0 que transitan a lo largo del Bulevar Independencia, pues la obra a realizar \u00a0 se sit\u00faa en el cruce de esta importante v\u00eda, con la Prolongaci\u00f3n Cuauht\u00e9moc, que \u00a0 podr\u00eda hacer complicada tal realizaci\u00f3n,\u00a0 pero mas adelante, el Gobernador anunci\u00f3 que para recabar las quejas de los presuntos afectados\u00a0 en ella\u00a0 se estar\u00e1 conduciendo\u00a0 el proceso\u00a0 con la reuni\u00f3n entre involucrados\u00a0 e interesados a trav\u00e9s de las reuniones que semanalmente\u00a0 realiza en esta ciudad, el Sub Comit\u00e9 Regional de Salud que ahora diversifica\u00a0 sus objetivos, con tal evaluaci\u00f3n semanal\u00a0 del avance de la obra puesta en marcha este d\u00eda.\u00a0<\/p>\n\n\n\n<p>Afirmo que la afectaci\u00f3n\u00a0 ser\u00e1 larga, pero habr\u00e1 soluci\u00f3n a cada problema que se genere, al establecerse una \u00e1rea espec\u00edfica de quejas.\u00a0\u00a0<\/p>\n\n\n\n<p>Se mencion\u00f3 en las intervenciones realizadas que \u00a0 corresponder\u00e1 a la administraci\u00f3n\u00a0 municipal de Torre\u00f3n\u00a0 atender la operaci\u00f3n e inclusive costos que se deriven de la operaci\u00f3n de las obligadas rutas alternas que permitan mantener la fluidez del transito citadino en tal zona,\u00a0 \u00a0 \u00a0 implementando para ello estrategias\u00a0 a cargo del \u00e1rea de Vialidad y Transito municipal.<\/p>\n","protected":false},"excerpt":{"rendered":"<p>Torre\u00f3n, Coahuila.- Esta ma\u00f1ana dieron inicio las obras de construcci\u00f3n del\u00a0 Paso Inferior Veh\u00edcular Cuatro Caminos,\u00a0 en acto\u00a0 presidido por el Gobernador Miguel\u00a0 Angel Riquelme Solis\u00a0 y el alcalde Rom\u00e1n Alberto Cepeda Gonz\u00e1lez ante la presencia de \u00a0 dirigentes\u00a0 empresariales, funcionarios \u00a0 estatales y del municipio, as\u00ed como invitados especiales que se dieron cita frente al acceso principal de la Plaza Comercial Cuatro Caminos. En el presidium instalado exprofesto el&#8230;<\/p>\n","protected":false},"author":2,"featured_media":0,"comment_status":"closed","ping_status":"","sticky":false,"template":"","format":"standard","meta":{"footnotes":""},"categories":[5,15,77,75,7],"tags":[],"class_list":["post-8189","post","type-post","status-publish","format-standard","hentry","category-coahuila","category-gobierno-de-coahuila","category-infraestructura","category-obra","category-torreon","wpcat-5-id","wpcat-15-id","wpcat-77-id","wpcat-75-id","wpcat-7-id"],"_links":{"self":[{"href":"https:\/\/www.aquilaguna.com\/index.php\/wp-json\/wp\/v2\/posts\/8189","targetHints":{"allow":["GET"]}}],"collection":[{"href":"https:\/\/www.aquilaguna.com\/index.php\/wp-json\/wp\/v2\/posts"}],"about":[{"href":"https:\/\/www.aquilaguna.com\/index.php\/wp-json\/wp\/v2\/types\/post"}],"author":[{"embeddable":true,"href":"https:\/\/www.aquilaguna.com\/index.php\/wp-json\/wp\/v2\/users\/2"}],"replies":[{"embeddable":true,"href":"https:\/\/www.aquilaguna.com\/index.php\/wp-json\/wp\/v2\/comments?post=8189"}],"version-history":[{"count":1,"href":"https:\/\/www.aquilaguna.com\/index.php\/wp-json\/wp\/v2\/posts\/8189\/revisions"}],"predecessor-version":[{"id":8190,"href":"https:\/\/www.aquilaguna.com\/index.php\/wp-json\/wp\/v2\/posts\/8189\/revisions\/8190"}],"wp:attachment":[{"href":"https:\/\/www.aquilaguna.com\/index.php\/wp-json\/wp\/v2\/media?parent=8189"}],"wp:term":[{"taxonomy":"category","embeddable":true,"href":"https:\/\/www.aquilaguna.com\/index.php\/wp-json\/wp\/v2\/categories?post=8189"},{"taxonomy":"post_tag","embeddable":true,"href":"https:\/\/www.aquilaguna.com\/index.php\/wp-json\/wp\/v2\/tags?post=8189"}],"curies":[{"name":"wp","href":"https:\/\/api.w.org\/{rel}","templated":true}]}}