{"id":8207,"date":"2022-04-19T19:51:55","date_gmt":"2022-04-20T00:51:55","guid":{"rendered":"https:\/\/www.aquilaguna.com\/?p=8207"},"modified":"2022-04-19T19:51:55","modified_gmt":"2022-04-20T00:51:55","slug":"afectados-por-incendio-en-fraccionamientos-san-agustin-esperan-apoyo-de-administracion-municipal","status":"publish","type":"post","link":"https:\/\/www.aquilaguna.com\/index.php\/2022\/04\/19\/afectados-por-incendio-en-fraccionamientos-san-agustin-esperan-apoyo-de-administracion-municipal\/","title":{"rendered":"Afectados por incendio en fraccionamientos San Agust\u00edn, esperan apoyo de administraci\u00f3n municipal."},"content":{"rendered":"\n<p>Torre\u00f3n, Coahuila.-\u00a0 En espera de apoyo efectivo\u00a0 se encuentran las familias\u00a0 que resultaron perjudicadas al\u00a0 perder\u00a0 los\u00a0 jacales y\u00a0 sus pertenencias\u00a0 que ah\u00ed\u00a0 alojaban luego del incendio\u00a0 registrado en\u00a0 una \u00e1rea del\u00a0 Fraccionamiento San Agust\u00edn, localizado al norte de la ciudad.<\/p>\n\n\n\n<p>Ah\u00ed en las afueras del acceso principal, permanec\u00edan hasta mas all\u00e1 del\u00a0 mediod\u00eda,\u00a0 el grupo de\u00a0 afectados directos -28-, que acompa\u00f1ados de sus vecinos \u00a0 en solidaridad se sumaron tambi\u00e9n a una exigencia primaria que no es otra que\u00a0 se emprenda\u00a0 el proceso de regularizaci\u00f3n de la tenencia de\u00a0 los espacios que ocupan las viviendas en el sitio citado, y que les ha venido siendo prometido desde hace alg\u00fan tiempo a trav\u00e9s de las gestiones que dicen han hecho al respecto\u00a0 dirigentes locales\u00a0 de la agrupaci\u00f3n Antorcha Campesina.<\/p>\n\n\n\n<p>Indicaron que \u00e9ste d\u00eda fueron recibidos por la Secretar\u00eda del Ayuntamiento, pero no se defini\u00f3 estrategia o plazo alguno para la demanda principal a la que agregan tambi\u00e9n, la condici\u00f3n de peligro permanente en que se encuentran todos los que habitan el lugar, debido a que\u00a0se abastecen de energ\u00eda el\u00e9ctrica a trav\u00e9s de tomas irregulares, toda vez que al no tener domicilio oficial, la CFE no puede\u00a0 contratar de manera formal\u00a0 la prestaci\u00f3n de tal servicio.<\/p>\n\n\n\n<p>Incluso consideran algunos de los manifestantes&nbsp; de que tiene la presunci\u00f3n de que la causa del ultimo incendio registrado y&nbsp; otros que lo anteceden tienen lugar&nbsp; en las tomas irregulares de fluido el\u00e9ctrico, si bien otros apuntaron a que el incendio fue provocado.<\/p>\n\n\n\n<p>Hasta hoy, la autoridad no ha dado a conocer\u00a0 la causa\u00a0 del incendio que los dejo sin habitaci\u00f3n y patrimonio.<\/p>\n\n\n\n<p>Por su parte, el Licenciado Jos\u00e9 Guadalupe Sifuentes Favela\u00a0 que dijo ser representante de los manifestantes, expreso\u00a0 que si bien\u00a0 fueron recibidos\u00a0 esta ma\u00f1ana por la Secretar\u00eda del Ayuntamiento a una comisi\u00f3n integrada de tres personas\u00a0 de la cual formo\u00a0 parte, &#8220;no han podido ser atendidos&#8221;, debido dijo a que, &#8220;ellos, afirman que iban a tener una reuni\u00f3n previa entre ellos&#8221;.<\/p>\n\n\n\n<p>&#8220;Vimos algunos puntos sobre necesidades muy concretas de nuestras familias. Insistiendo en el tema de la regularizaci\u00f3n y\u00a0 servicio de energ\u00eda el\u00e9ctrica&#8221;.<\/p>\n\n\n\n<p>El grupo manifestante dijo representar a por lo menos 80 posesionarios de terrenos\u00a0 en el fraccionamiento San Agust\u00edn \u00a0 que data para algunos\u00a0 cuatro y hasta siete a\u00f1os en tal sitio.<\/p>\n\n\n\n<p>&#8220;Esperamos\u00a0 que finalmente, el alcalde Rom\u00e1n Alberto Cepeda Gonz\u00e1lez acceda\u00a0 a\u00a0 dialogar\u00a0 con nosotros, pues presumimos y casi tenemos certeza de que los\u00a0 terrenos\u00a0 que ocupamos son propiedad municipal, pero esto, a la fecha no ha sido posible&#8221;.<\/p>\n","protected":false},"excerpt":{"rendered":"<p>Torre\u00f3n, Coahuila.-\u00a0 En espera de apoyo efectivo\u00a0 se encuentran las familias\u00a0 que resultaron perjudicadas al\u00a0 perder\u00a0 los\u00a0 jacales y\u00a0 sus pertenencias\u00a0 que ah\u00ed\u00a0 alojaban luego del incendio\u00a0 registrado en\u00a0 una \u00e1rea del\u00a0 Fraccionamiento San Agust\u00edn, localizado al norte de la ciudad. Ah\u00ed en las afueras del acceso principal, permanec\u00edan hasta mas all\u00e1 del\u00a0 mediod\u00eda,\u00a0 el grupo de\u00a0 afectados directos -28-, que acompa\u00f1ados de sus vecinos \u00a0 en solidaridad se sumaron&#8230;<\/p>\n","protected":false},"author":2,"featured_media":0,"comment_status":"closed","ping_status":"","sticky":false,"template":"","format":"standard","meta":{"footnotes":""},"categories":[5,28,7],"tags":[],"class_list":["post-8207","post","type-post","status-publish","format-standard","hentry","category-coahuila","category-la-laguna","category-torreon","wpcat-5-id","wpcat-28-id","wpcat-7-id"],"_links":{"self":[{"href":"https:\/\/www.aquilaguna.com\/index.php\/wp-json\/wp\/v2\/posts\/8207","targetHints":{"allow":["GET"]}}],"collection":[{"href":"https:\/\/www.aquilaguna.com\/index.php\/wp-json\/wp\/v2\/posts"}],"about":[{"href":"https:\/\/www.aquilaguna.com\/index.php\/wp-json\/wp\/v2\/types\/post"}],"author":[{"embeddable":true,"href":"https:\/\/www.aquilaguna.com\/index.php\/wp-json\/wp\/v2\/users\/2"}],"replies":[{"embeddable":true,"href":"https:\/\/www.aquilaguna.com\/index.php\/wp-json\/wp\/v2\/comments?post=8207"}],"version-history":[{"count":1,"href":"https:\/\/www.aquilaguna.com\/index.php\/wp-json\/wp\/v2\/posts\/8207\/revisions"}],"predecessor-version":[{"id":8208,"href":"https:\/\/www.aquilaguna.com\/index.php\/wp-json\/wp\/v2\/posts\/8207\/revisions\/8208"}],"wp:attachment":[{"href":"https:\/\/www.aquilaguna.com\/index.php\/wp-json\/wp\/v2\/media?parent=8207"}],"wp:term":[{"taxonomy":"category","embeddable":true,"href":"https:\/\/www.aquilaguna.com\/index.php\/wp-json\/wp\/v2\/categories?post=8207"},{"taxonomy":"post_tag","embeddable":true,"href":"https:\/\/www.aquilaguna.com\/index.php\/wp-json\/wp\/v2\/tags?post=8207"}],"curies":[{"name":"wp","href":"https:\/\/api.w.org\/{rel}","templated":true}]}}