{"id":8239,"date":"2022-04-21T18:52:56","date_gmt":"2022-04-21T23:52:56","guid":{"rendered":"https:\/\/www.aquilaguna.com\/?p=8239"},"modified":"2022-04-21T18:52:57","modified_gmt":"2022-04-21T23:52:57","slug":"alcalde-toma-protesta-al-consejo-municipal-de-desarrollo-urbano","status":"publish","type":"post","link":"https:\/\/www.aquilaguna.com\/index.php\/2022\/04\/21\/alcalde-toma-protesta-al-consejo-municipal-de-desarrollo-urbano\/","title":{"rendered":"Alcalde toma protesta al Consejo Municipal de Desarrollo Urbano."},"content":{"rendered":"\n<p>Torre\u00f3n, Coahuila a 21 de abril de 2022.<\/p>\n\n\n\n<p>El alcalde Rom\u00e1n Alberto Cepeda Gonz\u00e1lez, tom\u00f3 protesta a los nuevos<br>integrantes del Consejo Municipal de Desarrollo Urbano de Torre\u00f3n, el cual ser\u00e1<br>presidido por Alberto Allegre del Cueto.<\/p>\n\n\n\n<p>En su mensaje el alcalde destac\u00f3 que con la formaci\u00f3n de este Consejo, se<br>ejecutar\u00e1n todas las acciones necesarias para promover el desarrollo urbano,<br>conforme al reglamento y dem\u00e1s disposiciones aplicables que lo regulan.<\/p>\n\n\n\n<p>Agreg\u00f3 que dentro de las principales actividades que tendr\u00e1 el Consejo ser\u00e1n las<br>de evaluar, proponer y opinar sobre algunos estudios y proyectos espec\u00edficos, as\u00ed<br>como apoyar para dar soluci\u00f3n a problemas urbanos y formular propuestas que se<br>deriven del desarrollo municipal.<\/p>\n\n\n\n<p>El Presidente Municipal agradeci\u00f3 la participaci\u00f3n de cada uno de los consejeros,<br>quienes acompa\u00f1ar\u00e1n a la Administraci\u00f3n en la elaboraci\u00f3n de reglamentos y<br>leyes por un crecimiento ordenado de la ciudad.<\/p>\n\n\n\n<p>El Consejo quedo integrado de la siguiente manera: Alberto Allegre del Cueto,<br>presidente; y como consejeros: Jes\u00fas Gerardo Mon\u00e1rrez Mena, de la CMIC;<br>Oscar Omar Puentes Ju\u00e1rez, del Colegio de Arquitectos de la Comarca Lagunera;<br>Juan Fernando Abusaid Quinard, de CANADEVI; Agust\u00edn Hern\u00e1ndez Ruelas, del<br>Colegio de Ingenieros Civiles; Jos\u00e9 Vela del R\u00edo, del Colegio de Ingenieros<br>Mec\u00e1nicos, Electricistas y Electr\u00f3nicos Laguna; Benjam\u00edn Tumoine Villarreal, del<br>Colegio de Ingenieros Civiles; Diana Susana Estens de la Garza, directora de<br>Medio Ambiente; Jorge Luis Ju\u00e1rez, director de Protecci\u00f3n Civil; Juan Adolfo Von<br>Bertrab Saracho, director de Obras P\u00fablicas; Eduardo Terrazas Ramos, direcci\u00f3n<br>del Simas; Jos\u00e9 Antonio Ram\u00edrez Reyes, director del IMPLAN y Ricardo Ojinaga<br>Rasc\u00f3n, coordinaci\u00f3n General de Gesti\u00f3n Urbana de la Secretar\u00eda de<br>Infraestructura Estado de Coahuila.<\/p>\n","protected":false},"excerpt":{"rendered":"<p>Torre\u00f3n, Coahuila a 21 de abril de 2022. El alcalde Rom\u00e1n Alberto Cepeda Gonz\u00e1lez, tom\u00f3 protesta a los nuevosintegrantes del Consejo Municipal de Desarrollo Urbano de Torre\u00f3n, el cual ser\u00e1presidido por Alberto Allegre del Cueto. En su mensaje el alcalde destac\u00f3 que con la formaci\u00f3n de este Consejo, seejecutar\u00e1n todas las acciones necesarias para promover el desarrollo urbano,conforme al reglamento y dem\u00e1s disposiciones aplicables que lo regulan. Agreg\u00f3 que dentro&#8230;<\/p>\n","protected":false},"author":1,"featured_media":8240,"comment_status":"closed","ping_status":"closed","sticky":false,"template":"","format":"standard","meta":{"footnotes":""},"categories":[5,28,7],"tags":[],"class_list":["post-8239","post","type-post","status-publish","format-standard","has-post-thumbnail","hentry","category-coahuila","category-la-laguna","category-torreon","wpcat-5-id","wpcat-28-id","wpcat-7-id"],"_links":{"self":[{"href":"https:\/\/www.aquilaguna.com\/index.php\/wp-json\/wp\/v2\/posts\/8239","targetHints":{"allow":["GET"]}}],"collection":[{"href":"https:\/\/www.aquilaguna.com\/index.php\/wp-json\/wp\/v2\/posts"}],"about":[{"href":"https:\/\/www.aquilaguna.com\/index.php\/wp-json\/wp\/v2\/types\/post"}],"author":[{"embeddable":true,"href":"https:\/\/www.aquilaguna.com\/index.php\/wp-json\/wp\/v2\/users\/1"}],"replies":[{"embeddable":true,"href":"https:\/\/www.aquilaguna.com\/index.php\/wp-json\/wp\/v2\/comments?post=8239"}],"version-history":[{"count":1,"href":"https:\/\/www.aquilaguna.com\/index.php\/wp-json\/wp\/v2\/posts\/8239\/revisions"}],"predecessor-version":[{"id":8241,"href":"https:\/\/www.aquilaguna.com\/index.php\/wp-json\/wp\/v2\/posts\/8239\/revisions\/8241"}],"wp:featuredmedia":[{"embeddable":true,"href":"https:\/\/www.aquilaguna.com\/index.php\/wp-json\/wp\/v2\/media\/8240"}],"wp:attachment":[{"href":"https:\/\/www.aquilaguna.com\/index.php\/wp-json\/wp\/v2\/media?parent=8239"}],"wp:term":[{"taxonomy":"category","embeddable":true,"href":"https:\/\/www.aquilaguna.com\/index.php\/wp-json\/wp\/v2\/categories?post=8239"},{"taxonomy":"post_tag","embeddable":true,"href":"https:\/\/www.aquilaguna.com\/index.php\/wp-json\/wp\/v2\/tags?post=8239"}],"curies":[{"name":"wp","href":"https:\/\/api.w.org\/{rel}","templated":true}]}}