{"id":825,"date":"2021-03-09T20:10:22","date_gmt":"2021-03-10T02:10:22","guid":{"rendered":"https:\/\/www.aquilaguna.com\/?p=825"},"modified":"2021-03-09T20:10:22","modified_gmt":"2021-03-10T02:10:22","slug":"sin-vacunacion-a-maestros-no-habra-regreso-a-clases-presenciales","status":"publish","type":"post","link":"https:\/\/www.aquilaguna.com\/index.php\/2021\/03\/09\/sin-vacunacion-a-maestros-no-habra-regreso-a-clases-presenciales\/","title":{"rendered":"Sin vacunaci\u00f3n a maestros no habr\u00e1 regreso a clases presenciales."},"content":{"rendered":"\n<p>Torre\u00f3n, Coahuila.- &#8220;El presente ciclo escolar que se imparte a distancia desde el inicio de la pandemia de Covid-19 concluir\u00e1 bajo tal esquema, toda vez que en tanto el personal docente que tiene a su cargo la educaci\u00f3n en el sistema publico en lo ciclos preescolar, primaria y secundaria hasta en tanto no reciban estos la vacunaci\u00f3n correspondiente&#8221;.<br><br>Afirm\u00f3 la Maestra Flor Esthela Renteria Medina, si bien hay voces de padres de familia que est\u00e1n urgiendo reanudar la educaci\u00f3n presencial, de cara a los rezagos que se detectan no solo en el \u00e1mbito acad\u00e9mico, sino tambi\u00e9n emocional entre los alumnos.<br><br>Sobre el tema, la funcionaria estatal al frente de la Coordinaci\u00f3n Regional de los Servicios Educativos de la SEP en la zona lagunera, consider\u00f3 lo anterior, explico que, &#8220;cierto es que muchos padres de familia est\u00e1n solicitando ya el regreso de los alumnos al m\u00e9todo presencial, que quedo en suspenso al inicio de la pandemia, para dar paso a la educaci\u00f3n a distancia, pues argumentan que los ni\u00f1os ya est\u00e1n desesperados, sobre todo aquellos que no han tenido las mejores condiciones, como lo es carecer de computadora, internet, equipo de telefon\u00eda, etc.&#8221;<br><br>&#8220;Pero, tenemos otra realidad; la que nos indica que los maestros no pueden regresar a proporcionar educaci\u00f3n presencial, sin estar vacunados&#8221;.<br><br>&#8220;Yo considero, que tenemos que seguir atendiendo las indicaciones que nos ha dado tanto la SEP, a nivel federal como el Gobierno del Estado, cada semana, en las reuniones del Sub comit\u00e9 t\u00e9cnico, en el que se informa sobre c\u00f3mo vamos, como evoluciona la pandemia&#8221;.<br><br>&#8220;Afortunadamente en Coahuila, por ahora estamos sem\u00e1foro amarrilo y la Laguna tiene un 10 % de camas covid ocupadas, lo que ha permitido que se reactiven muchas actividades econ\u00f3micas, como lo fue por ejemplo, la reactivaci\u00f3n del Estadio Santos Modelo, con autorizaci\u00f3n de un 40% de su aforo&#8221;.<br><br>La verdad, admite la funcionaria, &#8220;estamos ya cansados, muchos ha sido el trabajo de los maestros y esto hay que reconocerlo, pues no han escatimado en horarios , tiempo, recursos incluso y ha sido muy complicado, pero la prioridad sigue siendo la salud de nuestros ni\u00f1os, de los adolescentes y los maestros&#8221;.<br><br>Declin\u00f3 emitir comentario alguno que pueda hacerse realidad la reanudaci\u00f3n de la educaci\u00f3n presencial, antes de que concluya el presente ciclo escolar, seg\u00fan lo marca el calendario vigente.<br><br>Dice que hace dos semanas en el Sub-comit\u00e9 el Secretario de Salud en el Estado, &#8220;se nos present\u00f3 un Plan estatal de Vacunaci\u00f3n en el que el Gobierno del Estado, tiene en proyecto la compra de un mill\u00f3n de vacunas, y en la vacunaci\u00f3n correspondiente con estos ant\u00edgenos incluye a los maestros de Coahuila, como un sector prioritario&#8221;.<br><br>&#8220;Eso est\u00e1 programado para el mes de abril o mayo y de darse, tendr\u00edamos un escenario favorable para pensar en un regreso presencial, si bien todos conocemos que los laboratorios est\u00e1n rebasados, que no hay suficiente vacuna y que el gobierno federal tiene totalmente monopolizado la adquisici\u00f3n de las vacunas. Y que env\u00eda a cuentagotas las dotaciones de vacunas a las entidades federativas&#8221;.<br><br>La verdad, afirma la funcionaria, &#8220;creo que en este momento ser\u00eda muy aventurado estar prensando en un retorno a clases de manera presencial&#8221;.<\/p>\n","protected":false},"excerpt":{"rendered":"<p>Torre\u00f3n, Coahuila.- &#8220;El presente ciclo escolar que se imparte a distancia desde el inicio de la pandemia de Covid-19 concluir\u00e1 bajo tal esquema, toda vez que en tanto el personal docente que tiene a su cargo la educaci\u00f3n en el sistema publico en lo ciclos preescolar, primaria y secundaria hasta en tanto no reciban estos la vacunaci\u00f3n correspondiente&#8221;. Afirm\u00f3 la Maestra Flor Esthela Renteria Medina, si bien hay voces de&#8230;<\/p>\n","protected":false},"author":2,"featured_media":0,"comment_status":"closed","ping_status":"","sticky":false,"template":"","format":"standard","meta":{"footnotes":""},"categories":[5,4,9,22],"tags":[],"class_list":["post-825","post","type-post","status-publish","format-standard","hentry","category-coahuila","category-covid","category-educacion","category-vacunas","wpcat-5-id","wpcat-4-id","wpcat-9-id","wpcat-22-id"],"_links":{"self":[{"href":"https:\/\/www.aquilaguna.com\/index.php\/wp-json\/wp\/v2\/posts\/825","targetHints":{"allow":["GET"]}}],"collection":[{"href":"https:\/\/www.aquilaguna.com\/index.php\/wp-json\/wp\/v2\/posts"}],"about":[{"href":"https:\/\/www.aquilaguna.com\/index.php\/wp-json\/wp\/v2\/types\/post"}],"author":[{"embeddable":true,"href":"https:\/\/www.aquilaguna.com\/index.php\/wp-json\/wp\/v2\/users\/2"}],"replies":[{"embeddable":true,"href":"https:\/\/www.aquilaguna.com\/index.php\/wp-json\/wp\/v2\/comments?post=825"}],"version-history":[{"count":1,"href":"https:\/\/www.aquilaguna.com\/index.php\/wp-json\/wp\/v2\/posts\/825\/revisions"}],"predecessor-version":[{"id":826,"href":"https:\/\/www.aquilaguna.com\/index.php\/wp-json\/wp\/v2\/posts\/825\/revisions\/826"}],"wp:attachment":[{"href":"https:\/\/www.aquilaguna.com\/index.php\/wp-json\/wp\/v2\/media?parent=825"}],"wp:term":[{"taxonomy":"category","embeddable":true,"href":"https:\/\/www.aquilaguna.com\/index.php\/wp-json\/wp\/v2\/categories?post=825"},{"taxonomy":"post_tag","embeddable":true,"href":"https:\/\/www.aquilaguna.com\/index.php\/wp-json\/wp\/v2\/tags?post=825"}],"curies":[{"name":"wp","href":"https:\/\/api.w.org\/{rel}","templated":true}]}}