{"id":8293,"date":"2022-04-25T19:47:46","date_gmt":"2022-04-26T00:47:46","guid":{"rendered":"https:\/\/www.aquilaguna.com\/?p=8293"},"modified":"2022-04-25T19:50:45","modified_gmt":"2022-04-26T00:50:45","slug":"acompana-mars-a-roman-cepeda-en-la-presentacion-del-plan-municipal-de-desarrollo-de-torreon","status":"publish","type":"post","link":"https:\/\/www.aquilaguna.com\/index.php\/2022\/04\/25\/acompana-mars-a-roman-cepeda-en-la-presentacion-del-plan-municipal-de-desarrollo-de-torreon\/","title":{"rendered":"ACOMPA\u00d1A MARS A ROMAN CEPEDA EN LA PRESENTACI\u00d3N DEL PLAN MUNICIPAL DE DESARROLLO DE TORRE\u00d3N."},"content":{"rendered":"\n<p>\u00b7&nbsp;&nbsp;&nbsp;&nbsp;&nbsp;&nbsp;<strong><em>&nbsp;Anuncia gobernador Miguel Riquelme que dejar\u00e1 listo el Corredor Econ\u00f3mico del Norte.&nbsp;<\/em><\/strong><\/p>\n\n\n\n<p>Torre\u00f3n, Coahuila de Zaragoza; a 25 de Abril de 2022.- El gobernador Miguel \u00c1ngel Riquelme Sol\u00eds acompa\u00f1\u00f3 al Alcalde de Torre\u00f3n, Rom\u00e1n Alberto Cepeda Gonz\u00e1lez, en la presentaci\u00f3n del Plan Municipal de Desarrollo.<\/p>\n\n\n\n<p>El Mandatario estatal se\u00f1al\u00f3 que esta es la principal herramienta para poder constituir las demandas sociales, y se dijo gustoso de que se tomara en cuenta el Plan Estatal de Desarrollo, con lo que se deja un mensaje de unidad y de coordinaci\u00f3n para garantizar el actuar de la Administraci\u00f3n Estatal y Municipal en pro de las y los torreonenses.<\/p>\n\n\n\n<p>\u201cEl Plan Municipal de Desarrollo no se hizo solo, fue producto de participaci\u00f3n ciudadana, que est\u00e1 en concordancia con el Plan Estatal de Desarrollo\u201d, mencion\u00f3.<\/p>\n\n\n\n<p>Explic\u00f3 que cada semana que est\u00e1 en Torre\u00f3n hay un planteamiento de coordinaci\u00f3n con la Administraci\u00f3n local para enfrentar distintos retos, para enfrentar los desaf\u00edos del desarrollo econ\u00f3mico, preparados para el T-MEC, para dejar listo el Corredor Econ\u00f3mico del Norte, pues es el futuro que se tiene que trazar y en el que deben enfocarse de manera directa.<\/p>\n\n\n\n<p>Asegur\u00f3 que con Rom\u00e1n Cepeda y su Cabildo, a Torre\u00f3n le seguir\u00e1 yendo bien, pues ha sido testigo de horas de planeaci\u00f3n.<\/p>\n\n\n\n<p>Expres\u00f3 adem\u00e1s que con la entrega de 37 unidades y la firma del Mando \u00danico, sabe que el Alcalde tiene el compromiso con la seguridad.<\/p>\n\n\n\n<p>\u201cRatifico mi convicci\u00f3n de que siempre sostendremos un s\u00f3lido blindaje entre los tres \u00f3rdenes de Gobierno. No nos cansaremos de reconocer todo el apoyo que hemos recibido de las Fuerzas Armadas\u201d, recalc\u00f3.<\/p>\n\n\n\n<p>Riquelme Sol\u00eds record\u00f3 que arrancaron el Sistema Vial de Cuatro Caminos y en tres meses el de Villa Florida, con lo que seguir\u00e1 construyendo infraestructura que garantice resultados en beneficio de todas y todos.<\/p>\n\n\n\n<p>En su presentaci\u00f3n del Plan Municipal de Desarrollo, Rom\u00e1n Alberto Cepeda Gonz\u00e1lez expres\u00f3 que este plan indica la ruta a seguir, considerando los rubros m\u00e1s importantes en temas de: Seguridad, Empleo y Agua, pero tambi\u00e9n contempla la visi\u00f3n a futuro, la visi\u00f3n de un Torre\u00f3n sustentable, sostenible, de alta competitividad y con orden.<\/p>\n\n\n\n<p>Mencion\u00f3 que estos tres meses le permiten desarrollar el ritmo de trabajo, el cual ser\u00eda imposible sin el apoyo del gobernador Miguel \u00c1ngel Riquelme Sol\u00eds: \u201cSeguimos juntos, sin titubear\u201d.<\/p>\n\n\n\n<p>Rom\u00e1n Cepeda se\u00f1al\u00f3 que dirigir el rumbo de este municipio es una enorme responsabilidad que demanda voluntad, por tanto, su gobierno es abierto, plural y trasparente.<\/p>\n\n\n\n<p>\u201cNuestro municipio nos llama a todos, sociedad y gobierno, a sumarnos activamente para avanzar en la construcci\u00f3n de la ciudad que todos anhelamos.<\/p>\n\n\n\n<p>Este Plan Municipal de Desarrollo 22, 23 y 24 es el resultado de un esfuerzo en conjunto\u201d, enfatiz\u00f3.<\/p>\n\n\n\n<p>En este documento se han plasmado 24 objetivos en temas de Buen Gobierno, Seguridad y Orden; la Fortaleza y el Desarrollo Econ\u00f3mico; y Bienestar para Todos.<\/p>\n\n\n\n<p>Cepeda Gonz\u00e1lez hizo su compromiso y el de su Administraci\u00f3n de poner el mayor esfuerzo y la mayor dedicaci\u00f3n para garantizar un buen gobierno a las y los torreonenses.<\/p>\n\n\n\n<p>Agradeci\u00f3, una vez m\u00e1s, al gobernador Miguel Riquelme por su respaldo.Por su parte, Jos\u00e9 Elezar Pi\u00f1a \u00c1lvarez, presidente de la Canadevi, coment\u00f3 que m\u00e1s que un aspecto legal, este Plan Municipal de Desarrollo es para los ciudadanos una prueba de que s\u00ed hay rumbo, y de que ellos pueden tener confianza en sus autoridades, pues no dejan el trabajo a la improvisaci\u00f3n.<\/p>\n\n\n\n<p>Reconoci\u00f3 que ha sido muy notorio el intenso trabajo del Alcalde y del Gobernador: \u201cHoy se nota que existe una gran coordinaci\u00f3n para acelerar el crecimiento de nuestra ciudad\u201d, mencion\u00f3.<\/p>\n\n\n\n<p>Indic\u00f3 que hoy se han sentado las bases para la participaci\u00f3n ciudadana y que no todo es responsabilidad del Gobierno, pues les toca a todos los sectores vigilar que este plan se cumpla.<\/p>\n\n\n\n<p>En la presentaci\u00f3n de este Plan Municipal de Desarrollo, que se celebr\u00f3 en el Centro de Convenciones de Torre\u00f3n, estuvieron presentes, adem\u00e1s, Eduardo Olmos Castro, Diputado Presidente de la Junta de Gobierno del Congreso del Estado; Miguel Felipe Mery Ayup, Magistrado Presidente del Tribunal Superior de Justicia del Estado; Rogelio Garc\u00eda P\u00e9rez, Mando Especial de La Laguna.<\/p>\n\n\n\n<p>As\u00ed como funcionarios estatales, municipales, empresarios, representantes de c\u00e1maras, rectores y directores de universidades.<\/p>\n","protected":false},"excerpt":{"rendered":"<p>\u00b7&nbsp;&nbsp;&nbsp;&nbsp;&nbsp;&nbsp;&nbsp;Anuncia gobernador Miguel Riquelme que dejar\u00e1 listo el Corredor Econ\u00f3mico del Norte.&nbsp; Torre\u00f3n, Coahuila de Zaragoza; a 25 de Abril de 2022.- El gobernador Miguel \u00c1ngel Riquelme Sol\u00eds acompa\u00f1\u00f3 al Alcalde de Torre\u00f3n, Rom\u00e1n Alberto Cepeda Gonz\u00e1lez, en la presentaci\u00f3n del Plan Municipal de Desarrollo. El Mandatario estatal se\u00f1al\u00f3 que esta es la principal herramienta para poder constituir las demandas sociales, y se dijo gustoso de que se tomara en&#8230;<\/p>\n","protected":false},"author":1,"featured_media":8298,"comment_status":"closed","ping_status":"closed","sticky":false,"template":"","format":"standard","meta":{"footnotes":""},"categories":[5,15,28,7],"tags":[],"class_list":["post-8293","post","type-post","status-publish","format-standard","has-post-thumbnail","hentry","category-coahuila","category-gobierno-de-coahuila","category-la-laguna","category-torreon","wpcat-5-id","wpcat-15-id","wpcat-28-id","wpcat-7-id"],"_links":{"self":[{"href":"https:\/\/www.aquilaguna.com\/index.php\/wp-json\/wp\/v2\/posts\/8293","targetHints":{"allow":["GET"]}}],"collection":[{"href":"https:\/\/www.aquilaguna.com\/index.php\/wp-json\/wp\/v2\/posts"}],"about":[{"href":"https:\/\/www.aquilaguna.com\/index.php\/wp-json\/wp\/v2\/types\/post"}],"author":[{"embeddable":true,"href":"https:\/\/www.aquilaguna.com\/index.php\/wp-json\/wp\/v2\/users\/1"}],"replies":[{"embeddable":true,"href":"https:\/\/www.aquilaguna.com\/index.php\/wp-json\/wp\/v2\/comments?post=8293"}],"version-history":[{"count":2,"href":"https:\/\/www.aquilaguna.com\/index.php\/wp-json\/wp\/v2\/posts\/8293\/revisions"}],"predecessor-version":[{"id":8299,"href":"https:\/\/www.aquilaguna.com\/index.php\/wp-json\/wp\/v2\/posts\/8293\/revisions\/8299"}],"wp:featuredmedia":[{"embeddable":true,"href":"https:\/\/www.aquilaguna.com\/index.php\/wp-json\/wp\/v2\/media\/8298"}],"wp:attachment":[{"href":"https:\/\/www.aquilaguna.com\/index.php\/wp-json\/wp\/v2\/media?parent=8293"}],"wp:term":[{"taxonomy":"category","embeddable":true,"href":"https:\/\/www.aquilaguna.com\/index.php\/wp-json\/wp\/v2\/categories?post=8293"},{"taxonomy":"post_tag","embeddable":true,"href":"https:\/\/www.aquilaguna.com\/index.php\/wp-json\/wp\/v2\/tags?post=8293"}],"curies":[{"name":"wp","href":"https:\/\/api.w.org\/{rel}","templated":true}]}}