{"id":8312,"date":"2022-04-25T20:15:59","date_gmt":"2022-04-26T01:15:59","guid":{"rendered":"https:\/\/www.aquilaguna.com\/?p=8312"},"modified":"2022-04-25T20:15:59","modified_gmt":"2022-04-26T01:15:59","slug":"rodrigo-fuentes-contrarrestara-campana-de-odio-con-amor","status":"publish","type":"post","link":"https:\/\/www.aquilaguna.com\/index.php\/2022\/04\/25\/rodrigo-fuentes-contrarrestara-campana-de-odio-con-amor\/","title":{"rendered":"Rodrigo Fuentes contrarrestar\u00e1 campa\u00f1a de odio con &#8220;amor&#8221;."},"content":{"rendered":"\n<p>Torre\u00f3n, Coahuila.-\u00a0 Amor,\u00a0 ant\u00eddoto para contrarrestar la campa\u00f1a de odio que\u00a0 \u00a0 dirigentes\u00a0 de\u00a0 MORENA y el\u00a0 Presidente L\u00f3pez Obrador despliega\u00a0 versus los 223 diputados\u00a0 federales que\u00a0 votaron en contra de su iniciativa \u00a0 de una nueva Ley de la Industria El\u00e9ctrica el pasado 17 de abril .<\/p>\n\n\n\n<p>La amorosa\u00a0 respuesta,\u00a0 no exenta de iron\u00eda, fue expresada esta ma\u00f1ana por el diputado federal y dirigente del Partido Revolucionario Institucional en Coahuila, Ingeniero Rodrigo Fuentes Avila \u00a0 al ser preguntado sobre cual estrategia o respuesta\u00a0 que amerita la campa\u00f1a de satanizaci\u00f3n que en su contra y 222 diputados\u00a0 federales mas esta ya en marcha en el pa\u00eds, a trav\u00e9s de\u00a0 movilizaciones &#8220;paredones de ignominia\u00a0 o\u00a0 tendederos&#8221;, con exhibici\u00f3n de sus nombres e im\u00e1genes, as\u00ed como\u00a0en redes sociales.<\/p>\n\n\n\n<p>Preguntado, sin mas inform\u00f3 que, &#8220;contra tal campa\u00f1a de odio, responderemos con amor, creo que es importante enviar amor al principal ocupante de Palacio Nacional, creo que en su casa\u00a0 le\u00a0 falta eso; amor&#8221;.<\/p>\n\n\n\n<p>Esta vez ellos, dijo,\u00a0&#8220;no tuvieron los votos necesarios, no los tienen y no los van a tener para la reforma electoral y no los van a tener para la reforma de la Guardia Nacional&#8221;.<\/p>\n\n\n\n<p>Deben de entender, afirm\u00f3, &#8220;que en el Parlamento se platica, se gestiona, se consensa\u00a0 por mayor\u00eda que tengan necesitan de acuerdo a la ley de nosotros, para poder hacer reformas constitucionales&#8221;.\u00a0<\/p>\n\n\n\n<p>&#8220;Y mientras no haya consensos, y sobre todo, un buen l\u00edder en la C\u00e1mara de Diputados,\u00a0 pues no va a pasar nada, no va a haber dialogo&#8221;.\u00a0\u00a0<\/p>\n\n\n\n<p>&#8220;No\u00a0 saben hacer pol\u00edtica&#8221;, concluy\u00f3.<\/p>\n\n\n\n<p>&#8220;Hablan mucho de historia y hoy hay una historia\u00a0 plasmada\u00a0 que los va a acompa\u00f1ar toda su vida; es Andr\u00e9s Manuel L\u00f3pez Obrador es el primer Presidente de la Rep\u00fablica\u00a0 que env\u00eda una Iniciativa\u00a0 Constitucional\u00a0 que le es rechazada&#8221;.<\/p>\n\n\n\n<p>Record\u00f3 que, &#8220;reformas Constitucionales las han hecho reg\u00edmenes\u00a0 emanados del PRI, del PAN \u00a0 y se han aprobado y con MORENA no&#8221;.<\/p>\n\n\n\n<p>Analiz\u00f3, preguntado, &#8220;que el no alcanzar tal aprobaci\u00f3n, se puede \u00a0 atribuir a que ellos\u00a0 no buscan el consenso, no tienen mano izquierda. Pero adem\u00e1s no tienen humildad&#8221;.<\/p>\n","protected":false},"excerpt":{"rendered":"<p>Torre\u00f3n, Coahuila.-\u00a0 Amor,\u00a0 ant\u00eddoto para contrarrestar la campa\u00f1a de odio que\u00a0 \u00a0 dirigentes\u00a0 de\u00a0 MORENA y el\u00a0 Presidente L\u00f3pez Obrador despliega\u00a0 versus los 223 diputados\u00a0 federales que\u00a0 votaron en contra de su iniciativa \u00a0 de una nueva Ley de la Industria El\u00e9ctrica el pasado 17 de abril . La amorosa\u00a0 respuesta,\u00a0 no exenta de iron\u00eda, fue expresada esta ma\u00f1ana por el diputado federal y dirigente del Partido Revolucionario Institucional en&#8230;<\/p>\n","protected":false},"author":2,"featured_media":0,"comment_status":"closed","ping_status":"","sticky":false,"template":"","format":"standard","meta":{"footnotes":""},"categories":[5,66,16],"tags":[],"class_list":["post-8312","post","type-post","status-publish","format-standard","hentry","category-coahuila","category-diputados","category-pri","wpcat-5-id","wpcat-66-id","wpcat-16-id"],"_links":{"self":[{"href":"https:\/\/www.aquilaguna.com\/index.php\/wp-json\/wp\/v2\/posts\/8312","targetHints":{"allow":["GET"]}}],"collection":[{"href":"https:\/\/www.aquilaguna.com\/index.php\/wp-json\/wp\/v2\/posts"}],"about":[{"href":"https:\/\/www.aquilaguna.com\/index.php\/wp-json\/wp\/v2\/types\/post"}],"author":[{"embeddable":true,"href":"https:\/\/www.aquilaguna.com\/index.php\/wp-json\/wp\/v2\/users\/2"}],"replies":[{"embeddable":true,"href":"https:\/\/www.aquilaguna.com\/index.php\/wp-json\/wp\/v2\/comments?post=8312"}],"version-history":[{"count":1,"href":"https:\/\/www.aquilaguna.com\/index.php\/wp-json\/wp\/v2\/posts\/8312\/revisions"}],"predecessor-version":[{"id":8313,"href":"https:\/\/www.aquilaguna.com\/index.php\/wp-json\/wp\/v2\/posts\/8312\/revisions\/8313"}],"wp:attachment":[{"href":"https:\/\/www.aquilaguna.com\/index.php\/wp-json\/wp\/v2\/media?parent=8312"}],"wp:term":[{"taxonomy":"category","embeddable":true,"href":"https:\/\/www.aquilaguna.com\/index.php\/wp-json\/wp\/v2\/categories?post=8312"},{"taxonomy":"post_tag","embeddable":true,"href":"https:\/\/www.aquilaguna.com\/index.php\/wp-json\/wp\/v2\/tags?post=8312"}],"curies":[{"name":"wp","href":"https:\/\/api.w.org\/{rel}","templated":true}]}}