{"id":8369,"date":"2022-04-28T18:31:18","date_gmt":"2022-04-28T23:31:18","guid":{"rendered":"https:\/\/www.aquilaguna.com\/?p=8369"},"modified":"2022-04-28T18:31:18","modified_gmt":"2022-04-28T23:31:18","slug":"arrancan-cemex-y-mejora-programa-de-cemento-a-bajo-costo","status":"publish","type":"post","link":"https:\/\/www.aquilaguna.com\/index.php\/2022\/04\/28\/arrancan-cemex-y-mejora-programa-de-cemento-a-bajo-costo\/","title":{"rendered":"ARRANCAN CEMEX Y MEJORA PROGRAMA DE CEMENTO A BAJO COSTO."},"content":{"rendered":"\n<p>\u00b7\u00a0\u00a0\u00a0\u00a0\u00a0\u00a0<strong><em>Firman convenio de colaboraci\u00f3n\u00a0 para ofrecer precios competitivos a la poblaci\u00f3n<\/em><\/strong>.<\/p>\n\n\n\n<p>Saltillo, Coahuila; 28 de abril de 2022.- En seguimiento a la pol\u00edtica social del Gobernador Miguel \u00c1ngel Riquelme Sol\u00eds, y como parte del acuerdo social Mejora tu Casa, el Secretario de Inclusi\u00f3n y Desarrollo Social, Manolo Jim\u00e9nez Salinas, firm\u00f3 un convenio de colaboraci\u00f3n con la empresa Cemex y dio inicio al programa de cemento a bajo costo para las familias coahuilenses.\u00a0\u201cFirmamos un convenio con la empresa Cemex para llevar a los 38 municipios de Coahuila el programa de Cemento a Bajo Costo donde nuestra gente se va ahorrar hasta un 28 por ciento. Con acciones como esta seguimos apoyando la econom\u00eda de nuestras familias\u201d resalt\u00f3 Manolo Jim\u00e9nez.<\/p>\n\n\n\n<p>El Secretario de Inclusi\u00f3n y Desarrollo Social agreg\u00f3 que este programa de material a bajo costo forma parte de todas las acciones que est\u00e1n destinadas a mejorar la calidad de vida de las familias coahuilenses, como el programa alimentario, de sanitizantes, de operaciones de cataratas, aparatos ortop\u00e9dicos y auditivos, entre muchos otros que se llevan a cabo a trav\u00e9s de la estrategia social Mejora Coahuila.<\/p>\n\n\n\n<p>Resalt\u00f3 que este convenio se enmarca en la suma de esfuerzos con la iniciativa privada y la sociedad civil, que, en conjunto con el gobierno del estado y los gobiernos municipales, trabajan de la mano para lograr grandes resultados y mejorar la calidad de vida de las familias, por lo cual agradeci\u00f3 a la empresa Cemex por la confianza en el gobierno estatal y su generosidad para llevar a cabo este programa.<\/p>\n\n\n\n<p>A nombre de Cemex, Alberto Lozano, Vicepresidente de Distribuci\u00f3n de Cemex M\u00e9xico, se\u00f1al\u00f3 que con este convenio empatan su pol\u00edtica social de contribuir al desarrollo de comunidades.\u00a0\u201cA trav\u00e9s de este tipo de programas construimos un mejor futuro, tenemos experiencia en programas sociales; muchas gracias por invitarnos a participar en este convenio\u201d, se\u00f1al\u00f3.<\/p>\n\n\n\n<p>El Subsecretario de Bienestar Social, Gabriel Elizondo P\u00e9rez, dio a conocer que el programa de Cemento a Bajo Costo representar\u00e1 un ahorro de 15 millones de pesos con la venta a bajo costo de 350 mil bultos de cemento en todo el estado.\u00a0La se\u00f1ora Patricia Zapata, representante de la comunidad, se\u00f1al\u00f3 que, ante la situaci\u00f3n\u00a0 actual nacional, este tipo de acciones es una bocanada de aire fresco en la econom\u00eda familiar y que el programa llega en un momento muy importante, adem\u00e1s agradeci\u00f3 al gobierno de Miguel \u00c1ngel Riquelme por trabajar en acciones directas para la gente de las colonias y barrios de Saltillo.<\/p>\n\n\n\n<p>Durante la firma del convenio y arranque del programa de Cemento a Bajo costo, tambi\u00e9n estuvieron presentes el Secretario de Infraestructura, Desarrollo Urbano y Movilidad, Miguel \u00c1ngel Algara; los diputados locales Luz Elena Morales y \u00c1lvaro Moreira; as\u00ed como Alejandro Var\u00e9s Leal, Vicepresidente de Infraestructura y Gobierno de Cemex M\u00e9xico; Anibal Sober\u00f3n, director de Desarrollo Social del Municipio de Saltillo; Beatriz Fraustro D\u00e1vila, enlace Mejora en la capital coahuilense y Guillermo Villalobos, presidente de la C\u00e1mara Mexicana de la Construcci\u00f3n, regi\u00f3n Sureste.<\/p>\n","protected":false},"excerpt":{"rendered":"<p>\u00b7\u00a0\u00a0\u00a0\u00a0\u00a0\u00a0Firman convenio de colaboraci\u00f3n\u00a0 para ofrecer precios competitivos a la poblaci\u00f3n. Saltillo, Coahuila; 28 de abril de 2022.- En seguimiento a la pol\u00edtica social del Gobernador Miguel \u00c1ngel Riquelme Sol\u00eds, y como parte del acuerdo social Mejora tu Casa, el Secretario de Inclusi\u00f3n y Desarrollo Social, Manolo Jim\u00e9nez Salinas, firm\u00f3 un convenio de colaboraci\u00f3n con la empresa Cemex y dio inicio al programa de cemento a bajo costo para las&#8230;<\/p>\n","protected":false},"author":1,"featured_media":8370,"comment_status":"closed","ping_status":"closed","sticky":false,"template":"","format":"standard","meta":{"footnotes":""},"categories":[5,15],"tags":[],"class_list":["post-8369","post","type-post","status-publish","format-standard","has-post-thumbnail","hentry","category-coahuila","category-gobierno-de-coahuila","wpcat-5-id","wpcat-15-id"],"_links":{"self":[{"href":"https:\/\/www.aquilaguna.com\/index.php\/wp-json\/wp\/v2\/posts\/8369","targetHints":{"allow":["GET"]}}],"collection":[{"href":"https:\/\/www.aquilaguna.com\/index.php\/wp-json\/wp\/v2\/posts"}],"about":[{"href":"https:\/\/www.aquilaguna.com\/index.php\/wp-json\/wp\/v2\/types\/post"}],"author":[{"embeddable":true,"href":"https:\/\/www.aquilaguna.com\/index.php\/wp-json\/wp\/v2\/users\/1"}],"replies":[{"embeddable":true,"href":"https:\/\/www.aquilaguna.com\/index.php\/wp-json\/wp\/v2\/comments?post=8369"}],"version-history":[{"count":1,"href":"https:\/\/www.aquilaguna.com\/index.php\/wp-json\/wp\/v2\/posts\/8369\/revisions"}],"predecessor-version":[{"id":8371,"href":"https:\/\/www.aquilaguna.com\/index.php\/wp-json\/wp\/v2\/posts\/8369\/revisions\/8371"}],"wp:featuredmedia":[{"embeddable":true,"href":"https:\/\/www.aquilaguna.com\/index.php\/wp-json\/wp\/v2\/media\/8370"}],"wp:attachment":[{"href":"https:\/\/www.aquilaguna.com\/index.php\/wp-json\/wp\/v2\/media?parent=8369"}],"wp:term":[{"taxonomy":"category","embeddable":true,"href":"https:\/\/www.aquilaguna.com\/index.php\/wp-json\/wp\/v2\/categories?post=8369"},{"taxonomy":"post_tag","embeddable":true,"href":"https:\/\/www.aquilaguna.com\/index.php\/wp-json\/wp\/v2\/tags?post=8369"}],"curies":[{"name":"wp","href":"https:\/\/api.w.org\/{rel}","templated":true}]}}