{"id":8375,"date":"2022-04-29T19:34:28","date_gmt":"2022-04-30T00:34:28","guid":{"rendered":"https:\/\/www.aquilaguna.com\/?p=8375"},"modified":"2022-04-29T19:34:28","modified_gmt":"2022-04-30T00:34:28","slug":"mediante-procedimiento-de-extradicion-internacional-es-traido-a-coahuila-sujeto-acusado-de-homicidio-calificado","status":"publish","type":"post","link":"https:\/\/www.aquilaguna.com\/index.php\/2022\/04\/29\/mediante-procedimiento-de-extradicion-internacional-es-traido-a-coahuila-sujeto-acusado-de-homicidio-calificado\/","title":{"rendered":"MEDIANTE PROCEDIMIENTO DE EXTRADICI\u00d3N INTERNACIONAL ES TRA\u00cdDO A COAHUILA SUJETO ACUSADO DE HOMICIDIO CALIFICADO."},"content":{"rendered":"\n<ul class=\"wp-block-list\"><li>Esta acci\u00f3n se da en el marco del tratado de cooperaci\u00f3n entre M\u00e9xico y los Estados Unidos de Am\u00e9rica sobre asistencia jur\u00eddica mutua.<\/li><\/ul>\n\n\n\n<p>Saltillo, Coahuila de Zaragoza; 29 de abril de 2022.- Elementos de la Agencia de<br>Investigaci\u00f3n Criminal cumplimentaron orden de aprehensi\u00f3n al detener a Eulogio<br>N, por el delito de homicidio calificado.<\/p>\n\n\n\n<p>La detenci\u00f3n se realiz\u00f3 en acatamiento a orden de aprehensi\u00f3n girada por el<br>Juzgado Segundo de Primera Instancia en Materia Penal del Distrito Judicial de<br>R\u00edo Grande, a solicitud de la Representaci\u00f3n Social por hechos sucedidos el mes<br>de noviembre del a\u00f1o 2013, en donde Gabriela N, fue privada de la vida en el<br>interior de una vivienda en el municipio de Allende, Coahuila.<\/p>\n\n\n\n<p>Eulogio N, se encontraba sustra\u00eddo de la justicia en los Estados Unidos, y derivado<br>de una acci\u00f3n coordinada entre instituciones policiales de EUA y esta Fiscal\u00eda, se<br>logr\u00f3 ubicarlo y se solicit\u00f3 por esta Fiscal\u00eda General del Estado el procedimiento<br>de extradici\u00f3n Internacional a Fiscal\u00eda General de la Rep\u00fablica (FGR), mismo que<br>fue culminado en las primeras horas de este d\u00eda en el hangar de la FGR en la<br>Ciudad de M\u00e9xico, lugar en el que se le cumpliment\u00f3 la orden de captura a dicho<br>pr\u00f3fugo.<\/p>\n\n\n\n<p>As\u00ed, Eulogio N fue trasladado al Centro Penitenciario Varonil de la Ciudad de<br>Saltillo, donde qued\u00f3 a disposici\u00f3n de la autoridad judicial ante quien habr\u00e1 de<br>rendir su declaraci\u00f3n preparatoria antes de que se le resuelva su situaci\u00f3n jur\u00eddica<br>en un plazo de 72 horas.<\/p>\n\n\n\n<p>En estos y todos los casos, el personal de la Fiscal\u00eda General del Estado observa<br>el irrestricto cumplimiento y observancia de los derechos humanos de las y los<br>detenidos.<\/p>\n","protected":false},"excerpt":{"rendered":"<p>Esta acci\u00f3n se da en el marco del tratado de cooperaci\u00f3n entre M\u00e9xico y los Estados Unidos de Am\u00e9rica sobre asistencia jur\u00eddica mutua. Saltillo, Coahuila de Zaragoza; 29 de abril de 2022.- Elementos de la Agencia deInvestigaci\u00f3n Criminal cumplimentaron orden de aprehensi\u00f3n al detener a EulogioN, por el delito de homicidio calificado. La detenci\u00f3n se realiz\u00f3 en acatamiento a orden de aprehensi\u00f3n girada por elJuzgado Segundo de Primera Instancia en&#8230;<\/p>\n","protected":false},"author":1,"featured_media":0,"comment_status":"closed","ping_status":"closed","sticky":false,"template":"","format":"standard","meta":{"footnotes":""},"categories":[5,15,24],"tags":[],"class_list":["post-8375","post","type-post","status-publish","format-standard","hentry","category-coahuila","category-gobierno-de-coahuila","category-seguridad","wpcat-5-id","wpcat-15-id","wpcat-24-id"],"_links":{"self":[{"href":"https:\/\/www.aquilaguna.com\/index.php\/wp-json\/wp\/v2\/posts\/8375","targetHints":{"allow":["GET"]}}],"collection":[{"href":"https:\/\/www.aquilaguna.com\/index.php\/wp-json\/wp\/v2\/posts"}],"about":[{"href":"https:\/\/www.aquilaguna.com\/index.php\/wp-json\/wp\/v2\/types\/post"}],"author":[{"embeddable":true,"href":"https:\/\/www.aquilaguna.com\/index.php\/wp-json\/wp\/v2\/users\/1"}],"replies":[{"embeddable":true,"href":"https:\/\/www.aquilaguna.com\/index.php\/wp-json\/wp\/v2\/comments?post=8375"}],"version-history":[{"count":1,"href":"https:\/\/www.aquilaguna.com\/index.php\/wp-json\/wp\/v2\/posts\/8375\/revisions"}],"predecessor-version":[{"id":8376,"href":"https:\/\/www.aquilaguna.com\/index.php\/wp-json\/wp\/v2\/posts\/8375\/revisions\/8376"}],"wp:attachment":[{"href":"https:\/\/www.aquilaguna.com\/index.php\/wp-json\/wp\/v2\/media?parent=8375"}],"wp:term":[{"taxonomy":"category","embeddable":true,"href":"https:\/\/www.aquilaguna.com\/index.php\/wp-json\/wp\/v2\/categories?post=8375"},{"taxonomy":"post_tag","embeddable":true,"href":"https:\/\/www.aquilaguna.com\/index.php\/wp-json\/wp\/v2\/tags?post=8375"}],"curies":[{"name":"wp","href":"https:\/\/api.w.org\/{rel}","templated":true}]}}