{"id":849,"date":"2021-03-10T20:18:01","date_gmt":"2021-03-11T02:18:01","guid":{"rendered":"https:\/\/www.aquilaguna.com\/?p=849"},"modified":"2021-03-10T20:18:03","modified_gmt":"2021-03-11T02:18:03","slug":"foro-virtual-la-nueva-movilidad-primer-evento-especializado-en-teletrabajo","status":"publish","type":"post","link":"https:\/\/www.aquilaguna.com\/index.php\/2021\/03\/10\/foro-virtual-la-nueva-movilidad-primer-evento-especializado-en-teletrabajo\/","title":{"rendered":"Foro virtual La Nueva Movilidad: primer evento especializado en teletrabajo."},"content":{"rendered":"\n<p>\u25cf El evento especializado en movilidad sustentable, teletrabajo y<br>soluciones tecnol\u00f3gicas ser\u00e1 gratuito a trav\u00e9s de la p\u00e1gina oficial y<br>redes sociales.<\/p>\n\n\n\n<p>Bajo el lema reimaginando el trabajo, se realizar\u00e1 en M\u00e9xico el primer Foro virtual:<br>La Nueva Movilidad de manera gratuita los pr\u00f3ximos d\u00edas 17 y 18 de marzo, el<br>cual desarrollar\u00e1 temas sobre cuatro vertientes principales: tecnolog\u00eda,<br>sustentabilidad, movilidad y teletrabajo.<\/p>\n\n\n\n<p><br>\u00bfPor qu\u00e9 realizar el Foro virtual: La Nueva Movilidad?<\/p>\n\n\n\n<p><br>Durante los \u00faltimos a\u00f1os, M\u00e9xico registr\u00f3 diversas problem\u00e1ticas de<br>contaminaci\u00f3n, lo que impactaba de manera importante en el sector laboral, a ello<br>se a\u00f1ad\u00edan horarios estrictos de trabajo, problemas de movilidad y traslado, as\u00ed<br>como baja productividad.<\/p>\n\n\n\n<p><br>Para agravar m\u00e1s la situaci\u00f3n, en 2020 la crisis sanitaria causada por la pandemia<br>de Covid-19 caus\u00f3 problemas dentro y fuera de las empresas en temas<br>econ\u00f3micos, laborales y de operaci\u00f3n.<\/p>\n\n\n\n<p><br>Con el fin de hacer frente a este contexto, el modelo del teletrabajo surgi\u00f3 como<br>una opci\u00f3n para responder a estas necesidades, por lo que Movilizatorio, el<br>laboratorio de participaci\u00f3n ciudadana e innovaci\u00f3n social que fortalece el<br>liderazgo colectivo como motor para la transformaci\u00f3n, decidi\u00f3 organizar el Foro<br>virtual: La Nueva Movilidad para todos aquellos empleadores que buscan<br>mantener operaciones y estabilidad en el mercado.<\/p>\n\n\n\n<p>\u00bfQu\u00e9 es el Foro virtual: La Nueva Movilidad?<\/p>\n\n\n\n<p><br>Es un evento virtual en el que especialistas en movilidad, sustentabilidad y<br>negocios compartir\u00e1n, en sesiones de 15 minutos, estrategias para el trabajo a<br>distancia y traslados m\u00e1s seguros, sustentables y eficientes en tiempos y costos.<\/p>\n\n\n\n<p><br>\u201cSabemos que tanto la movilidad sustentable como el teletrabajo traen beneficios<br>como son: mejorar tiempos de traslado, flexibilidad de horarios, disminuir costos<br>para ambas partes, sin embargo, muchos de los empleadores no est\u00e1n<br>convencidos de que esto puede ser posible, entonces queremos acercar a<br>expertos que ya est\u00e1n implementando estas acciones para que platiquen sus<br>experiencias y as\u00ed las organizaciones puedan tener un referente m\u00e1s veraz en su<br>toma de decisiones\u201d, asegur\u00f3 H\u00e9ctor Escamilla, Director Ejecutivo de Movilizatorio<br>M\u00e9xico.<\/p>\n\n\n\n<p><br>\u00bfCu\u00e1ndo y c\u00f3mo se realizar\u00e1 el foro?<\/p>\n\n\n\n<p><br>Se realizar\u00e1 el 17 y 18 de marzo en un horario de 9 a 14 horas, de manera virtual<br>en la p\u00e1gina: <a rel=\"noreferrer noopener\" href=\"https:\/\/lanuevamovilidad.com.mx\/\" target=\"_blank\">https:\/\/lanuevamovilidad.com.mx\/<\/a> y en las redes sociales de<br>Movilizatorio M\u00e9xico: Youtube, Facebook y LinkedIn.<\/p>\n\n\n\n<p><br>\u00bfCu\u00e1les son las conferencias que se realizar\u00e1n en el evento virtual?<\/p>\n\n\n\n<p><br>El 17 de marzo se llevar\u00e1n a cabo las siguientes conferencias:<\/p>\n\n\n\n<p>Movilidad post-pandemia: c\u00f3mo nos transportaremos al trabajo cuando esto &#8220;termine&#8221;;<\/p>\n\n\n\n<p>Ni tan dif\u00edcil: ideas para planear c\u00f3mo se mover\u00e1 mi equipo de trabajo; Desde el uso del<br>auto al home office, \u00bfc\u00f3mo me impactan las decisiones de transporte a mis<br>empleados?;<\/p>\n\n\n\n<p>De camino al trabajo siendo mujer: retos y soluciones, finalmente se<br>presentar\u00e1n dos casos de \u00e9xito de empresas que ya se mueven diferente.<\/p>\n\n\n\n<p><br>Mientras que el 18 de marzo se realizar\u00e1n las presentaciones:<\/p>\n\n\n\n<p>Home Office: un<br>arma de doble filo para el bienestar de empleados y empleadores;<\/p>\n\n\n\n<p>Herramientas digitales empresariales: \u00e1giles, eficientes, incluyentes y seguras.<\/p>\n\n\n\n<p>Tambi\u00e9n se presentar\u00e1n dos casos de \u00e9xito de empresas felices de trabajar con<br>sus empleados a distancia, as\u00ed como otras dos charlas tituladas:<\/p>\n\n\n\n<p>\u00bfQu\u00e9 debo considerar ahora que el teletrabajo ya est\u00e1 regulado? y<\/p>\n\n\n\n<p>Mejorando el mundo a trav\u00e9s del teletrabajo y la movilidad sustentable.<\/p>\n\n\n\n<p><br>\u00bfQui\u00e9nes ser\u00e1n los conferencistas del Foro virtual: La Nueva Movilidad?<br><\/p>\n\n\n\n<p>Expertos y especialistas de empresas y consultoras a nivel internacional que<br>desarrollan estrategias de movilidad, soluciones tecnol\u00f3gicas, planificaci\u00f3n y<br>movilidad como son: Google, Microsoft, PwC, Deloitte, Cisco, Waze, AT&amp;T,<br>Tecnol\u00f3gico de Monterrey, Urbvan y Semovi, entre otras.<\/p>\n\n\n\n<p><br>\u00bfPor qu\u00e9 asistir al Foro virtual: La Nueva Movilidad?<\/p>\n\n\n\n<p><br>Debido a la emergencia sanitaria, la mayor\u00eda de las empresas han tenido que<br>improvisar para adaptarse a los cambios en m\u00faltiples rubros, por lo que \u201cnosotros<br>traemos a las personas que son expertos en el tema y que tienen la manera de<br>c\u00f3mo estructurar las estrategias para dar el paso hacia el teletrabajo con un<br>amplia experiencias pr\u00e1cticas\u201d, se\u00f1al\u00f3 Escamilla.<\/p>\n\n\n\n<p><br>Adem\u00e1s, asistir\u00e1n expertos que inclusive brindan consultor\u00eda de manera gratuita a<br>muchos empresarios para orientarlos en dise\u00f1ar una estrategia estructurada y<br>ordenada para hacer la transici\u00f3n del antiguo al modelo actual o del futuro.<\/p>\n\n\n\n<p><br>\u201cInvitamos a todos a que se sumen a este esfuerzo, a que se permitan vivir esta<br>experiencia y vean como otras empresas est\u00e1n obteniendo frutos y beneficios de<br>estas nuevas pr\u00e1cticas que se refleja en la satisfacci\u00f3n de los empleados, la<br>productividad en las empresas y el impacto positivo al medio ambiente\u201d, concluy\u00f3<br>el directivo.<\/p>\n\n\n\n<p><br>Para m\u00e1s informaci\u00f3n y registro visita:<br><a href=\"https:\/\/lanuevamovilidad.com.mx\/register\/\">https:\/\/lanuevamovilidad.com.mx\/register\/<\/a><\/p>\n\n\n\n<p><\/p>\n","protected":false},"excerpt":{"rendered":"<p>\u25cf El evento especializado en movilidad sustentable, teletrabajo ysoluciones tecnol\u00f3gicas ser\u00e1 gratuito a trav\u00e9s de la p\u00e1gina oficial yredes sociales. Bajo el lema reimaginando el trabajo, se realizar\u00e1 en M\u00e9xico el primer Foro virtual:La Nueva Movilidad de manera gratuita los pr\u00f3ximos d\u00edas 17 y 18 de marzo, elcual desarrollar\u00e1 temas sobre cuatro vertientes principales: tecnolog\u00eda,sustentabilidad, movilidad y teletrabajo. \u00bfPor qu\u00e9 realizar el Foro virtual: La Nueva Movilidad? Durante los \u00faltimos&#8230;<\/p>\n","protected":false},"author":1,"featured_media":850,"comment_status":"closed","ping_status":"closed","sticky":false,"template":"","format":"standard","meta":{"footnotes":""},"categories":[9],"tags":[],"class_list":["post-849","post","type-post","status-publish","format-standard","has-post-thumbnail","hentry","category-educacion","wpcat-9-id"],"_links":{"self":[{"href":"https:\/\/www.aquilaguna.com\/index.php\/wp-json\/wp\/v2\/posts\/849","targetHints":{"allow":["GET"]}}],"collection":[{"href":"https:\/\/www.aquilaguna.com\/index.php\/wp-json\/wp\/v2\/posts"}],"about":[{"href":"https:\/\/www.aquilaguna.com\/index.php\/wp-json\/wp\/v2\/types\/post"}],"author":[{"embeddable":true,"href":"https:\/\/www.aquilaguna.com\/index.php\/wp-json\/wp\/v2\/users\/1"}],"replies":[{"embeddable":true,"href":"https:\/\/www.aquilaguna.com\/index.php\/wp-json\/wp\/v2\/comments?post=849"}],"version-history":[{"count":1,"href":"https:\/\/www.aquilaguna.com\/index.php\/wp-json\/wp\/v2\/posts\/849\/revisions"}],"predecessor-version":[{"id":851,"href":"https:\/\/www.aquilaguna.com\/index.php\/wp-json\/wp\/v2\/posts\/849\/revisions\/851"}],"wp:featuredmedia":[{"embeddable":true,"href":"https:\/\/www.aquilaguna.com\/index.php\/wp-json\/wp\/v2\/media\/850"}],"wp:attachment":[{"href":"https:\/\/www.aquilaguna.com\/index.php\/wp-json\/wp\/v2\/media?parent=849"}],"wp:term":[{"taxonomy":"category","embeddable":true,"href":"https:\/\/www.aquilaguna.com\/index.php\/wp-json\/wp\/v2\/categories?post=849"},{"taxonomy":"post_tag","embeddable":true,"href":"https:\/\/www.aquilaguna.com\/index.php\/wp-json\/wp\/v2\/tags?post=849"}],"curies":[{"name":"wp","href":"https:\/\/api.w.org\/{rel}","templated":true}]}}