{"id":8511,"date":"2022-05-06T18:23:01","date_gmt":"2022-05-06T23:23:01","guid":{"rendered":"https:\/\/www.aquilaguna.com\/?p=8511"},"modified":"2022-05-06T18:23:01","modified_gmt":"2022-05-06T23:23:01","slug":"director-de-obras-publicas-aclara-las-funciones-de-los-directores-de-obra","status":"publish","type":"post","link":"https:\/\/www.aquilaguna.com\/index.php\/2022\/05\/06\/director-de-obras-publicas-aclara-las-funciones-de-los-directores-de-obra\/","title":{"rendered":"Director de Obras P\u00fablicas aclara las funciones de los Directores de Obra."},"content":{"rendered":"\n<p>Torre\u00f3n, Coahuila. A 06 de mayo de 2022.<\/p>\n\n\n\n<p>En respuesta al se\u00f1alamiento que el titular del Colegio de Ingenieros Civiles de la<br>Laguna, respecto a que los directores de obra (DRO) no est\u00e1n preparados y son<br>contratados por instancias gubernamentales, el director de Obras P\u00fablicas de<br>Torre\u00f3n, Juan Adolfo Von Bertrab Saracho se\u00f1al\u00f3 que los DRO que integran el<br>padr\u00f3n del Municipio cuentan con la certificaci\u00f3n de dichos \u00f3rganos colegiados, y<br>aclar\u00f3 que esta dependencia no es la responsable de capacitarlos ni de<br>registrarlos.<\/p>\n\n\n\n<p>Dijo que si el Colegio de Ingenieros Civiles tiene duda en cuanto a la preparaci\u00f3n<br>de los DRO, deber\u00eda de modificar sus modelos acad\u00e9micos internos que les dan<br>los propios \u00f3rganos colegiados, y les permitan tener una capacitaci\u00f3n integral,<br>pues reiter\u00f3 que son ellos quienes los certifican, lo cual permite que las empresas<br>los puedan designar como supervisores externos.<\/p>\n\n\n\n<p>El funcionario manifest\u00f3 que ya existe un padr\u00f3n de DRO, mismo que los colegios<br>tienen tambi\u00e9n en su poder, pues son ellos quienes les dan la garant\u00eda de ejercer<br>y en consecuencia, las empresas conf\u00edan en su asesoramiento, raz\u00f3n por la que<br>los contratan.<\/p>\n\n\n\n<p>Explic\u00f3 que el proceso de las obras p\u00fablicas pasa por varias fases, la primera es<br>la supervisi\u00f3n en cada una, adem\u00e1s de la realizaci\u00f3n de auditor\u00edas administrativas<br>y la parte t\u00e9cnica, aunado a eso se tienen las fianzas, las cuales garantizan que el<br>dinero p\u00fablico se invierta de buena manera, para en caso de presentarse alguna<br>falla, exista un respaldo a la inversi\u00f3n, y la empresa en cuesti\u00f3n se haga<br>responsable.<\/p>\n\n\n\n<p>Agreg\u00f3 que \u201clos vicios ocultos\u201d a los que hace referencia el titular del Colegio de<br>Ingenieros Civiles no tiene raz\u00f3n de ser porque con la Ley General de<br>Responsabilidades Administrativas, reformada en el a\u00f1o 2017, ahora tambi\u00e9n<br>hace corresponsables a todos los involucrados, no solo a la empresa y<br>propietarios sino tambi\u00e9n a la figura del DRO, quien tiene la facultad de se\u00f1alar en<br>la bit\u00e1cora alguna anomal\u00eda dentro de la obra.<\/p>\n\n\n\n<p>Sin embargo, el DRO no es juez ni autoridad para tomar alguna decisi\u00f3n definitiva<br>respecto a la obra, esa responsabilidad le corresponde a la direcci\u00f3n a su cargo,<br>con base a lo que se se\u00f1ale en la bit\u00e1cora, dijo el funcionario.<\/p>\n\n\n\n<p>Von Bertrab Saracho se\u00f1al\u00f3 que el DRO representa la certificaci\u00f3n de los<br>Colegios, y no es competencia de la dependencia revisar si es moral o \u00e9tico con<br>su profesi\u00f3n, porque esa facultad le corresponde a las instituciones que los certificaron y en ese sentido el titular del Colegio de Ingenieros Civiles est\u00e1 desestimando el trabajo que la entidad que encabeza est\u00e1 realizando.<\/p>\n\n\n\n<p>Finalmente el titular municipal invit\u00f3 a Daniel de la Garza a acercarse e<br>informarse, ya que se ha vuelto com\u00fan el que utilice su posici\u00f3n dentro del<br>Colegiado para se\u00f1alar y desestimar la Obra P\u00fablica de esta Administraci\u00f3n,<br>ejemplific\u00f3 la cr\u00edtica que hizo este mismo personaje previo a la reuni\u00f3n del Comit\u00e9<br>de Planeaci\u00f3n del Desarrollo Municipal (COPLADEM) referente a que no se le da<br>la importancia debida a la inversi\u00f3n en agua potable, cuando en la Administraci\u00f3n<br>Municipal anterior se destin\u00f3 \u00fanicamente $354 mil pesos del Fondo de<br>Infraestructura Social Municipal (FISM) y en este a\u00f1o el Gobierno que encabeza el<br>alcalde Rom\u00e1n Alberto Cepeda Gonz\u00e1lez destinar\u00e1 7.8 millones pesos.<\/p>\n","protected":false},"excerpt":{"rendered":"<p>Torre\u00f3n, Coahuila. A 06 de mayo de 2022. En respuesta al se\u00f1alamiento que el titular del Colegio de Ingenieros Civiles de laLaguna, respecto a que los directores de obra (DRO) no est\u00e1n preparados y soncontratados por instancias gubernamentales, el director de Obras P\u00fablicas deTorre\u00f3n, Juan Adolfo Von Bertrab Saracho se\u00f1al\u00f3 que los DRO que integran elpadr\u00f3n del Municipio cuentan con la certificaci\u00f3n de dichos \u00f3rganos colegiados, yaclar\u00f3 que esta dependencia&#8230;<\/p>\n","protected":false},"author":1,"featured_media":8512,"comment_status":"closed","ping_status":"closed","sticky":false,"template":"","format":"standard","meta":{"footnotes":""},"categories":[5,28,7],"tags":[],"class_list":["post-8511","post","type-post","status-publish","format-standard","has-post-thumbnail","hentry","category-coahuila","category-la-laguna","category-torreon","wpcat-5-id","wpcat-28-id","wpcat-7-id"],"_links":{"self":[{"href":"https:\/\/www.aquilaguna.com\/index.php\/wp-json\/wp\/v2\/posts\/8511","targetHints":{"allow":["GET"]}}],"collection":[{"href":"https:\/\/www.aquilaguna.com\/index.php\/wp-json\/wp\/v2\/posts"}],"about":[{"href":"https:\/\/www.aquilaguna.com\/index.php\/wp-json\/wp\/v2\/types\/post"}],"author":[{"embeddable":true,"href":"https:\/\/www.aquilaguna.com\/index.php\/wp-json\/wp\/v2\/users\/1"}],"replies":[{"embeddable":true,"href":"https:\/\/www.aquilaguna.com\/index.php\/wp-json\/wp\/v2\/comments?post=8511"}],"version-history":[{"count":1,"href":"https:\/\/www.aquilaguna.com\/index.php\/wp-json\/wp\/v2\/posts\/8511\/revisions"}],"predecessor-version":[{"id":8513,"href":"https:\/\/www.aquilaguna.com\/index.php\/wp-json\/wp\/v2\/posts\/8511\/revisions\/8513"}],"wp:featuredmedia":[{"embeddable":true,"href":"https:\/\/www.aquilaguna.com\/index.php\/wp-json\/wp\/v2\/media\/8512"}],"wp:attachment":[{"href":"https:\/\/www.aquilaguna.com\/index.php\/wp-json\/wp\/v2\/media?parent=8511"}],"wp:term":[{"taxonomy":"category","embeddable":true,"href":"https:\/\/www.aquilaguna.com\/index.php\/wp-json\/wp\/v2\/categories?post=8511"},{"taxonomy":"post_tag","embeddable":true,"href":"https:\/\/www.aquilaguna.com\/index.php\/wp-json\/wp\/v2\/tags?post=8511"}],"curies":[{"name":"wp","href":"https:\/\/api.w.org\/{rel}","templated":true}]}}