{"id":8645,"date":"2022-05-15T19:23:47","date_gmt":"2022-05-16T00:23:47","guid":{"rendered":"https:\/\/www.aquilaguna.com\/?p=8645"},"modified":"2022-05-15T19:23:47","modified_gmt":"2022-05-16T00:23:47","slug":"aqui-laguna-129","status":"publish","type":"post","link":"https:\/\/www.aquilaguna.com\/index.php\/2022\/05\/15\/aqui-laguna-129\/","title":{"rendered":"Aqu\u00ed Laguna."},"content":{"rendered":"\n<p>\u00a1Maestro!\u00a0 Personaje inolvidable\u00a0 que al menos uno, cuando no varios, sobreviven brillantes en la memoria de nuestro coraz\u00f3n, de\u00a0 quienes\u00a0 pasamos\u00a0 en alg\u00fan momento de nuestras vidas, por las aulas \u00a0 y que fueron y son\u00a0 \u00a0 parte\u00a0 fundamental en la construcci\u00f3n del camino que finalmente corto, largo, recto o zigzagueante\u00a0 siguieron\u00a0 y siguen luego nuestras vidas. En este marco, citar\u00e9,  a los ya\u00a0 extintos, profesor An\u00edbal S\u00e1nchez, el\u00a0 profesor Rub\u00e9n Puente Ber\u00famen, Maestros, con may\u00fasculas,\u00a0 que forjaron con su talento, esfuerzo\u00a0 y dedicaci\u00f3n por lo menos a dos generaciones, en este caso de\u00a0 \u00a0 matamorenses, con ense\u00f1anzas que \u00a0 luego sirvieron para forjar destinos mas amables al extender ante sus vidas, las ventanas de conocimiento.<\/p>\n\n\n\n<p>Con ellos\u00a0 se hace\u00a0 extensivo \u00a0 el reconocimiento, el recuerdo\u00a0 que merecen personajes similares en cada municipio del Estado, que han de sumar, muchos. Hoy a lo largo de este fin de semana\u00a0 han recibido de parte del Gobierno del Estado, quienes habr\u00edan en el sector oficial de la educaci\u00f3n y muchos mas en instituciones educativas\u00a0 del sector privado\u00a0 amplio reconocimiento a sus esfuerzos, que truncados por la larga y sombr\u00eda a traves\u00eda por el desierto \u00a0 por la que transit\u00f3 la educaci\u00f3n en este pa\u00eds\u00a0 y los educandos, que hoy enfrentan los\u00a0 altos costos\u00a0 en materia de rezago acad\u00e9mico y sobre todo deserci\u00f3n, temas que\u00a0 arrojan\u00a0 evidencia de que\u00a0 \u00a0 la brecha de la desigualdad sea hoy mas\u00a0 profunda, con la insurgencia de herramientas, tales como\u00a0 el uso de las nuevas tecnolog\u00edas -a las que no todo el mundo tiene acceso-,\u00a0 aderezadas adem\u00e1s\u00a0 con la emergencia de problem\u00e1ticas\u00a0 como lo son la falta obvia de socializaci\u00f3n de los\u00a0 infantes en las primeras etapas de su formaci\u00f3n escolar\u00a0 en tanto que el Estado enfrenta con relativo \u00e9xito,\u00a0 el establecer de nueva cuenta y a partir del lunes 16 de mayo, las condiciones materiales de la infraestructura escolar en Coahuila, una vez que miles de escolapios retornen a las aulas.<\/p>\n\n\n\n<p>Y en este fecha, como no recordar la vida y el ejemplo de trabajo en el tema educativo\u00a0 que despleg\u00f3 \u00a0 a lo largo de su vida, el siempre bien recordado\u00a0 amigo,\u00a0 Licenciado profesor Higinio Gonz\u00e1lez Calder\u00f3n.<\/p>\n\n\n\n<p>En\u00a0 estos d\u00edas tienen\u00a0 lugar los ex\u00e1menes de admisi\u00f3n\u00a0 para ingresar a Escuelas y Facultades de la UAdeC, reto a superar no solo por los aspirantes, sino tambi\u00e9n para sus autoridades para satisfacer tal demanda, tema que sin duda deber\u00e1 encarar,\u00a0 como acostumbra, su Rector Salvador Hetn\u00e1ndez V\u00e9lez.<\/p>\n\n\n\n<p>En la otra cara de la moneda, que la tiene, \u00a0 los grupos del magisterio que conforman la c\u00fapula de la dirigencia sindical, al menos en Coahuila, andan ya por ah\u00ed, desde hace semanas, picando piedra,  &#8220;capeando&#8221; saludos, tomando \u00a0 forzadas selfies con todo genero de\u00a0 publico,\u00a0 buscando firmas que sostengan\u00a0 sus pretensiones de figurar como aspirantes a las dirigencias de\u00a0 las Secciones sindicales del SNTE que\u00a0 en \u00e9ste Estado corresponden a la \u00a0 35, la\u00a0 38\u00a0 y la 5, luego\u00a0 que la pandemia\u00a0 truncara el proceso sucesorio\u00a0 que ya se encontraba en puerta. Adem\u00e1s, como ya quedo, dicen,\u00a0 en el pasado los m\u00e9todos bajo los cuales se implementaba tal designaci\u00f3n, para aparecer\u00a0 en esta ocasi\u00f3n,\u00a0 bajo el m\u00e9todo de la democracia directa, con voto universal y secreto que elimin\u00f3\u00a0 de tajo \u00a0 arreglo alguno con los delegados. Ah\u00ed tiene a un\u00a0 controversial maestro Gerardo de Alba,\u00a0 un\u00a0 Abel Guerra\u00a0 y\u00a0 de paso tambi\u00e9n al profesor Javier Cordero, como\u00a0 los que mas est\u00e1n asomando la cabeza en estos trabajos, pero se esperan mas aspirantes, entre estos, a la maestra Magdalena Licerio Lu\u00e9vanos\u00a0 con todo y que los escollos que dicen la ha impuesto el profesor\u00a0 Moreira Valdes, que la hizo solicitar y obtener un amparo federal \u00a0 y ya veremos y diremos como se avanza en este proceso&#8230;<\/p>\n\n\n\n<p>Y de procesos hablando, diremos que\u00a0 el diputado, ingeniero Rodrigo Fuentes Avila, alborot\u00f3, desde el pasado lunes\u00a0 al\u00a0 avispero que ya estaba en ebullici\u00f3n\u00a0 y que\u00a0 \u00a0 mas por precauci\u00f3n que disciplina partidista algunos aspirantes a la postulaci\u00f3n\u00a0 que realice el Partido Revolucionario Institucional\u00a0 \u00a0 han tenido qui\u00e9ranlo o no, salir a dar la cara de manera publica, tal es el caso de nuestro alcalde Rom\u00e1n Alberto Cepeda Gonz\u00e1lez, que forzado por la circunstancia medi\u00e1tica\u00a0 con un &#8220;si pero no, quien sabe&#8221; resolvi\u00f3 \u00a0 de tan dubitativa manera la obligada pregunta\u00a0 de si estar\u00eda participando en la elecci\u00f3n abierta \u00a0 para designar candidato del PRI\u00a0 al\u00a0 Gobierno de Coahuila, en tanto que la Senadora Ver\u00f3nica Mart\u00ednez, mas\u00a0 prudente, realista pues, se alz\u00f3 como\u00a0 factor de unidad en la contienda\u00a0 sucesoria en\u00a0 marcha y como ya se sabe en los tiempos que ocurren, los m\u00e9todos que otrora utilizara\u00a0 el tricolor daban tal certeza al ungido, no son hoy por\u00a0 hoy los mismos, con todo y que Coahuila \u00a0 aparezca\u00a0 aun con\u00a0 aplastante\u00a0 dominio partidista, el voto de calidad que emite quien gobierna la entidad, pesa y pesa mucho,\u00a0 \u00a0 es pues, aun el gran elector.<\/p>\n\n\n\n<p>Resta conocer que dicen\u00a0 sobre &#8220;votaci\u00f3n universal y secreta&#8221; para militantes y simpatizantes, otro aspirante que abiertamente ha hecho p\u00fablicos tales deseos, es decir, el diputado federal Jeric\u00f3 Abramo en la capital del Estado, donde tambi\u00e9n existe \u00a0 otro aspirante al que si bien, se afirma que\u00a0 \u00e9l no se apunta, sus amigos si lo hacen, es decir, el Licenciado Enrique Mart\u00ednez Morales. De \u00e9ste ultimo no hay ni la mas ligera sospecha de indisciplina partidista, pues conoce\u00a0 y respeta a fondo, las reglas de tal juego, lo mismo se dice y se espera de la Senadora Mart\u00ednez, no as\u00ed de Don Jeric\u00f3 , y menos aun\u00a0 del inflamable\u00a0 alcalde de Torre\u00f3n, todo y que &#8220;el equipo&#8221; que lo llev\u00f3 a la presidencia de \u00e9ste municipio, es el mismo\u00a0 que\u00a0 se disciplina y reconoce como &#8220;jefe m\u00e1xim&#8221;\u00a0 al Gobernador Riquelme y no hay\u00a0 otro.<\/p>\n\n\n\n<p>De ah\u00ed que, Manolo Jimenez Salinas\u00a0 va en caballo de Hacienda. Por ahora\u00a0 que por cierto deber\u00e1 dedicar sus energ\u00edas a buscar y encontrar, sobre todo, encontrar, soluci\u00f3n a la problem\u00e1tica que representan por ahora en su administraci\u00f3n, la demanda del servicio de agua potable, para empezar\u00a0 y a cinco \u00a0 cuatro meses y medio de haber iniciado su per\u00edodo gubernamental&#8230;<\/p>\n\n\n\n<p>Y allende el Nazas, a medida que se agotan los destinados a las campa\u00f1as\u00a0 para elegir gobernador y\u00a0 \u00a0 \u00a0 alcaldes, arrecian el ruido y la furia que generan las pasiones expresadas en &#8220;revelaciones&#8221;, dimes y diretes no solo de los candidatos, sinos de sus seguidores en los tres bandos en que est\u00e1n alienadas las fuerzas pol\u00edticas contendientes, anticipando todos, el triunfo inminente\u00a0 el\u00a0 pr\u00f3ximo\u00a0 primer domingo de junio pr\u00f3ximo, ya cercano\u00a0 y en tanto, \u00a0 en el \u00ednter\u00a0 de estas fechas, se espera que en cualquier momento se descuelgue por estas tierras laguneras el Presidente AMLO, y una vez que\u00a0 no estar\u00e1 en la Cumbre de las Am\u00e9ricas, y\u00a0 bajo el manto protector de supervisar avance de su proyecto magno &#8220;Agua Saludable para la Laguna&#8221; y evitar con ello cualquier denuncia electoral en su contra,\u00a0 y eludir\u00a0 acusaci\u00f3n alguna de intromisi\u00f3n electoral en el vecino estado de Durango, quiz\u00e1s\u00a0 se vuelque con el sector campesino, ahora que\u00a0 a su gobierno ya le llego la lumbre a los aparejos, y los &#8220;invite&#8221; a sembrar\u00a0 ma\u00edz y frijol, as\u00ed sea para el autoconsumo, luego de que su administraci\u00f3n,\u00a0 a lo largo de tres a\u00f1os y medio, los ha hecho a un lado, al\u00a0 no contar el sector social, ni con cr\u00e9ditos ni apoyo\u00a0 tecnol\u00f3gico, ni fertilizantes, etc., para \u00a0 conservar\u00a0 \u00a0los medios\u00a0 en donde han transcurrido\u00a0 sus vidas. AMLO\u00a0 desea hoy que los campesinos, recuperen la soberan\u00eda alimentaria perdida y que la guerra Rusia-Ucrania ha\u00a0 expuesto con toda su crudeza, y cuando la inflaci\u00f3n, el peor impuesto a la pobreza golpea no solo a los pobres sino a la clase media del pa\u00eds, \u00a0 y con la guerra Rusia-Ucrania\u00a0 que cerr\u00f3 a la exportaci\u00f3n\u00a0 el\u00a0 granero de Europa,\u00a0 tiene a nuestro pa\u00eds y a otros, mas\u00a0 \u00a0 a enfrentar una crisis alimentaria que ya se expresa en la carest\u00eda imparable que registra la canasta b\u00e1sica y otros productos y servicios, sumando el temible 7.8%, el mas alto en los \u00faltimos 20 a\u00f1os. Ahora\u00a0 AMLO\u00a0 pretende revertir tales\u00a0 efectos\u00a0 con saliva, con ret\u00f3rica, sembrando vida, por decirlo de alg\u00fan modo&#8230;<\/p>\n\n\n\n<p>Y\u00a0 si bien en Coahuila la pandemia no se da por concluida,\u00a0 y hay ya en el panorama otra amenaza;  la hepatitis\u00a0 Infantil,\u00a0 de la cual deber\u00e1 informar\u00a0 con detalle hoy el Doctor Bernal.<\/p>\n","protected":false},"excerpt":{"rendered":"<p>\u00a1Maestro!\u00a0 Personaje inolvidable\u00a0 que al menos uno, cuando no varios, sobreviven brillantes en la memoria de nuestro coraz\u00f3n, de\u00a0 quienes\u00a0 pasamos\u00a0 en alg\u00fan momento de nuestras vidas, por las aulas \u00a0 y que fueron y son\u00a0 \u00a0 parte\u00a0 fundamental en la construcci\u00f3n del camino que finalmente corto, largo, recto o zigzagueante\u00a0 siguieron\u00a0 y siguen luego nuestras vidas. En este marco, citar\u00e9, a los ya\u00a0 extintos, profesor An\u00edbal S\u00e1nchez, el\u00a0 profesor&#8230;<\/p>\n","protected":false},"author":2,"featured_media":0,"comment_status":"closed","ping_status":"","sticky":false,"template":"","format":"standard","meta":{"footnotes":""},"categories":[8],"tags":[],"class_list":["post-8645","post","type-post","status-publish","format-standard","hentry","category-aqui-laguna","wpcat-8-id"],"_links":{"self":[{"href":"https:\/\/www.aquilaguna.com\/index.php\/wp-json\/wp\/v2\/posts\/8645","targetHints":{"allow":["GET"]}}],"collection":[{"href":"https:\/\/www.aquilaguna.com\/index.php\/wp-json\/wp\/v2\/posts"}],"about":[{"href":"https:\/\/www.aquilaguna.com\/index.php\/wp-json\/wp\/v2\/types\/post"}],"author":[{"embeddable":true,"href":"https:\/\/www.aquilaguna.com\/index.php\/wp-json\/wp\/v2\/users\/2"}],"replies":[{"embeddable":true,"href":"https:\/\/www.aquilaguna.com\/index.php\/wp-json\/wp\/v2\/comments?post=8645"}],"version-history":[{"count":1,"href":"https:\/\/www.aquilaguna.com\/index.php\/wp-json\/wp\/v2\/posts\/8645\/revisions"}],"predecessor-version":[{"id":8646,"href":"https:\/\/www.aquilaguna.com\/index.php\/wp-json\/wp\/v2\/posts\/8645\/revisions\/8646"}],"wp:attachment":[{"href":"https:\/\/www.aquilaguna.com\/index.php\/wp-json\/wp\/v2\/media?parent=8645"}],"wp:term":[{"taxonomy":"category","embeddable":true,"href":"https:\/\/www.aquilaguna.com\/index.php\/wp-json\/wp\/v2\/categories?post=8645"},{"taxonomy":"post_tag","embeddable":true,"href":"https:\/\/www.aquilaguna.com\/index.php\/wp-json\/wp\/v2\/tags?post=8645"}],"curies":[{"name":"wp","href":"https:\/\/api.w.org\/{rel}","templated":true}]}}