{"id":8684,"date":"2022-05-17T18:02:35","date_gmt":"2022-05-17T23:02:35","guid":{"rendered":"https:\/\/www.aquilaguna.com\/?p=8684"},"modified":"2022-05-17T18:02:35","modified_gmt":"2022-05-17T23:02:35","slug":"establecen-convenio-de-cooperacion-educacion-coahuila-y-universidad-la-salle","status":"publish","type":"post","link":"https:\/\/www.aquilaguna.com\/index.php\/2022\/05\/17\/establecen-convenio-de-cooperacion-educacion-coahuila-y-universidad-la-salle\/","title":{"rendered":"ESTABLECEN CONVENIO DE COOPERACI\u00d3N EDUCACI\u00d3N COAHUILA Y UNIVERSIDAD LA SALLE."},"content":{"rendered":"\n<p>Saltillo, Coahuila de Zaragoza; a 17 de Mayo de 2022. \u2013 Con el objetivo de ampliar la atenci\u00f3n para los alumnos de Preparatoria Abierta, el Gobierno del Estado, a trav\u00e9s de la Secretar\u00eda de Educaci\u00f3n (SE), sign\u00f3 un convenio con la Universidad \u201cLa Salle\u201d (ULSA), que permitir\u00e1 utilizar sus instalaciones para atender a los alumnos usuarios de los servicios.<\/p>\n\n\n\n<p>El convenio fue firmado por el Secretario de Educaci\u00f3n del Estado, Francisco Saracho Navarro, mientras por la ULSA lo sign\u00f3 el rector Jos\u00e9 Cubillas Romero; la Directora Acad\u00e9mica, Montserrat Cer\u00f3n S\u00edgala; la Coordinadora de Licenciatura en Desarrollo e Innovaci\u00f3n Educativa, Laura Zogbi Rocha, y el Director de Extensi\u00f3n Universitaria, Carlos de Le\u00f3n Vela.<\/p>\n\n\n\n<p>El secretario Saracho Navarro fue acompa\u00f1ado por el Subsecretario de Educaci\u00f3n Media y Superior, Francisco Osorio Morales, y la Coordinadora General de Asuntos Jur\u00eddicos, Diana Castillo D\u00edaz, adem\u00e1s el Director de Preparatoria Abierta, Alan Vargas Hern\u00e1ndez.<\/p>\n\n\n\n<p>Este acuerdo permitir\u00e1 ampliar los servicios que la Secretar\u00eda de Educaci\u00f3n&nbsp; ofrece a toda la poblaci\u00f3n coahuilense, para impulsar su desarrollo acad\u00e9mico con la Preparatoria Abierta.<\/p>\n\n\n\n<p>Ahora los alumnos podr\u00e1n utilizar la infraestructura de la prestigiada instituci\u00f3n Campus Saltillo, recibir asesor\u00eda, respaldo acad\u00e9mico, bibliogr\u00e1fico y apoyo con tecnolog\u00edas de la informaci\u00f3n, con lo que podr\u00e1n iniciar, continuar o concluir su bachillerato general.<\/p>\n\n\n\n<p>Con esta acci\u00f3n, el plan acad\u00e9mico se apega a los objetivos previstos en el Plan Estatal de Desarrollo, establecido por el gobernador Miguel Riquelme Sol\u00eds, con base en las pol\u00edticas marcadas en materia educativa.<\/p>\n\n\n\n<p>Durante la firma del convenio se hizo \u00e9nfasis en que se pretende que los usuarios accedan a los diferentes grados de escolaridad profesional, una oportunidad de estudiar una carrera de licenciatura o ingenier\u00eda, para lo que es necesario obtener las habilidades de aprendizaje cognoscitivas, conceptuales de toma de decisiones, un desarrollo laboral y un crecimiento personal.<\/p>\n\n\n\n<p>Mientras que por parte de la Universidad La Salle Campus Saltillo, se explic\u00f3 la intenci\u00f3n de ampliar la oferta educativa y fortalecer el desarrollo, generar una vinculaci\u00f3n entre el sector educativo y la sociedad.<\/p>\n","protected":false},"excerpt":{"rendered":"<p>Saltillo, Coahuila de Zaragoza; a 17 de Mayo de 2022. \u2013 Con el objetivo de ampliar la atenci\u00f3n para los alumnos de Preparatoria Abierta, el Gobierno del Estado, a trav\u00e9s de la Secretar\u00eda de Educaci\u00f3n (SE), sign\u00f3 un convenio con la Universidad \u201cLa Salle\u201d (ULSA), que permitir\u00e1 utilizar sus instalaciones para atender a los alumnos usuarios de los servicios. El convenio fue firmado por el Secretario de Educaci\u00f3n del Estado,&#8230;<\/p>\n","protected":false},"author":1,"featured_media":8685,"comment_status":"closed","ping_status":"closed","sticky":false,"template":"","format":"standard","meta":{"footnotes":""},"categories":[5,9,15],"tags":[],"class_list":["post-8684","post","type-post","status-publish","format-standard","has-post-thumbnail","hentry","category-coahuila","category-educacion","category-gobierno-de-coahuila","wpcat-5-id","wpcat-9-id","wpcat-15-id"],"_links":{"self":[{"href":"https:\/\/www.aquilaguna.com\/index.php\/wp-json\/wp\/v2\/posts\/8684","targetHints":{"allow":["GET"]}}],"collection":[{"href":"https:\/\/www.aquilaguna.com\/index.php\/wp-json\/wp\/v2\/posts"}],"about":[{"href":"https:\/\/www.aquilaguna.com\/index.php\/wp-json\/wp\/v2\/types\/post"}],"author":[{"embeddable":true,"href":"https:\/\/www.aquilaguna.com\/index.php\/wp-json\/wp\/v2\/users\/1"}],"replies":[{"embeddable":true,"href":"https:\/\/www.aquilaguna.com\/index.php\/wp-json\/wp\/v2\/comments?post=8684"}],"version-history":[{"count":1,"href":"https:\/\/www.aquilaguna.com\/index.php\/wp-json\/wp\/v2\/posts\/8684\/revisions"}],"predecessor-version":[{"id":8686,"href":"https:\/\/www.aquilaguna.com\/index.php\/wp-json\/wp\/v2\/posts\/8684\/revisions\/8686"}],"wp:featuredmedia":[{"embeddable":true,"href":"https:\/\/www.aquilaguna.com\/index.php\/wp-json\/wp\/v2\/media\/8685"}],"wp:attachment":[{"href":"https:\/\/www.aquilaguna.com\/index.php\/wp-json\/wp\/v2\/media?parent=8684"}],"wp:term":[{"taxonomy":"category","embeddable":true,"href":"https:\/\/www.aquilaguna.com\/index.php\/wp-json\/wp\/v2\/categories?post=8684"},{"taxonomy":"post_tag","embeddable":true,"href":"https:\/\/www.aquilaguna.com\/index.php\/wp-json\/wp\/v2\/tags?post=8684"}],"curies":[{"name":"wp","href":"https:\/\/api.w.org\/{rel}","templated":true}]}}