{"id":8705,"date":"2022-05-17T18:32:45","date_gmt":"2022-05-17T23:32:45","guid":{"rendered":"https:\/\/www.aquilaguna.com\/?p=8705"},"modified":"2022-05-17T18:32:45","modified_gmt":"2022-05-17T23:32:45","slug":"esperara-delegado-de-cnc-en-coahuila-conocer-pronto-la-cantidad-de-recursos-destinados-a-paquete-contra-la-inflacion-y-la-carestia","status":"publish","type":"post","link":"https:\/\/www.aquilaguna.com\/index.php\/2022\/05\/17\/esperara-delegado-de-cnc-en-coahuila-conocer-pronto-la-cantidad-de-recursos-destinados-a-paquete-contra-la-inflacion-y-la-carestia\/","title":{"rendered":"Esperara Delegado de CNC en Coahuila conocer pronto la cantidad de recursos destinados a  &#8220;Paquete\u00a0 Contra la Inflaci\u00f3n y la Carest\u00eda&#8221;."},"content":{"rendered":"\n<p>Torre\u00f3n, Coahuila.- Con todo y lo tard\u00edo que resultan las decisiones anunciadas hace d\u00edas por el Presidente L\u00f3pez Obrador,\u00a0 para recuperar la producci\u00f3n\u00a0 de alimentos\u00a0 \u00a0 b\u00e1sicos\u00a0 en el agro nacional,\u00a0 tras el virtual abandono de su r\u00e9gimen\u00a0 al sector\u00a0 social\u00a0 del\u00a0 ramo agropecuario, el programa que se anuncia denominado &#8220;Paquete\u00a0 Contra la Inflaci\u00f3n y la Carest\u00eda&#8221;,\u00a0 que\u00a0 por necesidad se ha impuesto, se espera que se\u00a0 conozca, mas pronto que tarde,\u00a0 los recursos federales que se destinar\u00e1n a tal objetivo.<\/p>\n\n\n\n<p>Lo anterior fue expresado por el Delegado en Coahuila\u00a0 de la Confederaci\u00f3n Nacional Campesina\u00a0 Jes\u00fas Medina,\u00a0 sobre la opini\u00f3n\u00a0 sobre el contenido y objetivo del paquete mencionado, en el que\u00a0 los integrantes del sector social,\u00a0 productivo, estar\u00e1n mas que involucrados, si bien es fecha de que se desconoce \u00a0 el monto de los recursos destinados a \u00a0 promover intensivamente el cultivo de b\u00e1sicos, como son el ma\u00edz y el frijol y mucho menos la forma como habr\u00e1 de implementarse que tales recursos, si los hay lleguen a los productores.<\/p>\n\n\n\n<p>Indic\u00f3 el dirigente que,  &#8220;como siempre,\u00a0 la idea\u00a0 es buena, como lo fuera en un principio, se\u00a0 mencion\u00f3 en \u00e9ste r\u00e9gimen en poner precios de garant\u00eda al ma\u00edz, frijol, trigo,\u00a0 misma que consider\u00e1bamos como brillante idea, como queriendo salir al paso \u00a0 a la extinci\u00f3n del procampo&#8221;.<\/p>\n\n\n\n<p>Pero, agrega, &#8220;ya con los tres a\u00f1os y medio de experiencia que nos deja tal\u00a0 anuncio, que solo fue eso, \u00a0 pues manosearon la producci\u00f3n y el ma\u00edz, como fue el caso de los Estados de Zacatecas y Durango, por citar los que conozco de cerca, nos dej\u00f3 a los productores\u00a0 una gran sensaci\u00f3n de desconfianza, pues no sabemos, no tenemos certeza de que lo que anuncia el gobierno federal para nuestro sector, resulte cierto&#8221;.<\/p>\n\n\n\n<p>&#8220;Esta incertidumbre, genera que estemos pensando si le entramos o no a tal llamado presidencial, pues resulta que por experiencia en este tema, solo nos ha quedado la perdida de tiempo&#8221;.<\/p>\n\n\n\n<p>&#8220;Adem\u00e1s, las instituciones que tengan como\u00a0 tarea manejar este tipo de programas, dejan tambi\u00e9n mucho que desear, de ah\u00ed que esperemos mejor a que\u00a0 el Presidente suba su decisi\u00f3n al Congreso federal para que este le de\u00a0 tal tarea, para que los recursos que se vayan a destinar, queden amarrados&#8221;.<\/p>\n\n\n\n<p>De no ser as\u00ed, dijo, &#8220;de\u00a0 ser tales recursos destinados por otras v\u00edas, sin pasar por\u00a0 el Congreso, los van a manosear, los van a agarrar para lo que sea, incluso para siembra electoral menos para\u00a0 lo que se pretende&#8221;.<\/p>\n\n\n\n<p>Eso pas\u00f3, record\u00f3 el dirigente, &#8220;con la compra de sementales de importaci\u00f3n, en un programa a cargo del hoy Gobernador de Zacatecas, cuando era el Director de Agricultura de la\u00a0 SAGARPA, que solo\u00a0 import\u00f3 ganado de mala calidad, facturado a\u00a0 precio de sementales de raza \u00a0 de muy alta calidad&#8221;.<\/p>\n\n\n\n<p>&#8220;De ah\u00ed\u00a0 que nazca esta desconfianza, pero la idea presidencial es importante, ojal\u00e1\u00a0 se concrete&#8221;.\u00a0<\/p>\n\n\n\n<p>En cuanto a otros productos mas all\u00e1 del ma\u00edz y frijol, pues el paquete en cuesti\u00f3n incluye\u00a0 aceite de ma\u00edz, arroz, at\u00fan, carne de cerdo, carne de pollo, cebolla, chile jalape\u00f1o, huevo, jab\u00f3n de tocador, leche, harina de ma\u00edz, harina de trigo, naranja, papas, pastas para sopas, sardinas, sorgo, trigo y zanahoria, etc.<\/p>\n\n\n\n<p>&#8220;Adem\u00e1s, desde otro \u00e1ngulo de la problem\u00e1tica que se pretende atemperar y que pudiera manifestarse ya no solo el carest\u00eda de productos alimentarios, sino tambi\u00e9n\u00a0 su escasez, se tiene que contemplar el hecho evidente, de que en los tres a\u00f1os y medio del presente r\u00e9gimen, las instituciones que\u00a0 estaban involucradas en el proceso productivo\u00a0 nacional, en especial en el sector primario,\u00a0 se encuentran en franco\u00a0 retroceso, cuando no en extinci\u00f3n, incluso \u00a0 con la \u00a0 liberaci\u00f3n de algunos de\u00a0 los aranceles impuestos a la importaci\u00f3n de estos\u00a0 bienes de consumo,\u00a0 de ah\u00ed que se imponga ya un programa muy agresivo de producci\u00f3n de granos, con apoyos directos a productores, como se hacia antes y hoy al parecer, deberemos regresar a esquemas de producci\u00f3n\u00a0 que\u00a0 se implementaron y tuvieron \u00e9xito,  30 a\u00f1os atr\u00e1s&#8221;.\u00a0\u00a0\u00a0\u00a0<\/p>\n\n\n\n<p>Record\u00f3 el dirigente campesino, &#8220;que\u00a0 en este pa\u00eds, y en especial en el norte, la producci\u00f3n de b\u00e1sicos\u00a0 es decir, de ma\u00edz y frijol es de temporal y registra producci\u00f3n\u00a0 de granos cuando llueve,\u00a0 adem\u00e1s de que se carece de cobertura financiera y\u00a0 tecnol\u00f3gica indispensable, por no citar la virtual extinci\u00f3n de la organizaci\u00f3n\u00a0 campesina para la producci\u00f3n,\u00a0 pues sus liderazgos est\u00e1n mas que enfriados en estos tiempos ante la falta de apoyos formales, de ah\u00ed que se imponga\u00a0 su reconstrucci\u00f3n social, acci\u00f3n en la que se ha ce indispensable, que estos puedan volver a confiar en sus gobiernos&#8221;.\u00a0<\/p>\n","protected":false},"excerpt":{"rendered":"<p>Torre\u00f3n, Coahuila.- Con todo y lo tard\u00edo que resultan las decisiones anunciadas hace d\u00edas por el Presidente L\u00f3pez Obrador,\u00a0 para recuperar la producci\u00f3n\u00a0 de alimentos\u00a0 \u00a0 b\u00e1sicos\u00a0 en el agro nacional,\u00a0 tras el virtual abandono de su r\u00e9gimen\u00a0 al sector\u00a0 social\u00a0 del\u00a0 ramo agropecuario, el programa que se anuncia denominado &#8220;Paquete\u00a0 Contra la Inflaci\u00f3n y la Carest\u00eda&#8221;,\u00a0 que\u00a0 por necesidad se ha impuesto, se espera que se\u00a0 conozca, mas pronto&#8230;<\/p>\n","protected":false},"author":2,"featured_media":0,"comment_status":"closed","ping_status":"","sticky":false,"template":"","format":"standard","meta":{"footnotes":""},"categories":[35,5,31],"tags":[],"class_list":["post-8705","post","type-post","status-publish","format-standard","hentry","category-agricultura","category-coahuila","category-gobierno-federal","wpcat-35-id","wpcat-5-id","wpcat-31-id"],"_links":{"self":[{"href":"https:\/\/www.aquilaguna.com\/index.php\/wp-json\/wp\/v2\/posts\/8705","targetHints":{"allow":["GET"]}}],"collection":[{"href":"https:\/\/www.aquilaguna.com\/index.php\/wp-json\/wp\/v2\/posts"}],"about":[{"href":"https:\/\/www.aquilaguna.com\/index.php\/wp-json\/wp\/v2\/types\/post"}],"author":[{"embeddable":true,"href":"https:\/\/www.aquilaguna.com\/index.php\/wp-json\/wp\/v2\/users\/2"}],"replies":[{"embeddable":true,"href":"https:\/\/www.aquilaguna.com\/index.php\/wp-json\/wp\/v2\/comments?post=8705"}],"version-history":[{"count":1,"href":"https:\/\/www.aquilaguna.com\/index.php\/wp-json\/wp\/v2\/posts\/8705\/revisions"}],"predecessor-version":[{"id":8706,"href":"https:\/\/www.aquilaguna.com\/index.php\/wp-json\/wp\/v2\/posts\/8705\/revisions\/8706"}],"wp:attachment":[{"href":"https:\/\/www.aquilaguna.com\/index.php\/wp-json\/wp\/v2\/media?parent=8705"}],"wp:term":[{"taxonomy":"category","embeddable":true,"href":"https:\/\/www.aquilaguna.com\/index.php\/wp-json\/wp\/v2\/categories?post=8705"},{"taxonomy":"post_tag","embeddable":true,"href":"https:\/\/www.aquilaguna.com\/index.php\/wp-json\/wp\/v2\/tags?post=8705"}],"curies":[{"name":"wp","href":"https:\/\/api.w.org\/{rel}","templated":true}]}}