{"id":8865,"date":"2022-05-25T19:29:33","date_gmt":"2022-05-26T00:29:33","guid":{"rendered":"https:\/\/www.aquilaguna.com\/?p=8865"},"modified":"2022-05-25T19:30:42","modified_gmt":"2022-05-26T00:30:42","slug":"8865","status":"publish","type":"post","link":"https:\/\/www.aquilaguna.com\/index.php\/2022\/05\/25\/8865\/","title":{"rendered":"INVITA COAHUILA A FERIA DE EMPLEO EN TORRE\u00d3N: HABR\u00c1 M\u00c1S DE 1 MIL 100 PUESTOS."},"content":{"rendered":"\n<p>Torre\u00f3n, Coahuila de Zaragoza; a 25 de Mayo de 2022.- El Gobierno de Coahuila, a trav\u00e9s de la Secretar\u00eda del Trabajo, del Servicio Nacional del Empleo Laguna y en coordinaci\u00f3n con la Direcci\u00f3n de Desarrollo Econ\u00f3mico del Municipio de Torre\u00f3n, llevar\u00e1 a cabo la Feria de Empleo en esta ciudad para ofertar m\u00e1s de mil 100 puestos.<\/p>\n\n\n\n<p>Marco Cant\u00fa Vega, Subsecretario de Empleo y Productividad en el Trabajo, coment\u00f3 que esto es posible por la direcci\u00f3n que ha dado el gobernador Miguel Riquelme a la entidad, por lo que existe seguridad, paz laboral y competitividad.<\/p>\n\n\n\n<p>La feria se desarrollar\u00e1 el pr\u00f3ximo lunes 30 de mayo en el Gimnasio de la Unidad Deportiva Torre\u00f3n, de las 08:00 a 14:00 horas.<\/p>\n\n\n\n<p>Participar\u00e1n 30 empresas, entre ellas Milwaukee tool, Al super, Cooper Est\u00e1ndar, Arca Continental, Grupo LALA, OXXO, Cimaco, EasyWay, Grupo Surman, Su Karne y DNA Diagnostica, entre otras, para brindar mil 100 vacantes, con salarios que van desde los 9 mil hasta los 50 mil pesos mensuales.<\/p>\n\n\n\n<p>\u201cM\u00e1s all\u00e1 de las vacantes, contamos con opciones que van para todos los segmentos de nuestra sociedad. Por ejemplo, son accesibles para la mujer, adultos mayores, personas con discapacidad y profesionistas y t\u00e9cnicos\u201d, dijo.<\/p>\n\n\n\n<p>Esto ser\u00eda impensable sin la participaci\u00f3n en conjunto de los diferentes actores que conforman el esquema laboral de la entidad, lo que el Gobernador convoc\u00f3 a trav\u00e9s del Pacto Coahuila desde el inici\u00f3 de su Administraci\u00f3n.<\/p>\n\n\n\n<p>Donde convergen empleadores, sindicatos y al sector p\u00fablico caminando de la mano, dijo: \u201cAqu\u00ed en Coahuila se sabe que el mejor programa social es el empleo, por lo que la meta es que 1 de cada 3 buscadores consiga uno y se adentre al mercado laboral\u201d.<\/p>\n\n\n\n<p>El funcionario invit\u00f3 a los interesados en acudir para que se registren previamente en la p\u00e1gina&nbsp;<a href=\"http:\/\/www.ferias.empleo.gob.mx\/\" target=\"_blank\" rel=\"noreferrer noopener\">www.ferias.empleo.gob.mx<\/a>, o bien el d\u00eda del evento se dirijan al gimnasio con su CURP.<\/p>\n\n\n\n<p>David Flores Lavenat, titular de Atenci\u00f3n en La Laguna y representante del Gobernador, coment\u00f3 que, al inicio de la Administraci\u00f3n, el Instituto Mexicano de Competitividad (IMCO) ubicaba a Coahuila en noveno lugar, y hoy ocupa la tercera posici\u00f3n nacional.<\/p>\n\n\n\n<p>De manera que con esta feria y de la mano con la Administraci\u00f3n que encabeza el Alcalde de Torre\u00f3n, Rom\u00e1n Cepeda Gonz\u00e1lez, \u201cvemos las condiciones favorables para que lleguen m\u00e1s inversiones. Con estas 30 empresas se ofertar\u00e1n vacantes para la mano de obra que se requiere\u201d.<\/p>\n\n\n\n<p>En su momento, Kena Y\u00e1\u00f1ez Mart\u00ednez, Directora General de Desarrollo Econ\u00f3mico del Municipio de Torre\u00f3n, se\u00f1al\u00f3 que este es un d\u00eda de buenas noticias.<\/p>\n\n\n\n<p>\u201cNos levantamos con la noticia del crecimiento del empleo en Torre\u00f3n por cerca de 1.4 por ciento; creo que el alcalde Rom\u00e1n Cepeda ha sido muy puntual en trabajar en esa l\u00ednea de la mano con el gobernador Miguel Riquelme, en generar condiciones para que m\u00e1s empresas contin\u00faen brindando empleo\u201d.<\/p>\n\n\n\n<p>Invit\u00f3 a los que buscan trabajo, a que acuda a esta feria, en tanto que a las firmas les expres\u00f3 que siempre estar\u00e1n, como Municipio, listos para escuchar sus demandas, ver sus necesidades y requerimientos.<\/p>\n\n\n\n<p>Igualmente, en generar condiciones para que crezcan en sus procesos y la oferta de empleo para la sociedad vaya cada vez en incremento.<\/p>\n\n\n\n<p>Otros funcionarios que tambi\u00e9n estuvieron en la presentaci\u00f3n ante medios de comunicaci\u00f3n son: Guillermo Covarrubias Castro, Coordinador del Servicio Nacional del Empleo (SNE) Laguna, y Mario Cepeda Villarreal, Subsecretario de Inclusi\u00f3n y Desarrollo Social en La Laguna.<\/p>\n","protected":false},"excerpt":{"rendered":"<p>Torre\u00f3n, Coahuila de Zaragoza; a 25 de Mayo de 2022.- El Gobierno de Coahuila, a trav\u00e9s de la Secretar\u00eda del Trabajo, del Servicio Nacional del Empleo Laguna y en coordinaci\u00f3n con la Direcci\u00f3n de Desarrollo Econ\u00f3mico del Municipio de Torre\u00f3n, llevar\u00e1 a cabo la Feria de Empleo en esta ciudad para ofertar m\u00e1s de mil 100 puestos. Marco Cant\u00fa Vega, Subsecretario de Empleo y Productividad en el Trabajo, coment\u00f3 que&#8230;<\/p>\n","protected":false},"author":1,"featured_media":8867,"comment_status":"closed","ping_status":"closed","sticky":false,"template":"","format":"standard","meta":{"footnotes":""},"categories":[5,43,15],"tags":[],"class_list":["post-8865","post","type-post","status-publish","format-standard","has-post-thumbnail","hentry","category-coahuila","category-empleo","category-gobierno-de-coahuila","wpcat-5-id","wpcat-43-id","wpcat-15-id"],"_links":{"self":[{"href":"https:\/\/www.aquilaguna.com\/index.php\/wp-json\/wp\/v2\/posts\/8865","targetHints":{"allow":["GET"]}}],"collection":[{"href":"https:\/\/www.aquilaguna.com\/index.php\/wp-json\/wp\/v2\/posts"}],"about":[{"href":"https:\/\/www.aquilaguna.com\/index.php\/wp-json\/wp\/v2\/types\/post"}],"author":[{"embeddable":true,"href":"https:\/\/www.aquilaguna.com\/index.php\/wp-json\/wp\/v2\/users\/1"}],"replies":[{"embeddable":true,"href":"https:\/\/www.aquilaguna.com\/index.php\/wp-json\/wp\/v2\/comments?post=8865"}],"version-history":[{"count":2,"href":"https:\/\/www.aquilaguna.com\/index.php\/wp-json\/wp\/v2\/posts\/8865\/revisions"}],"predecessor-version":[{"id":8868,"href":"https:\/\/www.aquilaguna.com\/index.php\/wp-json\/wp\/v2\/posts\/8865\/revisions\/8868"}],"wp:featuredmedia":[{"embeddable":true,"href":"https:\/\/www.aquilaguna.com\/index.php\/wp-json\/wp\/v2\/media\/8867"}],"wp:attachment":[{"href":"https:\/\/www.aquilaguna.com\/index.php\/wp-json\/wp\/v2\/media?parent=8865"}],"wp:term":[{"taxonomy":"category","embeddable":true,"href":"https:\/\/www.aquilaguna.com\/index.php\/wp-json\/wp\/v2\/categories?post=8865"},{"taxonomy":"post_tag","embeddable":true,"href":"https:\/\/www.aquilaguna.com\/index.php\/wp-json\/wp\/v2\/tags?post=8865"}],"curies":[{"name":"wp","href":"https:\/\/api.w.org\/{rel}","templated":true}]}}