{"id":8950,"date":"2022-05-29T19:20:02","date_gmt":"2022-05-30T00:20:02","guid":{"rendered":"https:\/\/www.aquilaguna.com\/?p=8950"},"modified":"2022-05-29T19:20:02","modified_gmt":"2022-05-30T00:20:02","slug":"aqui-laguna-133","status":"publish","type":"post","link":"https:\/\/www.aquilaguna.com\/index.php\/2022\/05\/29\/aqui-laguna-133\/","title":{"rendered":"Aqu\u00ed Laguna."},"content":{"rendered":"\n<p>\u00a1Buen vecino y mejor anfitri\u00f3n!\u00a0 As\u00ed se vi\u00f3 al Gobernador Miguel Angel Riquelme Solis \u00e9ste fin de semana,\u00a0 quien bajo el marco exitoso alcanzado en el Primer Foro Inmobiliario del Norte\u00a0 que efectuado\u00a0el jueves y viernes,\u00a0 y\u00a0 teniendo como sede\u00a0 el Centro de Convenciones\u00a0 de Torre\u00f3n, con\u00a0 nutrida concurrencia procedente de\u00a0 distintos Estados del pa\u00eds, que justific\u00f3\u00a0 la\u00a0 presencia y coordinaci\u00f3n de la Secretaria de Turismo de Coahuila, promoviendo \u00e9ste tema\u00a0 entre los visitantes\u00a0 motivados\u00a0 por tal encuentro, que hizo posible al empresariado local de \u00e9ste ramo escuchar\u00a0 innovadores en materia de \u00a0 desarrollos inmobiliarios\u00a0 y mas all\u00e1 de estos, con el objetivo de hacer mas que competitivos\u00a0 los territorios norte\u00f1os de este pa\u00eds.<\/p>\n\n\n\n<p>En este mismo marco, sin duda de registrarse el arribo de una nueva dirigencia empresarial mas ad hoc con los retadores tiempos que se viven en el pa\u00eds y el mundo, y que corresponden ya enfrentar a una nueva\u00a0 generaci\u00f3n de emprendedores. De ah\u00ed que \u00a0 la llegada de Jos\u00e9 Eleazar Pi\u00f1a Alvarez\u00a0 como nuevo Presidente de la CANADEVI local, haya generado\u00a0 entusiasmo luego de escuchar sus propuestas de desarrollo de esta rama de la econom\u00eda regional, sin dejar al margen de modo alguno las relacionadas con la conectividad,\u00a0 pues se expuso incluso el proyecto de construir\u00a0 ruta\u00a0 ferroviaria de carga,\u00a0 con solo inversi\u00f3n privada a partir de Mazatl\u00e1n\u00a0 hasta alcanzar la\u00a0 frontera\u00a0 atl\u00e1ntica, similar al proyecto gubernamental del Corredor Econ\u00f3mico del Norte, adem\u00e1s de que el dirigente que\u00a0 arriba al escenario regional\u00a0 dejo atr\u00e1s, quejas y peticiones a los gobiernos en turno que\u00a0 en otros momentos singularizaran la participaci\u00f3n de este sector\u00a0 empresarial, actitud mas que necesaria.<\/p>\n\n\n\n<p>Como\u00a0 colof\u00f3n de este encuentro\u00a0 de empresarios con el gobierno de Riquelme Solis haya generado\u00a0 el clima bajo el cual, se dio la bienvenida a los Gobernadores invitados para el cierre, y de paso, marc\u00f3 tambi\u00e9n la virtual despedida que como Gobernadores de\u00a0 Tamaulipas y Durango tuvieran sus titulares, que de paso se recuerda\u00a0 fueron compa\u00f1eros de viaje de nuestro gobernante en la etapa en la que en compa\u00f1\u00eda de otros gobernantes\u00a0 enfrentaron, de inicio\u00a0 la seguridad\u00a0 en sus entidades, uni\u00f3n que dio luego paso a presentar las resistencias \u00a0 que genera el inequitativo\u00a0 reparto de la bolsa nacional, \u00a0 que sigue resultando infranqueable a la fecha, cual\u00a0 innamovible piedra de toque\u00a0 de las relaciones entre la Federaci\u00f3n y los Estados&#8230;<\/p>\n\n\n\n<p>Y en otro extremo \u00e9ste mismo s\u00e1bado \u00a0 tuvo lugar el Consejo Municipal pri\u00edsta para dar paso al ingreso como nuevos Consejeros al alcalde Rom\u00e1n Alberto Cepeda Gonz\u00e1lez y hasta al titular del Poder Judicial, Licenciado Miguel Mery Ayup,\u00a0 evento \u00a0 celebrado y presidido\u00a0 el aun l\u00edder\u00a0 local, el diputado Eduardo Olmos Castro\u00a0 y cuya difusi\u00f3n a toro pasado generado por\u00a0 &#8220;un error\u00a0 de dedo&#8221;, que posteriormente les pueda acarrear consecuencias&#8230;<\/p>\n\n\n\n<p>Por cierto en la rumorolog\u00eda desatada al calor de la sucesi\u00f3n gubernamental ya en marcha, se escucha que de incluirse de manera formal\u00a0 en\u00a0 el listado de competidores por la designaci\u00f3n\u00a0 de la candidatura del PRI al gobierno de\u00a0 Coahuila, adem\u00e1s de Manolo Jim\u00e9nez y Jeric\u00f3 Abramo, de buena o mala f\u00e9, vaya Usted a saber, se incluyen tambi\u00e9n la de los alcaldes de Saltillo Jos\u00e9 Maria Fraustro Siller y\u00a0 el de Torre\u00f3n, Rom\u00e1n Alberto Cepeda Gonz\u00e1lez,\u00a0 de ser as\u00ed, los dos \u00faltimos mencionados, si bien por ley no deben solicitar licencia alguna para separarse del cargo que ahora desempe\u00f1an, hacer campa\u00f1a y participar en\u00a0 la presunta contienda interna, s\u00ed deber\u00edan\u00a0 de hacerlo, para no tener ventaja alguna, obvia en tal tarea.<\/p>\n\n\n\n<p>Hay que decirlo, que\u00a0 cualquier n\u00famero de aspirantes, sean dos o cuatro, etc., buscar\u00e1n el voto\u00a0 b\u00e1sicamente entre quienes integran la estructura\u00a0 militante\u00a0 del tricolor, si bien en principio el proceso ser\u00e1 abierto a toda la sociedad. De ah\u00ed que en el caso de Torre\u00f3n, ya se mencione\u00a0 en los mentideros pol\u00edticos locales que\u00a0 el suplente\u00a0 ideal\u00a0 del hoy alcalde, en caso de que \u00e9ste finalmente\u00a0 est\u00e9 participando en la contienda\u00a0 interna y cuente bien sus canicas\u00a0 \u00a0 estar\u00eda siendo el Contador Javier\u00a0 Herrera, por ahora Subsecretario de\u00a0 Egresos en la Secretar\u00eda de Finanzas, a quien le atribuyen primero que nada, insustituible lealtad para con su jefe, adem\u00e1s de capacidad t\u00e9cnica y administrativa demostrada. Pero ya se sabe, eso de que &#8220;Dios no cumple antojos ni endereza jorobados&#8221;, pero el deseo esta ah\u00ed, flotando\u00a0 y ya veremos y estaremos diciendo como se\u00a0 desarrolla tal proceso&#8230;<\/p>\n\n\n\n<p>Vaya resonancia internacional que alcanz\u00f3, medi\u00e1ticamente &#8220;la invasi\u00f3n&#8221; armada que a las instalaciones de Casa Madero,\u00a0 ubicada en Parras, realizara el mi\u00e9rcoles de la semana que termina,\u00a0 un grupo de campesinos\u00a0 oriundos del mismo municipio a ra\u00edz de un conflicto que tiene como eje\u00a0 la distribuci\u00f3n del agua para regad\u00edo, insumo que cada\u00a0 vez es mas escaso y situaci\u00f3n que da lugar a las\u00a0 consideradas, otrora, como &#8220;guerras del futuro&#8221;, en escenarios apocal\u00edpticos, casi casi de ciencia ficci\u00f3n. Pero resulta que en tal conflicto, el ente que parece ajeno resulta ser la Comisi\u00f3n Nacional del Agua, como instituci\u00f3n que tiene a cargo el tema, y que hoy en su delegaci\u00f3n local, o bien a la delegaci\u00f3n de Monterrey\u00a0 ejerce\u00a0 la pol\u00edtica del avestruz, tratando que el problema se solucione solo.<\/p>\n\n\n\n<p>Por lo pronto los muy poderosos\u00a0 propietarios\u00a0 de\u00a0 la empresa vin\u00edcola,\u00a0 la mas antigua de Am\u00e9rica, cuyos caldos son objeto de reconocimiento mundial\u00a0 y cuyos\u00a0 vi\u00f1edos est\u00e1n en pie desde 1597\u00a0 tienen ya &#8220;el grito en el cielo&#8221; versus \u00a0 los grupos campesinos que en verdad, han de estar\u00a0 mas que hartos, de ah\u00ed que recurrir a las armas, ante la falta de entendimiento alguno en tal reparto\u00a0 -si eso fue en verdad cierto-, deben de esperar\u00a0 la intervenci\u00f3n de autoridades que en verdad den a cada parte lo suyo, es decir, que se haga\u00a0 justicia a secas&#8230;<\/p>\n\n\n\n<p>Y este lunes, se espera con inter\u00e9s el contenido del comunicado prometido pro el alcalde Rom\u00e1n Alberto Cepeda\u00a0 en torno al tema del abasto de agua y su problem\u00e1tica de abasto entre la poblaci\u00f3n\u2026<\/p>\n\n\n\n<p>Y\u00a0 para enfrentar problemas se debe de tener los muy bien identificados, evaluados, medidos si es posible, de ah\u00ed que aportar\u00a0 las\u00a0 herramientas intelectuales que hagan posible construir\u00a0 soluciones resulten\u00a0 importantes, y ello se desprende del contenido del\u00a0 Libro &#8220;Sistemas de Pensiones: Estudio Cr\u00edtico&#8221; de la autor\u00eda del Doctor Jos\u00e9 Armando Plata Sandoval, presentado ante la comunidad universitaria encabezada por su Rector\u00a0 y la titular de la Unidad Torre\u00f3n Salvador Hern\u00e1ndez V\u00e9lez y Doctora\u00a0 Sandra L\u00f3pez Chavarria, no hay tenido desperdicio alguno al\u00a0 abordar con conocimiento profundo de causa, tal asunto sensible a importante segmento de la poblaci\u00f3n, que incluye la de los pensionados y jubilados universitarios cuya atenci\u00f3n\u00a0 involucra ya para la Universidad Aut\u00f3noma de Coahuila, recursos hasta por 700 millones de pesos anuales. No es cosa menor&#8230;<\/p>\n\n\n\n<p>Y vaya que\u00a0 es mas que err\u00e1tico, el comportamiento del virus del Covid-19, luego de que en Coahuila\u00a0 se registraran d\u00edas continuos con cero contagios y cero decesos por tal causa. Resulta que la estad\u00edstica da un salto y ayer, solo ayer registraron\u00a0 casos. Impredecible pues de ah\u00ed que se justifique la prudencia, la cautela\u00a0 con la que los responsables de su seguimiento\u00a0 est\u00e9n levantamiento\u00a0 las\u00a0 medidas de prevenci\u00f3n dictadas \u00a0 y vigentes desde hace ya mas de dos a\u00f1os&#8230;<\/p>\n\n\n\n<p>Y ya en recta final entr\u00f3 el periodo electoral que impera en el vecino Estado de Durango y otros cinco estados del pa\u00eds, pues para el pr\u00f3ximo mi\u00e9rcoles las campa\u00f1as habr\u00e1n llegado a su fin, ya que las actividades\u00a0 previas a la elecci\u00f3n el\u00a0 domingo cinco de junio, impiden cualquier actividad\u00a0 p\u00fablica de los partidos y candidatos contendientes. Se anticipan apuestas de dos a uno a que\u00a0 la Alianza que \u00a0 encabeza el priista\u00a0 Esteban Villegas se alzar\u00e1 con el triunfo.<\/p>\n\n\n\n<p>Se espera tambi\u00e9n que tras la fecha\u00a0 de elecci\u00f3n, se deje un poco en paz\u00a0 y obtenga alg\u00fan\u00a0 respiro &#8220;Alito&#8221;,\u00a0 como  villano favorito,\u00a0 blanco principal en la singular\u00a0 guerra sucia que enfrenta.<\/p>\n","protected":false},"excerpt":{"rendered":"<p>\u00a1Buen vecino y mejor anfitri\u00f3n!\u00a0 As\u00ed se vi\u00f3 al Gobernador Miguel Angel Riquelme Solis \u00e9ste fin de semana,\u00a0 quien bajo el marco exitoso alcanzado en el Primer Foro Inmobiliario del Norte\u00a0 que efectuado\u00a0el jueves y viernes,\u00a0 y\u00a0 teniendo como sede\u00a0 el Centro de Convenciones\u00a0 de Torre\u00f3n, con\u00a0 nutrida concurrencia procedente de\u00a0 distintos Estados del pa\u00eds, que justific\u00f3\u00a0 la\u00a0 presencia y coordinaci\u00f3n de la Secretaria de Turismo de Coahuila, promoviendo \u00e9ste&#8230;<\/p>\n","protected":false},"author":2,"featured_media":0,"comment_status":"closed","ping_status":"","sticky":false,"template":"","format":"standard","meta":{"footnotes":""},"categories":[8],"tags":[],"class_list":["post-8950","post","type-post","status-publish","format-standard","hentry","category-aqui-laguna","wpcat-8-id"],"_links":{"self":[{"href":"https:\/\/www.aquilaguna.com\/index.php\/wp-json\/wp\/v2\/posts\/8950","targetHints":{"allow":["GET"]}}],"collection":[{"href":"https:\/\/www.aquilaguna.com\/index.php\/wp-json\/wp\/v2\/posts"}],"about":[{"href":"https:\/\/www.aquilaguna.com\/index.php\/wp-json\/wp\/v2\/types\/post"}],"author":[{"embeddable":true,"href":"https:\/\/www.aquilaguna.com\/index.php\/wp-json\/wp\/v2\/users\/2"}],"replies":[{"embeddable":true,"href":"https:\/\/www.aquilaguna.com\/index.php\/wp-json\/wp\/v2\/comments?post=8950"}],"version-history":[{"count":1,"href":"https:\/\/www.aquilaguna.com\/index.php\/wp-json\/wp\/v2\/posts\/8950\/revisions"}],"predecessor-version":[{"id":8951,"href":"https:\/\/www.aquilaguna.com\/index.php\/wp-json\/wp\/v2\/posts\/8950\/revisions\/8951"}],"wp:attachment":[{"href":"https:\/\/www.aquilaguna.com\/index.php\/wp-json\/wp\/v2\/media?parent=8950"}],"wp:term":[{"taxonomy":"category","embeddable":true,"href":"https:\/\/www.aquilaguna.com\/index.php\/wp-json\/wp\/v2\/categories?post=8950"},{"taxonomy":"post_tag","embeddable":true,"href":"https:\/\/www.aquilaguna.com\/index.php\/wp-json\/wp\/v2\/tags?post=8950"}],"curies":[{"name":"wp","href":"https:\/\/api.w.org\/{rel}","templated":true}]}}