{"id":9039,"date":"2022-06-01T20:13:37","date_gmt":"2022-06-02T01:13:37","guid":{"rendered":"https:\/\/www.aquilaguna.com\/?p=9039"},"modified":"2022-06-01T20:13:38","modified_gmt":"2022-06-02T01:13:38","slug":"presenta-aidh-de-la-uadec-a-los-docentes-de-la-licenciatura-en-derecho-con-perspectiva-en-derechos-humanos","status":"publish","type":"post","link":"https:\/\/www.aquilaguna.com\/index.php\/2022\/06\/01\/presenta-aidh-de-la-uadec-a-los-docentes-de-la-licenciatura-en-derecho-con-perspectiva-en-derechos-humanos\/","title":{"rendered":"Presenta AIDH de la UAdeC a los Docentes de la Licenciatura en Derecho con Perspectiva en Derechos Humanos."},"content":{"rendered":"\n<p>ARTEAGA, Coahuila. 1 de junio de 2022.- La Academia Interamericana de los<br>Derechos Humanos de la Universidad Aut\u00f3noma de Coahuila, present\u00f3 en la<br>Infoteca Campus Arteaga a la plantilla docente del primer semestre de la<br>Licenciatura en Derecho con Perspectiva en Derechos Humanos.<\/p>\n\n\n\n<p>La directora de la AIDH, Irene Spigno, present\u00f3 a los profesores, acompa\u00f1ada por<br>el director del Centro de Educaci\u00f3n para los Derechos Humanos (CEDU), Rodrigo<br>Santiago Ju\u00e1rez; el secretario acad\u00e9mico de la AIDH, Jos\u00e9 Antonio Estrada<br>Mar\u00fan; el Magistrado de la Sala Penal del Tribunal Superior de Justicia del Estado<br>de Coahuila y Fundador de la AIDH, Luis Efr\u00e9n R\u00edos Vega, y la investigadora de la<br>AIDH, Gisela Garc\u00eda Garza.<\/p>\n\n\n\n<p>La directora de la AIDH dio la bienvenida al grupo de docentes que integran el<br>N\u00facleo Acad\u00e9mico B\u00e1sico de la instituci\u00f3n y que instruir\u00e1n a la primera generaci\u00f3n<br>de juristas con una amplia formaci\u00f3n humanista, al tiempo que expuso las<br>directrices acad\u00e9micas que guiar\u00e1n la licenciatura, la cual es una opci\u00f3n<br>acad\u00e9mica \u00fanica en su tipo en el pa\u00eds.<\/p>\n\n\n\n<p>El director del CEDU, Rodrigo Santiago Ju\u00e1rez, dio a conocer la duraci\u00f3n de las<br>materias b\u00e1sicas e introductorias del primer semestre, los horarios de clase,<br>actividades acad\u00e9micas, metodolog\u00edas de talleres, observatorios y laboratorios<br>que se llevar\u00e1n a cabo, adem\u00e1s del curso proped\u00e9utico previo al inicio de clases.<br>La coordinadora de la Licenciatura, Gisela Garc\u00eda, fue la encargada de compartir y<br>explicar los lineamientos al profesorado de primer semestre, para que conozcan la<br>estructura que se emplear\u00e1 para impartir clases, misma que se regir\u00e1 bajo<br>estrictos est\u00e1ndares acad\u00e9micos.<\/p>\n\n\n\n<p>La plantilla de profesores de primer semestre de la primera generaci\u00f3n de la<br>Licenciatura en Derecho con Perspectiva en Derechos Humanos est\u00e1 integrada<br>por la directora de la AIDH, Irene Spigno; el secretario acad\u00e9mico de la Academia,<br>Jos\u00e9 Antonio Estrada Mar\u00fan; el director del Centro de Educaci\u00f3n para los<br>Derechos Humanos, Rodrigo Santiago Ju\u00e1rez, y la directora del Centro de<br>Derechos Civiles y Pol\u00edticos, Yessica Esquivel Alonso.<\/p>\n\n\n\n<p>Tambi\u00e9n impartir\u00e1 clases el Magistrado de la Sala Penal del Tribunal Superior de<br>Justicia del Estado de Coahuila, Luis Efr\u00e9n R\u00edos Vega; la titular de la Comisi\u00f3n<br>Ejecutiva de Atenci\u00f3n a V\u00edctimas del Estado de Coahuila, Magdalena L\u00f3pez Valdez; la titular del Centro Regional de Identificaci\u00f3n Humana, Yezka Garza Ram\u00edrez, y el Magistrado Presidente del Tribunal Electoral del Estado de Coahuila de Zaragoza, Sergio D\u00edaz Rend\u00f3n.<\/p>\n\n\n\n<p>Adem\u00e1s, Paloma Lugo Saucedo, Jos\u00e9 Rafael Belandria Garc\u00eda, Carlos Zamora<br>Valadez, Jes\u00fas Manuel Mart\u00ednez Torres, Jos\u00e9 Luis Vald\u00e9s Rivera, V\u00edctor Manuel<br>Vera Garc\u00eda, Mar\u00eda Vitoria Fern\u00e1ndez Molina, Jos\u00e9 Grijalva Eternod, quienes se<br>desempe\u00f1an como investigadores en la AIDH, y el presidente de la Comisi\u00f3n de<br>los Derechos Humanos de Coahuila, Hugo Morales Vald\u00e9s.<\/p>\n","protected":false},"excerpt":{"rendered":"<p>ARTEAGA, Coahuila. 1 de junio de 2022.- La Academia Interamericana de losDerechos Humanos de la Universidad Aut\u00f3noma de Coahuila, present\u00f3 en laInfoteca Campus Arteaga a la plantilla docente del primer semestre de laLicenciatura en Derecho con Perspectiva en Derechos Humanos. La directora de la AIDH, Irene Spigno, present\u00f3 a los profesores, acompa\u00f1ada porel director del Centro de Educaci\u00f3n para los Derechos Humanos (CEDU), RodrigoSantiago Ju\u00e1rez; el secretario acad\u00e9mico de la&#8230;<\/p>\n","protected":false},"author":1,"featured_media":9040,"comment_status":"closed","ping_status":"closed","sticky":false,"template":"","format":"standard","meta":{"footnotes":""},"categories":[2],"tags":[],"class_list":["post-9039","post","type-post","status-publish","format-standard","has-post-thumbnail","hentry","category-uadec","wpcat-2-id"],"_links":{"self":[{"href":"https:\/\/www.aquilaguna.com\/index.php\/wp-json\/wp\/v2\/posts\/9039","targetHints":{"allow":["GET"]}}],"collection":[{"href":"https:\/\/www.aquilaguna.com\/index.php\/wp-json\/wp\/v2\/posts"}],"about":[{"href":"https:\/\/www.aquilaguna.com\/index.php\/wp-json\/wp\/v2\/types\/post"}],"author":[{"embeddable":true,"href":"https:\/\/www.aquilaguna.com\/index.php\/wp-json\/wp\/v2\/users\/1"}],"replies":[{"embeddable":true,"href":"https:\/\/www.aquilaguna.com\/index.php\/wp-json\/wp\/v2\/comments?post=9039"}],"version-history":[{"count":1,"href":"https:\/\/www.aquilaguna.com\/index.php\/wp-json\/wp\/v2\/posts\/9039\/revisions"}],"predecessor-version":[{"id":9041,"href":"https:\/\/www.aquilaguna.com\/index.php\/wp-json\/wp\/v2\/posts\/9039\/revisions\/9041"}],"wp:featuredmedia":[{"embeddable":true,"href":"https:\/\/www.aquilaguna.com\/index.php\/wp-json\/wp\/v2\/media\/9040"}],"wp:attachment":[{"href":"https:\/\/www.aquilaguna.com\/index.php\/wp-json\/wp\/v2\/media?parent=9039"}],"wp:term":[{"taxonomy":"category","embeddable":true,"href":"https:\/\/www.aquilaguna.com\/index.php\/wp-json\/wp\/v2\/categories?post=9039"},{"taxonomy":"post_tag","embeddable":true,"href":"https:\/\/www.aquilaguna.com\/index.php\/wp-json\/wp\/v2\/tags?post=9039"}],"curies":[{"name":"wp","href":"https:\/\/api.w.org\/{rel}","templated":true}]}}