{"id":9069,"date":"2022-06-03T14:34:05","date_gmt":"2022-06-03T19:34:05","guid":{"rendered":"https:\/\/www.aquilaguna.com\/?p=9069"},"modified":"2022-06-03T14:34:05","modified_gmt":"2022-06-03T19:34:05","slug":"ataques-contra-gobernador-de-tamaulipas-vil-persecucion-politica-del-gobierno-federal-gppan","status":"publish","type":"post","link":"https:\/\/www.aquilaguna.com\/index.php\/2022\/06\/03\/ataques-contra-gobernador-de-tamaulipas-vil-persecucion-politica-del-gobierno-federal-gppan\/","title":{"rendered":"ATAQUES CONTRA GOBERNADOR DE TAMAULIPAS, VIL PERSECUCI\u00d3N POL\u00cdTICA DEL GOBIERNO FEDERAL: GPPAN."},"content":{"rendered":"\n<p><strong>Han intentado una y otra vez torcer la ley para fabricar acusaciones contra el gobernador tamaulipeco<\/strong><\/p>\n\n\n\n<p><strong>No les importa violar la ley y el debido proceso, filtrar o fabricar informaci\u00f3n. Mentir y manipular a la opini\u00f3n p\u00fablica<\/strong><\/p>\n\n\n\n<p>El caso contra el gobernador Francisco Garc\u00eda Cabeza de Vaca es una vil persecuci\u00f3n pol\u00edtica del gobierno federal, afirm\u00f3 la bancada panista en Senado, al tiempo que expres\u00f3 su rechazo absoluto al uso pol\u00edtico de las instituciones del Estado para perseguir a los opositores a este gobierno.<\/p>\n\n\n\n<p>Lo anterior, con relaci\u00f3n a la revelaci\u00f3n de que ex director de la Unidad de Inteligencia Financiera, Santiago Nieto, acept\u00f3 en un mensaje dirigido al abogado del mandatario local que \u00e9l solo hizo lo que le orden\u00f3 el gobierno.<\/p>\n\n\n\n<p>Las senadoras y los senadores del PAN se\u00f1alaron que se confirma lo que expresaron desde el inicio: se trata de una vil persecuci\u00f3n pol\u00edtica contra adversarios.<\/p>\n\n\n\n<p>\u201cDesde el inicio del caso contra el gobernador Francisco Garc\u00eda Cabeza de Vaca se\u00f1alamos que se trataba de se\u00f1alamientos infundados. Han intentado una y otra vez torcer la ley para fabricar acusaciones contra el gobernador tamaulipeco\u201d, acusaron.<\/p>\n\n\n\n<p>Basta de persecuci\u00f3n pol\u00edtica, exigieron los legisladores de Acci\u00f3n Nacional.<\/p>\n\n\n\n<p>Este gobierno, en lugar de dar resultados a las y los mexicanos, de combatir al crimen, se ha dedicado a perseguir a quienes piensan diferente, sostuvieron.<\/p>\n\n\n\n<p>\u201cNo les importa violar la ley y el debido proceso, filtrar o fabricar informaci\u00f3n. Mentir y manipular a la opini\u00f3n p\u00fablica. No importa nada m\u00e1s que atacar a quienes consideran sus enemigos\u201d, remataron.<\/p>\n","protected":false},"excerpt":{"rendered":"<p>Han intentado una y otra vez torcer la ley para fabricar acusaciones contra el gobernador tamaulipeco No les importa violar la ley y el debido proceso, filtrar o fabricar informaci\u00f3n. Mentir y manipular a la opini\u00f3n p\u00fablica El caso contra el gobernador Francisco Garc\u00eda Cabeza de Vaca es una vil persecuci\u00f3n pol\u00edtica del gobierno federal, afirm\u00f3 la bancada panista en Senado, al tiempo que expres\u00f3 su rechazo absoluto al uso&#8230;<\/p>\n","protected":false},"author":1,"featured_media":0,"comment_status":"closed","ping_status":"closed","sticky":false,"template":"","format":"standard","meta":{"footnotes":""},"categories":[17,51],"tags":[],"class_list":["post-9069","post","type-post","status-publish","format-standard","hentry","category-pan","category-senado","wpcat-17-id","wpcat-51-id"],"_links":{"self":[{"href":"https:\/\/www.aquilaguna.com\/index.php\/wp-json\/wp\/v2\/posts\/9069","targetHints":{"allow":["GET"]}}],"collection":[{"href":"https:\/\/www.aquilaguna.com\/index.php\/wp-json\/wp\/v2\/posts"}],"about":[{"href":"https:\/\/www.aquilaguna.com\/index.php\/wp-json\/wp\/v2\/types\/post"}],"author":[{"embeddable":true,"href":"https:\/\/www.aquilaguna.com\/index.php\/wp-json\/wp\/v2\/users\/1"}],"replies":[{"embeddable":true,"href":"https:\/\/www.aquilaguna.com\/index.php\/wp-json\/wp\/v2\/comments?post=9069"}],"version-history":[{"count":1,"href":"https:\/\/www.aquilaguna.com\/index.php\/wp-json\/wp\/v2\/posts\/9069\/revisions"}],"predecessor-version":[{"id":9070,"href":"https:\/\/www.aquilaguna.com\/index.php\/wp-json\/wp\/v2\/posts\/9069\/revisions\/9070"}],"wp:attachment":[{"href":"https:\/\/www.aquilaguna.com\/index.php\/wp-json\/wp\/v2\/media?parent=9069"}],"wp:term":[{"taxonomy":"category","embeddable":true,"href":"https:\/\/www.aquilaguna.com\/index.php\/wp-json\/wp\/v2\/categories?post=9069"},{"taxonomy":"post_tag","embeddable":true,"href":"https:\/\/www.aquilaguna.com\/index.php\/wp-json\/wp\/v2\/tags?post=9069"}],"curies":[{"name":"wp","href":"https:\/\/api.w.org\/{rel}","templated":true}]}}