{"id":9073,"date":"2022-06-03T14:35:54","date_gmt":"2022-06-03T19:35:54","guid":{"rendered":"https:\/\/www.aquilaguna.com\/?p=9073"},"modified":"2022-06-03T14:35:54","modified_gmt":"2022-06-03T19:35:54","slug":"reinicia-clases-presenciales-el-centro-de-idiomas-de-la-uadec-ut","status":"publish","type":"post","link":"https:\/\/www.aquilaguna.com\/index.php\/2022\/06\/03\/reinicia-clases-presenciales-el-centro-de-idiomas-de-la-uadec-ut\/","title":{"rendered":"Reinicia clases presenciales el Centro de Idiomas de la UAdeC UT."},"content":{"rendered":"\n<p>El Centro de Idiomas de la Universidad Aut\u00f3noma de Coahuila Unidad Torre\u00f3n,<br>anuncia el inicio de la ense\u00f1anza del idioma franc\u00e9s este lunes 6 de junio, con<br>clases cien por ciento presenciales, para sus niveles 1, 2 y 6. Y el martes 7,<br>tambi\u00e9n dos veces por semana, para el resto de los niveles en general.<\/p>\n\n\n\n<p>Brenda Fraire, responsable del CI, dijo que las clases tendr\u00e1n un horario de 4 a<br>6:30 pm dos veces por semana, informaci\u00f3n que podr\u00e1n ampliar las y los<br>interesados en las instalaciones del centro en bulevar Revoluci\u00f3n casi esquina con<br>calle Comonfort; o bien, en el tel\u00e9fono 871-711-1241.<\/p>\n\n\n\n<p>As\u00ed tambi\u00e9n, la lengua coreana empieza el d\u00eda 7 con sesiones en l\u00ednea martes y<br>jueves, y presenciales lunes y mi\u00e9rcoles. \u00c9ste tiene una duraci\u00f3n de dos meses y<br>se cursan 40 horas.<\/p>\n\n\n\n<p>Japon\u00e9s, italiano, alem\u00e1n y un diplomado m\u00e1s en ingl\u00e9s, es parte de la oferta que<br>brinda a la poblaci\u00f3n en general el Centro de Idiomas, que reci\u00e9n certific\u00f3 la<br>calidad de su planta docente en el idioma ingl\u00e9s, con el visto bueno de la<br>Universidad de Cambridge.<\/p>\n\n\n\n<p>Las oficinas del CI est\u00e1n abiertas de lunes a viernes para que se acerquen o<br>hablen las personas interesadas en estudiar alguno de los idiomas que se<br>imparten. Se recuerda que hay sesiones matutinas y vespertinas, y que se<br>aceptan ni\u00f1os(as) desde los ocho a\u00f1os de edad, y las cuotas de inscripci\u00f3n y<br>mensualidades son justamente para que todos tengan la oportunidad de ingresar,<br>sostuvo Brenda Fraire.<\/p>\n","protected":false},"excerpt":{"rendered":"<p>El Centro de Idiomas de la Universidad Aut\u00f3noma de Coahuila Unidad Torre\u00f3n,anuncia el inicio de la ense\u00f1anza del idioma franc\u00e9s este lunes 6 de junio, conclases cien por ciento presenciales, para sus niveles 1, 2 y 6. Y el martes 7,tambi\u00e9n dos veces por semana, para el resto de los niveles en general. Brenda Fraire, responsable del CI, dijo que las clases tendr\u00e1n un horario de 4 a6:30 pm dos&#8230;<\/p>\n","protected":false},"author":1,"featured_media":0,"comment_status":"closed","ping_status":"closed","sticky":false,"template":"","format":"standard","meta":{"footnotes":""},"categories":[7,2],"tags":[],"class_list":["post-9073","post","type-post","status-publish","format-standard","hentry","category-torreon","category-uadec","wpcat-7-id","wpcat-2-id"],"_links":{"self":[{"href":"https:\/\/www.aquilaguna.com\/index.php\/wp-json\/wp\/v2\/posts\/9073","targetHints":{"allow":["GET"]}}],"collection":[{"href":"https:\/\/www.aquilaguna.com\/index.php\/wp-json\/wp\/v2\/posts"}],"about":[{"href":"https:\/\/www.aquilaguna.com\/index.php\/wp-json\/wp\/v2\/types\/post"}],"author":[{"embeddable":true,"href":"https:\/\/www.aquilaguna.com\/index.php\/wp-json\/wp\/v2\/users\/1"}],"replies":[{"embeddable":true,"href":"https:\/\/www.aquilaguna.com\/index.php\/wp-json\/wp\/v2\/comments?post=9073"}],"version-history":[{"count":1,"href":"https:\/\/www.aquilaguna.com\/index.php\/wp-json\/wp\/v2\/posts\/9073\/revisions"}],"predecessor-version":[{"id":9074,"href":"https:\/\/www.aquilaguna.com\/index.php\/wp-json\/wp\/v2\/posts\/9073\/revisions\/9074"}],"wp:attachment":[{"href":"https:\/\/www.aquilaguna.com\/index.php\/wp-json\/wp\/v2\/media?parent=9073"}],"wp:term":[{"taxonomy":"category","embeddable":true,"href":"https:\/\/www.aquilaguna.com\/index.php\/wp-json\/wp\/v2\/categories?post=9073"},{"taxonomy":"post_tag","embeddable":true,"href":"https:\/\/www.aquilaguna.com\/index.php\/wp-json\/wp\/v2\/tags?post=9073"}],"curies":[{"name":"wp","href":"https:\/\/api.w.org\/{rel}","templated":true}]}}