{"id":9075,"date":"2022-06-03T14:37:16","date_gmt":"2022-06-03T19:37:16","guid":{"rendered":"https:\/\/www.aquilaguna.com\/?p=9075"},"modified":"2022-06-03T14:37:17","modified_gmt":"2022-06-03T19:37:17","slug":"tiene-nuevo-edificio-el-sindicato-unico-de-trabajadores-de-la-uadec-con-sede-en-torreon","status":"publish","type":"post","link":"https:\/\/www.aquilaguna.com\/index.php\/2022\/06\/03\/tiene-nuevo-edificio-el-sindicato-unico-de-trabajadores-de-la-uadec-con-sede-en-torreon\/","title":{"rendered":"Tiene Nuevo Edificio el Sindicato \u00danico de Trabajadores de la UAdeC con sede en Torre\u00f3n."},"content":{"rendered":"\n<p>TORRE\u00d3N, Coahuila. 3 de junio de 2022.- En gira de trabajo, el rector de la<br>Universidad Aut\u00f3noma de Coahuila, Salvador Hern\u00e1ndez V\u00e9lez, inaugur\u00f3 las<br>nuevas instalaciones que albergar\u00e1n al Sindicato \u00danico de Trabajadores de la<br>Universidad Aut\u00f3noma de Coahuila con sede en Torre\u00f3n.<\/p>\n\n\n\n<p>Acompa\u00f1aron al Rector, el tesorero general de la UAdeC, Jorge Alan\u00eds Canales; el<br>oficial mayor, Luis Guti\u00e9rrez Flores; la secretaria general del STUAC, Elda Araceli<br>Rodr\u00edguez Guerrero, la coordinadora de la Unidad Torre\u00f3n, Sandra L\u00f3pez<br>Chavarr\u00eda, as\u00ed como las y los delegados sindicales de cada plantel de la UT.<\/p>\n\n\n\n<p>La secretaria general del STUAC, recibi\u00f3 de Salvador Hern\u00e1ndez, las nuevas<br>oficinas del Sindicato, que se acondicionaron en el edificio que anteriormente<br>alberg\u00f3 a la Facultad de Ingenier\u00eda Civil, mismo que est\u00e1 ubicado en la calle<br>Paseo de la Soledad esquina con bulevar Diagonal de las Fuentes, en la colonia<br>Ampliaci\u00f3n la Rosita, en Torre\u00f3n.<\/p>\n\n\n\n<p>El rector Salvador Hern\u00e1ndez V\u00e9lez, refrend\u00f3 con el Sindicato de Trabajadores, su<br>compromiso y voluntad de apoyar cualquier acci\u00f3n que signifique un crecimiento<br>para adecuar y mejorar espacios que sean suficientes para el quehacer<br>universitario.<\/p>\n\n\n\n<p>El Rector y la secretar\u00eda general Elda Araceli Rodr\u00edguez, coincidieron en que estas<br>acciones son una muestra de colaboraci\u00f3n y trabajo en beneficio de toda la<br>comunidad universitaria, para que el compromiso por el bienestar de las y los<br>trabajadores, estudiantes y docentes, se cumpla d\u00eda a d\u00eda.<\/p>\n","protected":false},"excerpt":{"rendered":"<p>TORRE\u00d3N, Coahuila. 3 de junio de 2022.- En gira de trabajo, el rector de laUniversidad Aut\u00f3noma de Coahuila, Salvador Hern\u00e1ndez V\u00e9lez, inaugur\u00f3 lasnuevas instalaciones que albergar\u00e1n al Sindicato \u00danico de Trabajadores de laUniversidad Aut\u00f3noma de Coahuila con sede en Torre\u00f3n. Acompa\u00f1aron al Rector, el tesorero general de la UAdeC, Jorge Alan\u00eds Canales; eloficial mayor, Luis Guti\u00e9rrez Flores; la secretaria general del STUAC, Elda AraceliRodr\u00edguez Guerrero, la coordinadora de la Unidad&#8230;<\/p>\n","protected":false},"author":1,"featured_media":9076,"comment_status":"closed","ping_status":"closed","sticky":false,"template":"","format":"standard","meta":{"footnotes":""},"categories":[7,2],"tags":[],"class_list":["post-9075","post","type-post","status-publish","format-standard","has-post-thumbnail","hentry","category-torreon","category-uadec","wpcat-7-id","wpcat-2-id"],"_links":{"self":[{"href":"https:\/\/www.aquilaguna.com\/index.php\/wp-json\/wp\/v2\/posts\/9075","targetHints":{"allow":["GET"]}}],"collection":[{"href":"https:\/\/www.aquilaguna.com\/index.php\/wp-json\/wp\/v2\/posts"}],"about":[{"href":"https:\/\/www.aquilaguna.com\/index.php\/wp-json\/wp\/v2\/types\/post"}],"author":[{"embeddable":true,"href":"https:\/\/www.aquilaguna.com\/index.php\/wp-json\/wp\/v2\/users\/1"}],"replies":[{"embeddable":true,"href":"https:\/\/www.aquilaguna.com\/index.php\/wp-json\/wp\/v2\/comments?post=9075"}],"version-history":[{"count":1,"href":"https:\/\/www.aquilaguna.com\/index.php\/wp-json\/wp\/v2\/posts\/9075\/revisions"}],"predecessor-version":[{"id":9077,"href":"https:\/\/www.aquilaguna.com\/index.php\/wp-json\/wp\/v2\/posts\/9075\/revisions\/9077"}],"wp:featuredmedia":[{"embeddable":true,"href":"https:\/\/www.aquilaguna.com\/index.php\/wp-json\/wp\/v2\/media\/9076"}],"wp:attachment":[{"href":"https:\/\/www.aquilaguna.com\/index.php\/wp-json\/wp\/v2\/media?parent=9075"}],"wp:term":[{"taxonomy":"category","embeddable":true,"href":"https:\/\/www.aquilaguna.com\/index.php\/wp-json\/wp\/v2\/categories?post=9075"},{"taxonomy":"post_tag","embeddable":true,"href":"https:\/\/www.aquilaguna.com\/index.php\/wp-json\/wp\/v2\/tags?post=9075"}],"curies":[{"name":"wp","href":"https:\/\/api.w.org\/{rel}","templated":true}]}}