{"id":908,"date":"2021-03-12T18:42:19","date_gmt":"2021-03-13T00:42:19","guid":{"rendered":"https:\/\/www.aquilaguna.com\/?p=908"},"modified":"2021-03-12T18:42:19","modified_gmt":"2021-03-13T00:42:19","slug":"concreta-iepc-pacto-social-por-un-proceso-electoral-libre-de-violencia-contra-las-mujeres-y-grupos-o-sectores-sociales-en-desventaja","status":"publish","type":"post","link":"https:\/\/www.aquilaguna.com\/index.php\/2021\/03\/12\/concreta-iepc-pacto-social-por-un-proceso-electoral-libre-de-violencia-contra-las-mujeres-y-grupos-o-sectores-sociales-en-desventaja\/","title":{"rendered":"Concreta IEPC, \u201cPacto Social por un Proceso Electoral libre de Violencia contra las Mujeres y grupos o sectores sociales en desventaja\u201d."},"content":{"rendered":"\n<p>Instituciones, organizaciones y asociaciones, coadyuvaran en llevar a cabo acciones firmes en contra de la violencia pol\u00edtica de g\u00e9nero.<\/p>\n\n\n\n<p>El Instituto Electoral y de Participaci\u00f3n Ciudadana del Estado de Durango (IEPC), en conjunto con<br>organizaciones de la sociedad civil, organismos constitucionales aut\u00f3nomos, sectores empresariales<br>y Partidos Pol\u00edticos concretaron la Firma del Pacto Social por un Proceso Electoral libre de Violencia<br>contra las mujeres y grupos o sectores sociales en desventaja, cuyo objetivo radica en el<br>compromiso de garantizar condiciones de respeto e igualdad, generando espacios libres de violencia<br>en la entidad.<\/p>\n\n\n\n<p><br>El Pacto Social establece las siguientes actividades y pilares:<br>\uf0b7 Abstenerse de realizar acciones que menoscaben o inhiban la Participaci\u00f3n Pol\u00edtica de las<br>Mujeres o de alg\u00fan grupo o sectores sociales en desventaja.<\/p>\n\n\n\n<p><br>\uf0b7 Apoyar a las v\u00edctimas, y en su caso, informar inmediatamente a las autoridades competentes<br>de alg\u00fan acto de violencia pol\u00edtico o discriminaci\u00f3n.<br><\/p>\n\n\n\n<p>\uf0b7 Asesorar a las Mujeres y grupos o sectores sociales en desventaja que acudan a recibir<br>orientaci\u00f3n en alguna Instituci\u00f3n y\/o Partido Pol\u00edtico en materia de Violencia Pol\u00edtica o<br>discriminaci\u00f3n.<\/p>\n\n\n\n<p><br>\uf0b7 Seguir capacitando a su personal en materia de violencia pol\u00edtica, igualdad y no<br>discriminaci\u00f3n.<\/p>\n\n\n\n<p><br>\uf0b7 Utilizar un lenguaje incluyente que favorezca el desarraigo de los estereotipos.<br><\/p>\n\n\n\n<p>\uf0b7 Romper el silencio, compromiso personal para rechazar los comentarios machistas, sexistas<br>o discriminantes.<\/p>\n\n\n\n<p><br>\uf0b7 Establecer un enlace que atienda y de seguimiento a temas en materia de paridad de<br>g\u00e9nero, igualdad, violencia pol\u00edtica, y no discriminaci\u00f3n.<\/p>\n\n\n\n<p><br>\uf0b7 Realizar actos de campa\u00f1a basados en el respeto, evitando en todo momento calumniar,<br>degradar, o descalificar tomando como base estereotipos o limitando de forma alguna los<br>derechos Pol\u00edtico-Electorales de todas las personas.<\/p>\n\n\n\n<p>\uf0b7 Asumir la relevancia simb\u00f3lica que este pacto significa para una democracia igualitaria y<br>libre de violencia, por lo que nos comprometemos a impulsar la cultura de la denuncia y<br>asegurar el acceso a la justicia de las mujeres que participan en la pol\u00edtica. Entre otros.<\/p>\n\n\n\n<p>El d\u00eda de hoy, de manera virtual se llev\u00f3 a cabo la presentaci\u00f3n oficial de dicho documento. Es<br>importante destacar las intervenciones de las autoridades:<\/p>\n\n\n\n<p><br>El Mtro. Roberto Herrera Hern\u00e1ndez, Consejero Presidente del IEPC, agradeci\u00f3 a quienes de<br>manera voluntaria se han comprometido a llevar a cabo acciones para tener un Proceso Electoral<br>libre de violencia, y expres\u00f3 su benepl\u00e1cito por las acciones que buscan dar a la sociedad de<br>mayores elementos para la protecci\u00f3n de los derechos pol\u00edtico electorales.<br>Por su parte, la Dr. Carla Astrid Humphrey Jordan, Consejera Electoral y Presidenta de la Comisi\u00f3n<br>de Igualdad y No Discriminaci\u00f3n del Instituto Nacional Electoral, reconoci\u00f3 la labor que se desarrolla<br>en el Estado de Durango para implementar acciones y tareas que implican un trabajo coordinado<br>entre instituciones para erradicar la violencia pol\u00edtica de g\u00e9nero en los procesos comiciales y su<br>desarrollo.<\/p>\n\n\n\n<p><br>En el desarrollo del evento, la Mtra. Blanca Yadira Maldonado Ayala, Magistrada Presidenta del<br>Tribunal Electoral del Estado de Durango, mencion\u00f3 que las autoridades electorales tienen que<br>seguir aportando y sumando en favor de la sociedad para la protecci\u00f3n de los derechos de las<br>mujeres, adem\u00e1s de trabajar en medidas que brinden a los grupos o sectores vulnerables mayores<br>elementos de apoyo para el pleno desarrollo de sus derechos pol\u00edtico electorales.<\/p>\n\n\n\n<p><br>La C. Laura Elena Estrada Rodr\u00edguez, Directora del Instituto Estatal de las Mujeres, se manifest\u00f3 a<br>favor de las acciones que eliminen de la contienda electoral la violencia, e inform\u00f3 que estar\u00e1n<br>colaborando de manera constante para que el desarrollo y ejes del Pacto se cumplan tal y como se<br>ha establecido.<\/p>\n\n\n\n<p><br>En su intervenci\u00f3n el Dr. Esteban Calder\u00f3n Rosas, Magistrado Presidente del Poder Judicial del<br>Estado de Durango, se sum\u00f3 a las voces que lo antecedieron, y refrend\u00f3 su compromiso por la<br>defensa de los derechos de las mujeres y de los grupos o sectores vulnerables en la entidad.<br><\/p>\n\n\n\n<p>A nombre del Titular del Ejecutivo del Estado, Dr. Jos\u00e9 Rosas Aispuro Torres, el Lic. H\u00e9ctor Flores<br>\u00c1valos, Secretario General de Gobierno, dijo que el Pacto que se concret\u00f3 ser\u00e1 respetado a<br>cabalidad por el Gobierno del Estado de Durango, ello como parte de las actividades que de manera<br>continua se han realizado por el respeto y protecci\u00f3n a los derechos de las mujeres y sectores en<br>distintos \u00e1mbitos.<\/p>\n\n\n\n<p><br>Para concluir el evento, el Lic. David Alonso Ar\u00e1mbula Qui\u00f1ones, Consejero Presidente de la<br>Comisi\u00f3n de Paridad de G\u00e9nero, Igualdad y No Discriminaci\u00f3n, mencion\u00f3 que una de las labores fundamentales que tiene el IEPC, es la de precisamente generar los acuerdos v\u00ednculos, y el<br>establecimiento de acciones que de manera concreta protejan los derechos de quienes est\u00e1n en<br>desventaja, ello siempre con la colaboraci\u00f3n, la cooperaci\u00f3n y la voluntad de quienes son firmes<br>creyentes de que es posible generar cambios que impacten de manera positiva a nuestra sociedad y<br>democracia.<\/p>\n\n\n\n<p><br>En total se sumaron a este Pacto Social 46 representaciones de agrupaciones de la sociedad civil,<br>organismos constitucionales aut\u00f3nomos, sectores empresariales y Partidos Pol\u00edticos, refrendando<br>este compromiso social.<\/p>\n","protected":false},"excerpt":{"rendered":"<p>Instituciones, organizaciones y asociaciones, coadyuvaran en llevar a cabo acciones firmes en contra de la violencia pol\u00edtica de g\u00e9nero. El Instituto Electoral y de Participaci\u00f3n Ciudadana del Estado de Durango (IEPC), en conjunto conorganizaciones de la sociedad civil, organismos constitucionales aut\u00f3nomos, sectores empresarialesy Partidos Pol\u00edticos concretaron la Firma del Pacto Social por un Proceso Electoral libre de Violenciacontra las mujeres y grupos o sectores sociales en desventaja, cuyo objetivo radica&#8230;<\/p>\n","protected":false},"author":1,"featured_media":909,"comment_status":"closed","ping_status":"closed","sticky":false,"template":"","format":"standard","meta":{"footnotes":""},"categories":[40,39],"tags":[],"class_list":["post-908","post","type-post","status-publish","format-standard","has-post-thumbnail","hentry","category-durango","category-iepc","wpcat-40-id","wpcat-39-id"],"_links":{"self":[{"href":"https:\/\/www.aquilaguna.com\/index.php\/wp-json\/wp\/v2\/posts\/908","targetHints":{"allow":["GET"]}}],"collection":[{"href":"https:\/\/www.aquilaguna.com\/index.php\/wp-json\/wp\/v2\/posts"}],"about":[{"href":"https:\/\/www.aquilaguna.com\/index.php\/wp-json\/wp\/v2\/types\/post"}],"author":[{"embeddable":true,"href":"https:\/\/www.aquilaguna.com\/index.php\/wp-json\/wp\/v2\/users\/1"}],"replies":[{"embeddable":true,"href":"https:\/\/www.aquilaguna.com\/index.php\/wp-json\/wp\/v2\/comments?post=908"}],"version-history":[{"count":1,"href":"https:\/\/www.aquilaguna.com\/index.php\/wp-json\/wp\/v2\/posts\/908\/revisions"}],"predecessor-version":[{"id":910,"href":"https:\/\/www.aquilaguna.com\/index.php\/wp-json\/wp\/v2\/posts\/908\/revisions\/910"}],"wp:featuredmedia":[{"embeddable":true,"href":"https:\/\/www.aquilaguna.com\/index.php\/wp-json\/wp\/v2\/media\/909"}],"wp:attachment":[{"href":"https:\/\/www.aquilaguna.com\/index.php\/wp-json\/wp\/v2\/media?parent=908"}],"wp:term":[{"taxonomy":"category","embeddable":true,"href":"https:\/\/www.aquilaguna.com\/index.php\/wp-json\/wp\/v2\/categories?post=908"},{"taxonomy":"post_tag","embeddable":true,"href":"https:\/\/www.aquilaguna.com\/index.php\/wp-json\/wp\/v2\/tags?post=908"}],"curies":[{"name":"wp","href":"https:\/\/api.w.org\/{rel}","templated":true}]}}