{"id":9086,"date":"2022-06-03T19:48:11","date_gmt":"2022-06-04T00:48:11","guid":{"rendered":"https:\/\/www.aquilaguna.com\/?p=9086"},"modified":"2022-06-03T19:48:11","modified_gmt":"2022-06-04T00:48:11","slug":"atienden-afectaciones-por-lluvia-y-vientos","status":"publish","type":"post","link":"https:\/\/www.aquilaguna.com\/index.php\/2022\/06\/03\/atienden-afectaciones-por-lluvia-y-vientos\/","title":{"rendered":"Atienden afectaciones por lluvia y vientos."},"content":{"rendered":"\n<p>Torre\u00f3n, Coahuila. A 03 de junio de 2022.<\/p>\n\n\n\n<p>Debido a las lluvias presentadas durante esta madrugada, personal de Protecci\u00f3n<br>Civil y Bomberos de Torre\u00f3n, realizaron recorridos para revisar la existencia de<br>zonas anegadas en diferentes puntos de la ciudad.<\/p>\n\n\n\n<p>Jorge Luis Ju\u00e1rez Llanas, director de Protecci\u00f3n Civil y Bomberos, inform\u00f3 que la<br>lluvia que se registr\u00f3 fue de 32.3 mm y la m\u00e1xima racha de viento se present\u00f3 a<br>las 00:35 horas y fue de 52.2 kil\u00f3metros por hora.<\/p>\n\n\n\n<p>El funcionario agreg\u00f3 que elementos de la dependencia procedieron a la apertura<br>de alcantarillas y a la limpieza de bocas de tormenta en las colonias La Fuente y<br>en la calle Acu\u00f1a y bulevar Constituci\u00f3n.<\/p>\n\n\n\n<p>Ju\u00e1rez Llanas dijo que se report\u00f3 la ca\u00edda de 10 \u00e1rboles y 2 anuncios<br>espectaculares, atenciones que se prestaron en el momento.<\/p>\n\n\n\n<p>Finalmente, el comandante manifest\u00f3 que en otras zonas del municipio solo se<br>presentaron encharcamientos, mismos que no ameritan trabajos con los equipos<br>de desag\u00fce y se puede circular a baja velocidad.<\/p>\n\n\n\n<p>La Direcci\u00f3n de Protecci\u00f3n Civil y Bomberos est\u00e1 atendiendo a la mayor brevedad<br>posible, los reportes que llegan a trav\u00e9s de sus redes sociales y de a las l\u00edneas<br>911, 871 712 00 66 y 871 716 36 00.<\/p>\n","protected":false},"excerpt":{"rendered":"<p>Torre\u00f3n, Coahuila. A 03 de junio de 2022. Debido a las lluvias presentadas durante esta madrugada, personal de Protecci\u00f3nCivil y Bomberos de Torre\u00f3n, realizaron recorridos para revisar la existencia dezonas anegadas en diferentes puntos de la ciudad. Jorge Luis Ju\u00e1rez Llanas, director de Protecci\u00f3n Civil y Bomberos, inform\u00f3 que lalluvia que se registr\u00f3 fue de 32.3 mm y la m\u00e1xima racha de viento se present\u00f3 alas 00:35 horas y fue&#8230;<\/p>\n","protected":false},"author":1,"featured_media":9087,"comment_status":"closed","ping_status":"closed","sticky":false,"template":"","format":"standard","meta":{"footnotes":""},"categories":[27,5,54,7],"tags":[],"class_list":["post-9086","post","type-post","status-publish","format-standard","has-post-thumbnail","hentry","category-clima","category-coahuila","category-proteccion-civil","category-torreon","wpcat-27-id","wpcat-5-id","wpcat-54-id","wpcat-7-id"],"_links":{"self":[{"href":"https:\/\/www.aquilaguna.com\/index.php\/wp-json\/wp\/v2\/posts\/9086","targetHints":{"allow":["GET"]}}],"collection":[{"href":"https:\/\/www.aquilaguna.com\/index.php\/wp-json\/wp\/v2\/posts"}],"about":[{"href":"https:\/\/www.aquilaguna.com\/index.php\/wp-json\/wp\/v2\/types\/post"}],"author":[{"embeddable":true,"href":"https:\/\/www.aquilaguna.com\/index.php\/wp-json\/wp\/v2\/users\/1"}],"replies":[{"embeddable":true,"href":"https:\/\/www.aquilaguna.com\/index.php\/wp-json\/wp\/v2\/comments?post=9086"}],"version-history":[{"count":1,"href":"https:\/\/www.aquilaguna.com\/index.php\/wp-json\/wp\/v2\/posts\/9086\/revisions"}],"predecessor-version":[{"id":9088,"href":"https:\/\/www.aquilaguna.com\/index.php\/wp-json\/wp\/v2\/posts\/9086\/revisions\/9088"}],"wp:featuredmedia":[{"embeddable":true,"href":"https:\/\/www.aquilaguna.com\/index.php\/wp-json\/wp\/v2\/media\/9087"}],"wp:attachment":[{"href":"https:\/\/www.aquilaguna.com\/index.php\/wp-json\/wp\/v2\/media?parent=9086"}],"wp:term":[{"taxonomy":"category","embeddable":true,"href":"https:\/\/www.aquilaguna.com\/index.php\/wp-json\/wp\/v2\/categories?post=9086"},{"taxonomy":"post_tag","embeddable":true,"href":"https:\/\/www.aquilaguna.com\/index.php\/wp-json\/wp\/v2\/tags?post=9086"}],"curies":[{"name":"wp","href":"https:\/\/api.w.org\/{rel}","templated":true}]}}