{"id":9089,"date":"2022-06-03T19:50:07","date_gmt":"2022-06-04T00:50:07","guid":{"rendered":"https:\/\/www.aquilaguna.com\/?p=9089"},"modified":"2022-06-03T19:50:08","modified_gmt":"2022-06-04T00:50:08","slug":"aprueban-proyecto-de-iniciativa-de-reforma-al-reglamento-interior-del-simas-torreon","status":"publish","type":"post","link":"https:\/\/www.aquilaguna.com\/index.php\/2022\/06\/03\/aprueban-proyecto-de-iniciativa-de-reforma-al-reglamento-interior-del-simas-torreon\/","title":{"rendered":"Aprueban proyecto de iniciativa de reforma, al reglamento interior del SIMAS Torre\u00f3n."},"content":{"rendered":"\n<p>Torre\u00f3n, Coahuila. A 03 de junio de 2022.<\/p>\n\n\n\n<p>En sesi\u00f3n conjunta de la comisi\u00f3n de Gobernaci\u00f3n y Reglamentaci\u00f3n con la<br>Comisi\u00f3n del Agua, se aprob\u00f3 el proyecto de iniciativa de reforma al reglamento<br>interior del SIMAS Torre\u00f3n.<\/p>\n\n\n\n<p>Luis Jorge Cuerda Serna, presidente de la Comisi\u00f3n del Agua, inform\u00f3 que con<br>anterioridad el documento fue analizado por los miembros del Consejo del SIMAS,<br>c\u00e1maras empresariales, as\u00ed como organismos de la sociedad civil, y se acord\u00f3<br>generar este reglamento para poder normar y darle estructura al funcionamiento<br>interno de la paramunicipal, al igual que adecuar las atribuciones y competencias<br>seg\u00fan sea el caso.<\/p>\n\n\n\n<p>El proyecto de iniciativa de reforma contempla la descripci\u00f3n de las atribuciones y<br>facultades de cada una de las unidades directivas, administrativas, operativas, de<br>apoyo y estrat\u00e9gicas como el Consejo Directivo, Gerencia General, Contralor\u00eda<br>Interna, Gerencia T\u00e9cnica, Gerencia de Saneamiento, Gerencia Comercial,<br>Gerencia de Sistemas, Gerencia de Finanzas, Gerencia de Administraci\u00f3n,<br>Coordinaci\u00f3n de Comunicaci\u00f3n Social, Coordinaci\u00f3n de Vinculaci\u00f3n Ciudadana y<br>Cultura del Agua, Coordinaci\u00f3n de Asuntos Jur\u00eddicos, Oficial\u00eda de Partes y Unidad<br>de Transparencia.<\/p>\n\n\n\n<p>Todo lo anterior con la finalidad de lograr la modernizaci\u00f3n y adecuaci\u00f3n de la<br>reglamentaci\u00f3n, que permita tener un organismo que se desempe\u00f1e con<br>eficiencia.<\/p>\n\n\n\n<p>El punto fue votado por unanimidad y ser\u00e1 turnado para su an\u00e1lisis, discusi\u00f3n y en<br>su caso aprobaci\u00f3n en la siguiente sesi\u00f3n de Cabildo.<\/p>\n\n\n\n<p>Sesionaron los presidentes de ambas comisiones Christian Gonz\u00e1les Zambrano y<br>Luis Jorge Cuerda Serna, as\u00ed como el resto de los integrantes M\u00f3nica Segura<br>Le\u00f3n, Ana Luisa Cepeda \u00c1lvarez, Omar Morales Rodr\u00edguez, Alma Lucina Fong<br>Mel\u00e9ndez, Cristian Manuel L\u00f3pez Ch\u00e1vez, Jos\u00e9 Armando Gonz\u00e1lez Murillo, Felipe<br>Eduardo Gonz\u00e1lez Miranda, Olga X\u00f3chitl Cepeda Rodr\u00edguez y Jes\u00fas Javier<br>G\u00f3mez Ledezma.<\/p>\n","protected":false},"excerpt":{"rendered":"<p>Torre\u00f3n, Coahuila. A 03 de junio de 2022. En sesi\u00f3n conjunta de la comisi\u00f3n de Gobernaci\u00f3n y Reglamentaci\u00f3n con laComisi\u00f3n del Agua, se aprob\u00f3 el proyecto de iniciativa de reforma al reglamentointerior del SIMAS Torre\u00f3n. Luis Jorge Cuerda Serna, presidente de la Comisi\u00f3n del Agua, inform\u00f3 que conanterioridad el documento fue analizado por los miembros del Consejo del SIMAS,c\u00e1maras empresariales, as\u00ed como organismos de la sociedad civil, y se acord\u00f3generar&#8230;<\/p>\n","protected":false},"author":1,"featured_media":9090,"comment_status":"closed","ping_status":"closed","sticky":false,"template":"","format":"standard","meta":{"footnotes":""},"categories":[32,5,28,82,7],"tags":[],"class_list":["post-9089","post","type-post","status-publish","format-standard","has-post-thumbnail","hentry","category-agua","category-coahuila","category-la-laguna","category-simas","category-torreon","wpcat-32-id","wpcat-5-id","wpcat-28-id","wpcat-82-id","wpcat-7-id"],"_links":{"self":[{"href":"https:\/\/www.aquilaguna.com\/index.php\/wp-json\/wp\/v2\/posts\/9089","targetHints":{"allow":["GET"]}}],"collection":[{"href":"https:\/\/www.aquilaguna.com\/index.php\/wp-json\/wp\/v2\/posts"}],"about":[{"href":"https:\/\/www.aquilaguna.com\/index.php\/wp-json\/wp\/v2\/types\/post"}],"author":[{"embeddable":true,"href":"https:\/\/www.aquilaguna.com\/index.php\/wp-json\/wp\/v2\/users\/1"}],"replies":[{"embeddable":true,"href":"https:\/\/www.aquilaguna.com\/index.php\/wp-json\/wp\/v2\/comments?post=9089"}],"version-history":[{"count":1,"href":"https:\/\/www.aquilaguna.com\/index.php\/wp-json\/wp\/v2\/posts\/9089\/revisions"}],"predecessor-version":[{"id":9091,"href":"https:\/\/www.aquilaguna.com\/index.php\/wp-json\/wp\/v2\/posts\/9089\/revisions\/9091"}],"wp:featuredmedia":[{"embeddable":true,"href":"https:\/\/www.aquilaguna.com\/index.php\/wp-json\/wp\/v2\/media\/9090"}],"wp:attachment":[{"href":"https:\/\/www.aquilaguna.com\/index.php\/wp-json\/wp\/v2\/media?parent=9089"}],"wp:term":[{"taxonomy":"category","embeddable":true,"href":"https:\/\/www.aquilaguna.com\/index.php\/wp-json\/wp\/v2\/categories?post=9089"},{"taxonomy":"post_tag","embeddable":true,"href":"https:\/\/www.aquilaguna.com\/index.php\/wp-json\/wp\/v2\/tags?post=9089"}],"curies":[{"name":"wp","href":"https:\/\/api.w.org\/{rel}","templated":true}]}}