{"id":911,"date":"2021-03-12T18:46:34","date_gmt":"2021-03-13T00:46:34","guid":{"rendered":"https:\/\/www.aquilaguna.com\/?p=911"},"modified":"2021-03-12T18:46:35","modified_gmt":"2021-03-13T00:46:35","slug":"coahuila-trabaja-en-acciones-para-promover-el-principio-de-igualdad-de-trato-y-oportunidades","status":"publish","type":"post","link":"https:\/\/www.aquilaguna.com\/index.php\/2021\/03\/12\/coahuila-trabaja-en-acciones-para-promover-el-principio-de-igualdad-de-trato-y-oportunidades\/","title":{"rendered":"COAHUILA TRABAJA EN ACCIONES PARA PROMOVER EL PRINCIPIO DE IGUALDAD DE TRATO Y OPORTUNIDADES."},"content":{"rendered":"\n<p>Saltillo Coahuila de Zaragoza; a 12 de Marzo de 2021.- La Secretar\u00eda de Inclusi\u00f3n y Desarrollo Social (SIDS), a trav\u00e9s de la Direcci\u00f3n para Promover la Igualdad y Prevenir la Discriminaci\u00f3n (DPIPD), suscribi\u00f3 un convenio de colaboraci\u00f3n con la Fundaci\u00f3n Luz y Esperanza AC, que lleva m\u00e1s de 18 a\u00f1os en la atenci\u00f3n para mujeres con sus hijos e hijas en temas de violencia de genero.\u00a0<\/p>\n\n\n\n<p>Patricia Yeverino Mayola, titular de la DPIDP, indic\u00f3 que a trav\u00e9s de este convenio se establecen las bases de colaboraci\u00f3n para promover la igualdad y no discriminaci\u00f3n, aprovechando las experiencias, avances y recursos de ambas partes a efecto de generar y desarrollar acciones con el fin de promover el principio de igualdad de trato y oportunidades.<\/p>\n\n\n\n<p>\u201cA trav\u00e9s de esta firma se llevar\u00e1n a cabo acciones de capacitaci\u00f3n y sensibilizaci\u00f3n en temas de inclusi\u00f3n, igualdad y no discriminaci\u00f3n, adem\u00e1s de desempe\u00f1arse como unidad vinculante para todas aquellas mujeres que sean remitidas a la bolsa de trabajo con la que se cuenta, derivada con los convenios de colaboraci\u00f3n suscritos en el marco del principio de no discriminaci\u00f3n\u201d, indic\u00f3.<\/p>\n\n\n\n<p>Yeverino Mayola agradeci\u00f3 a la Fundaci\u00f3n Luz y Esperanza, reiterando los compromisos y obligaciones para que lleven a Coahuila al fortalecimiento de una sociedad incluyente y sin discriminaci\u00f3n.<\/p>\n\n\n\n<p>&nbsp;Por su parte, la Directora de la Fundaci\u00f3n Luz y Esperanza, Rosa Mar\u00eda Salazar Rivera, manifest\u00f3 que el trabajo en sinergia encabezado por el gobernador Miguel \u00c1ngel Riquelme Sol\u00eds fortalece la participaci\u00f3n activa de todas las personas para la formaci\u00f3n de sociedades libres de discriminaci\u00f3n, y por supuesto de violencia.<\/p>\n","protected":false},"excerpt":{"rendered":"<p>Saltillo Coahuila de Zaragoza; a 12 de Marzo de 2021.- La Secretar\u00eda de Inclusi\u00f3n y Desarrollo Social (SIDS), a trav\u00e9s de la Direcci\u00f3n para Promover la Igualdad y Prevenir la Discriminaci\u00f3n (DPIPD), suscribi\u00f3 un convenio de colaboraci\u00f3n con la Fundaci\u00f3n Luz y Esperanza AC, que lleva m\u00e1s de 18 a\u00f1os en la atenci\u00f3n para mujeres con sus hijos e hijas en temas de violencia de genero.\u00a0 Patricia Yeverino Mayola, titular&#8230;<\/p>\n","protected":false},"author":1,"featured_media":912,"comment_status":"closed","ping_status":"closed","sticky":false,"template":"","format":"standard","meta":{"footnotes":""},"categories":[5,15],"tags":[],"class_list":["post-911","post","type-post","status-publish","format-standard","has-post-thumbnail","hentry","category-coahuila","category-gobierno-de-coahuila","wpcat-5-id","wpcat-15-id"],"_links":{"self":[{"href":"https:\/\/www.aquilaguna.com\/index.php\/wp-json\/wp\/v2\/posts\/911","targetHints":{"allow":["GET"]}}],"collection":[{"href":"https:\/\/www.aquilaguna.com\/index.php\/wp-json\/wp\/v2\/posts"}],"about":[{"href":"https:\/\/www.aquilaguna.com\/index.php\/wp-json\/wp\/v2\/types\/post"}],"author":[{"embeddable":true,"href":"https:\/\/www.aquilaguna.com\/index.php\/wp-json\/wp\/v2\/users\/1"}],"replies":[{"embeddable":true,"href":"https:\/\/www.aquilaguna.com\/index.php\/wp-json\/wp\/v2\/comments?post=911"}],"version-history":[{"count":1,"href":"https:\/\/www.aquilaguna.com\/index.php\/wp-json\/wp\/v2\/posts\/911\/revisions"}],"predecessor-version":[{"id":913,"href":"https:\/\/www.aquilaguna.com\/index.php\/wp-json\/wp\/v2\/posts\/911\/revisions\/913"}],"wp:featuredmedia":[{"embeddable":true,"href":"https:\/\/www.aquilaguna.com\/index.php\/wp-json\/wp\/v2\/media\/912"}],"wp:attachment":[{"href":"https:\/\/www.aquilaguna.com\/index.php\/wp-json\/wp\/v2\/media?parent=911"}],"wp:term":[{"taxonomy":"category","embeddable":true,"href":"https:\/\/www.aquilaguna.com\/index.php\/wp-json\/wp\/v2\/categories?post=911"},{"taxonomy":"post_tag","embeddable":true,"href":"https:\/\/www.aquilaguna.com\/index.php\/wp-json\/wp\/v2\/tags?post=911"}],"curies":[{"name":"wp","href":"https:\/\/api.w.org\/{rel}","templated":true}]}}