{"id":9161,"date":"2022-06-07T18:43:36","date_gmt":"2022-06-07T23:43:36","guid":{"rendered":"https:\/\/www.aquilaguna.com\/?p=9161"},"modified":"2022-06-07T18:43:37","modified_gmt":"2022-06-07T23:43:37","slug":"se-consolida-cluster-automotriz-de-coahuila-en-la-region-centro-mars","status":"publish","type":"post","link":"https:\/\/www.aquilaguna.com\/index.php\/2022\/06\/07\/se-consolida-cluster-automotriz-de-coahuila-en-la-region-centro-mars\/","title":{"rendered":"SE CONSOLIDA CL\u00daSTER AUTOMOTRIZ DE COAHUILA EN LA REGI\u00d3N CENTRO: MARS."},"content":{"rendered":"\n<p>\u00b7\u00a0\u00a0\u00a0\u00a0\u00a0\u00a0<strong><em>\u00a0Llega la empresa APTIV a Frontera con inversi\u00f3n de 14.7 millones de d\u00f3lares y m\u00e1s de 3,200 empleos<\/em><\/strong><\/p>\n\n\n\n<p>Saltillo, Coahuila de Zaragoza; a 7 de Junio de 2022.- Al anunciar la llegada de la empresa irlandesa de componentes electr\u00f3nicos APTIV, que se instalar\u00e1 en Frontera con una inversi\u00f3n de 14.7 millones de d\u00f3lares, el gobernador Miguel Riquelme Sol\u00eds dijo que el Cl\u00faster Automotriz de Coahuila se consolida en la Regi\u00f3n Centro del estado.<\/p>\n\n\n\n<p>Junto a los alcaldes de Frontera, Roberto Pi\u00f1a, y el de Monclova, Mario D\u00e1vila, adem\u00e1s de los Secretarios estatales de Econom\u00eda y del Trabajo, Claudio Bres y Nazira Zogbi, respectivamente, adem\u00e1s de representantes de la compa\u00f1\u00eda encabezados por su presidente de Latinoam\u00e9rica, Arturo \u00c1lvarez, destac\u00f3 que la empresa generar\u00e1 m\u00e1s de 3 mil 200 empleos.<\/p>\n\n\n\n<p>En ese sentido, Miguel Riquelme instruy\u00f3 a los titulares de Econom\u00eda y del Trabajo para que estrechen su coordinaci\u00f3n con el Secretario de Educaci\u00f3n, Francisco Saracho, para que a trav\u00e9s de los Subsistemas Educativos como el COBAC, CONALEP y CECyTEC, preparen la mano de obra calificada y profesional que demanda esta empresa.<\/p>\n\n\n\n<p>La compa\u00f1\u00eda APTIV, de capital irland\u00e9s, fabricar\u00e1 arneses electr\u00f3nicos para la industria automotriz de Coahuila, record\u00f3, y expres\u00f3 su total respaldo a sus representantes para que conjuntamente con las autoridades municipales de toda la Regi\u00f3n Centro se cuente con trabajadores altamente capacitados para el desempe\u00f1o de sus funciones.<\/p>\n\n\n\n<p>El Gobernador de Coahuila destac\u00f3 que la empresa llega a la entidad con la garant\u00eda que brinda la seguridad, paz social y laboral, as\u00ed como la certeza de que se contar\u00e1 con la infraestructura necesaria para el desarrollo de su producci\u00f3n.<\/p>\n\n\n\n<p>Asimismo, coment\u00f3, la ubicaci\u00f3n geogr\u00e1fica de Frontera-Monclova, en la Regi\u00f3n Centro, le facilitar\u00e1 la movilidad de sus productos.<\/p>\n\n\n\n<p>En tanto, los Alcaldes de Frontera y de Monclova, Roberto Pi\u00f1a Amaya y Mario D\u00e1vila Delgado, coincidieron en que la coordinaci\u00f3n es uno de los principales factores para la consolidaci\u00f3n de la llegada de m\u00e1s empresas tendientes a mejorar la calidad de vida de miles de familias de la Regi\u00f3n Centro de Coahuila.<\/p>\n\n\n\n<p>Expresaron que, conjuntamente con el Gobierno de Miguel Riquelme, se ofrecen desde ahora todas las facilidades para que la compa\u00f1\u00eda tenga \u00e9xito rotundo en su operatividad.<\/p>\n\n\n\n<p>Por su parte, el presidente de Latinoam\u00e9rica de APTIV, Arturo \u00c1lvarez, reconoci\u00f3 el respaldo otorgado por las autoridades estatales y municipales para la ubicaci\u00f3n de la empresa en la entidad.<\/p>\n\n\n\n<p>Al explicar que la empresa lleg\u00f3 a Coahuila en 1995, destac\u00f3 que hay la seguridad de que se alcanzar\u00e1 el \u00e9xito, puesto que se conoce y se contar\u00e1 con la mano de obra calificada que se requiere para la producci\u00f3n de arneses de calidad que demanda la industria automotriz.<\/p>\n","protected":false},"excerpt":{"rendered":"<p>\u00b7\u00a0\u00a0\u00a0\u00a0\u00a0\u00a0\u00a0Llega la empresa APTIV a Frontera con inversi\u00f3n de 14.7 millones de d\u00f3lares y m\u00e1s de 3,200 empleos Saltillo, Coahuila de Zaragoza; a 7 de Junio de 2022.- Al anunciar la llegada de la empresa irlandesa de componentes electr\u00f3nicos APTIV, que se instalar\u00e1 en Frontera con una inversi\u00f3n de 14.7 millones de d\u00f3lares, el gobernador Miguel Riquelme Sol\u00eds dijo que el Cl\u00faster Automotriz de Coahuila se consolida en la Regi\u00f3n&#8230;<\/p>\n","protected":false},"author":1,"featured_media":9162,"comment_status":"closed","ping_status":"closed","sticky":false,"template":"","format":"standard","meta":{"footnotes":""},"categories":[5,15,65],"tags":[],"class_list":["post-9161","post","type-post","status-publish","format-standard","has-post-thumbnail","hentry","category-coahuila","category-gobierno-de-coahuila","category-inversion","wpcat-5-id","wpcat-15-id","wpcat-65-id"],"_links":{"self":[{"href":"https:\/\/www.aquilaguna.com\/index.php\/wp-json\/wp\/v2\/posts\/9161","targetHints":{"allow":["GET"]}}],"collection":[{"href":"https:\/\/www.aquilaguna.com\/index.php\/wp-json\/wp\/v2\/posts"}],"about":[{"href":"https:\/\/www.aquilaguna.com\/index.php\/wp-json\/wp\/v2\/types\/post"}],"author":[{"embeddable":true,"href":"https:\/\/www.aquilaguna.com\/index.php\/wp-json\/wp\/v2\/users\/1"}],"replies":[{"embeddable":true,"href":"https:\/\/www.aquilaguna.com\/index.php\/wp-json\/wp\/v2\/comments?post=9161"}],"version-history":[{"count":1,"href":"https:\/\/www.aquilaguna.com\/index.php\/wp-json\/wp\/v2\/posts\/9161\/revisions"}],"predecessor-version":[{"id":9163,"href":"https:\/\/www.aquilaguna.com\/index.php\/wp-json\/wp\/v2\/posts\/9161\/revisions\/9163"}],"wp:featuredmedia":[{"embeddable":true,"href":"https:\/\/www.aquilaguna.com\/index.php\/wp-json\/wp\/v2\/media\/9162"}],"wp:attachment":[{"href":"https:\/\/www.aquilaguna.com\/index.php\/wp-json\/wp\/v2\/media?parent=9161"}],"wp:term":[{"taxonomy":"category","embeddable":true,"href":"https:\/\/www.aquilaguna.com\/index.php\/wp-json\/wp\/v2\/categories?post=9161"},{"taxonomy":"post_tag","embeddable":true,"href":"https:\/\/www.aquilaguna.com\/index.php\/wp-json\/wp\/v2\/tags?post=9161"}],"curies":[{"name":"wp","href":"https:\/\/api.w.org\/{rel}","templated":true}]}}