{"id":9202,"date":"2022-06-09T20:38:39","date_gmt":"2022-06-10T01:38:39","guid":{"rendered":"https:\/\/www.aquilaguna.com\/?p=9202"},"modified":"2022-06-09T20:38:40","modified_gmt":"2022-06-10T01:38:40","slug":"sotol-fest-posicionara-a-torreon-como-la-capital-mundial-de-sotol","status":"publish","type":"post","link":"https:\/\/www.aquilaguna.com\/index.php\/2022\/06\/09\/sotol-fest-posicionara-a-torreon-como-la-capital-mundial-de-sotol\/","title":{"rendered":"SOTOL FEST POSICIONAR\u00c1 A TORRE\u00d3N COMO LA CAPITAL MUNDIAL DE SOTOL."},"content":{"rendered":"\n<p>\u00b7\u00a0\u00a0\u00a0\u00a0\u00a0\u00a0<strong><em>\u00a0Contar\u00e1 con el \u2018Sotol Grand Mix\u2019, concurso de mixolog\u00eda.<\/em><\/strong><\/p>\n\n\n\n<p>Torre\u00f3n, Coahuila de Zaragoza; a 9 de Junio de 2022.- El Gobierno del Estado, por medio de la Secretar\u00eda de Cultura de Coahuila y en coordinaci\u00f3n con el Ayuntamiento de Torre\u00f3n (a trav\u00e9s del Instituto Municipal de Cultura) y el Organismo Mexicano Certificador y Regulador del Sotol, dio a conocer que ya se encuentra listo el programa de actividades del \u201cSotol Fest, Torre\u00f3n, Capital Mundial del Sotol\u201d, del 16 al 18 de junio, en su primera edici\u00f3n.<\/p>\n\n\n\n<p>Ana Sof\u00eda Garc\u00eda Camil, Secretaria de Cultura de Coahuila, inform\u00f3: \u201cEste festival es muy importante, en especial para La Laguna, ya que permitir\u00e1 posicionar a Torre\u00f3n como la \u201cCapital Mundial del Sotol\u201d, y con actividades como el R\u00e9cord Guinness que se pretende imponer, estaremos a la vista de todo el mundo\u201d.<\/p>\n\n\n\n<p>La finalidad, insisti\u00f3, es generar una cultura alrededor del sotol, pues adem\u00e1s de Coahuila, Durango y Chihuahua tienen la denominaci\u00f3n de origen y es lo que se busca seguir posicionando.<\/p>\n\n\n\n<p>\u201cEl Sotol Fest Torre\u00f3n, Capital Mundial del Sotol\u201d realiza su primera edici\u00f3n en 2022 del 16 al 18 de junio, y el programa incluye diversas actividades culturales, tales como conferencias, presentaciones de libros, actividades gastron\u00f3micas, exposiciones, conciertos e intervenciones urbanas, entre otras.<\/p>\n\n\n\n<p>La funcionaria estatal agreg\u00f3 que en forma previa, este jueves 9 de junio a las 20:00 horas, en el Paseo Milex, ubicado en Carretera San Pedro de las Colonias &#8211; Torre\u00f3n 2200, del Ejido La Uni\u00f3n, se realizar\u00e1 la exposici\u00f3n Sotolarte.<\/p>\n\n\n\n<p>Y posteriormente, el s\u00e1bado 11 de junio, se llevar\u00e1 a cabo \u201cLa Noche de Fuego\u201d, espect\u00e1culo de arte circense que se presentar\u00e1 en los restaurantes del Distrito Morelos y del Distrito Col\u00f3n, en el que participa la \u201cCompa\u00f1\u00eda de arte Circense Unicirclo\u201d.<\/p>\n\n\n\n<p>Tambi\u00e9n se realizar\u00e1 la firma de anexo t\u00e9cnico Gobierno del Estado \u2013 UAAAN, en el marco de las actividades en torno al decreto emitido por el Gobernador Constitucional del Estado de Coahuila de Zaragoza, Miguel \u00c1ngel Riquelme Sol\u00eds, en el que se declara al Sotol como patrimonio cultural inmaterial de Coahuila.<\/p>\n\n\n\n<p>De forma que dar\u00e1 continuidad a la apertura de espacios de participaci\u00f3n de los productores de sotol en eventos como los que ya se tuvieron en 2021, que fueron: La Feria Internacional del Libro de Coahuila y el Festival Internacional Cervantino, adem\u00e1s del Tianguis Tur\u00edstico 2022.<\/p>\n\n\n\n<p>Se firmar\u00e1 un anexo t\u00e9cnico del convenio marco entre el Gobierno del Estado de Coahuila y la UAAAN en el que participan, por parte del Gobierno de Coahuila, la Secretar\u00eda de Cultura, la Secretar\u00eda del Medio Ambiente y la Secretar\u00eda de Desarrollo Rural.<\/p>\n\n\n\n<p>Este anexo t\u00e9cnico permitir\u00e1 facilitar la recolecci\u00f3n y aprovechamiento de la semilla.<\/p>\n\n\n\n<p>Adem\u00e1s de la detecci\u00f3n de terrenos para plantaciones futuras y el desarrollo masivo de pl\u00e1ntulas en viveros de la UAAAN, todo esto con el objetivo de garantizar la sustentabilidad de su producci\u00f3n en la entidad.<\/p>\n\n\n\n<p>Adem\u00e1s agradeci\u00f3 a los medios de comunicaci\u00f3n, patrocinadores y a Radio Torre\u00f3n y Radio Coahuila la transmisi\u00f3n en vivo de algunas de las actividades de este importante festival.<\/p>\n\n\n\n<p>La programaci\u00f3n&nbsp; de dicho evento se encuentra en las redes sociales de Sotol Fest y de la Secretar\u00eda de Cultura de Coahuila.<\/p>\n\n\n\n<p>El programa de actividades es el siguiente:<\/p>\n\n\n\n<p>SOTOL FEST CARTELERA<\/p>\n\n\n\n<p>+ Exposici\u00f3n, 9 de junio a las 20:00 horas. Carretera San Pedro de las Colonias- Torre\u00f3n 2200, Ejido La Uni\u00f3n 27420, Torre\u00f3n,<\/p>\n\n\n\n<p>coordinado por Turismo Torre\u00f3n.<\/p>\n\n\n\n<p>+ Espect\u00e1culo de arte circense \u201cNoche de fuego\u201d, activaci\u00f3n de bares y restaurantes. Coordinado con el Municipio de Torre\u00f3n y la Industria del Sotol. 11 de junio a las 21:00 horas<\/p>\n\n\n\n<p>Distrito Morelos y Col\u00f3n,<\/p>\n\n\n\n<p>Compa\u00f1\u00eda de Arte Circence Unicirclo.<\/p>\n\n\n\n<p>Apto para adolescente y adultos<\/p>\n\n\n\n<p>+ Presentaci\u00f3n de novela<\/p>\n\n\n\n<p>\u201cLos violentos del sotol\u201d, de Jes\u00fas Santos Landois.<\/p>\n\n\n\n<p>Presentan Rodolfo Esparza C\u00e1rdenas y el autor, coordinado con el Instituto Municipal de Cultura y Educaci\u00f3n-SC, 16 de junio a las 18:30 horas, Auditorio Museo Arocena. Apto para adolescentes y adultos<\/p>\n\n\n\n<p>Entrada libre<\/p>\n\n\n\n<p>+ Inauguraci\u00f3n oficial-cena cata de sotol.<\/p>\n\n\n\n<p>Conferencia \u201cEl arte de la destilaci\u00f3n\u201d, imparte Valente Arellano, etn\u00f3logo. Coordinado Turismo Torre\u00f3n, 16 de junio a las 20:30 horas. Auditorio Casa Hist\u00f3rica Arocena. Apto para adolescentes y adultos.<\/p>\n\n\n\n<p>Entrada libre<\/p>\n\n\n\n<p>+ Exposici\u00f3n fotogr\u00e1fica<\/p>\n\n\n\n<p>\u201cEl sotol, un elixir con denominaci\u00f3n de origen\u201d,<\/p>\n\n\n\n<p>coordinado con Instituto Municipal de Cultura y Educaci\u00f3n-SC<\/p>\n\n\n\n<p>Museo Regional de la Laguna, 17 de junio a las 12:00 horas, Museo Regional de La Laguna, apta para adolescentes y adultos.<\/p>\n\n\n\n<p>Entrada libre<\/p>\n\n\n\n<p>+ Presentaci\u00f3n del libro<\/p>\n\n\n\n<p>\u201cEl sotol. Un elixir con denominaci\u00f3n de origen\u201d,<\/p>\n\n\n\n<p>de Francisco C\u00e1zares y Humberto Reyes.<\/p>\n\n\n\n<p>Presentan Valdemar Ayala y los autores. Coordinado con el Instituto Municipal de Cultura y Educaci\u00f3n y Quintanilla Ediciones-SC, 17 de junio a las 12:15 horas, Museo Regional de La Laguna.<\/p>\n\n\n\n<p>Apto para adolescentes y adultos<\/p>\n\n\n\n<p>Entrada libre<\/p>\n\n\n\n<p>+ Expo concurso de mixolog\u00eda, degustaci\u00f3n y venta Sotol Grand Mix,<\/p>\n\n\n\n<p>coordinado con la Industria del Sotol, 17 de junio a las 18:00 horas, Centro de Convenciones de Torre\u00f3n. Apto para adolescentes y adultos.<\/p>\n\n\n\n<p>Entrada libre.<\/p>\n\n\n\n<p>+ Mesa de opini\u00f3n<\/p>\n\n\n\n<p>\u201cEl sotol, panorama a futuro\u201d, participan Adriana Antonio Bautista, Manuel y Humberto Reyes, coordinado con el Instituto Municipal de Cultura y Educaci\u00f3n-SC, 18 de junio a las 12:00 horas, Auditorio Galer\u00eda del Teatro Isauro Mart\u00ednez. Apto para adolescentes y adultos.<\/p>\n\n\n\n<p>Entrada libre.<\/p>\n\n\n\n<p>+ Record Guinness: El shot m\u00e1s grande del mundo, participa la Banda de M\u00fasica Municipal, coordinado con el Municipio de Torre\u00f3n y la Industria del Sotol, 18 de junio de las 18:00 a las 20:00 horas.<\/p>\n\n\n\n<p><strong>Plaza Mayor.<\/strong><\/p>\n\n\n\n<p>+ Concierto de m\u00fasica popular, coordinado con el Municipio de Torre\u00f3n y la Industria del Sotol, 18 de junio a las 20:30 horas. Plaza Mayor.<\/p>\n\n\n\n<p>Otros funcionarios m\u00e1s que estuvieron en la presentaci\u00f3n a medios son: Mar\u00eda Eugenia Villarreal Abusa\u00edd, Subsecretaria de Turismo en La Laguna; Lorena Safa Serrato, Directora del Centro de Convenciones de Torre\u00f3n;&nbsp; Luis T\u00e9llez, Director de Comercio y Turismo del Municipio de Torre\u00f3n, y Antonio M\u00e9ndez Vigat\u00e1, Director Municipal de Cultura y Educaci\u00f3n del Ayuntamiento de Torre\u00f3n.<\/p>\n","protected":false},"excerpt":{"rendered":"<p>\u00b7\u00a0\u00a0\u00a0\u00a0\u00a0\u00a0\u00a0Contar\u00e1 con el \u2018Sotol Grand Mix\u2019, concurso de mixolog\u00eda. Torre\u00f3n, Coahuila de Zaragoza; a 9 de Junio de 2022.- El Gobierno del Estado, por medio de la Secretar\u00eda de Cultura de Coahuila y en coordinaci\u00f3n con el Ayuntamiento de Torre\u00f3n (a trav\u00e9s del Instituto Municipal de Cultura) y el Organismo Mexicano Certificador y Regulador del Sotol, dio a conocer que ya se encuentra listo el programa de actividades del \u201cSotol&#8230;<\/p>\n","protected":false},"author":1,"featured_media":9203,"comment_status":"closed","ping_status":"closed","sticky":false,"template":"","format":"standard","meta":{"footnotes":""},"categories":[5,15,7,34],"tags":[],"class_list":["post-9202","post","type-post","status-publish","format-standard","has-post-thumbnail","hentry","category-coahuila","category-gobierno-de-coahuila","category-torreon","category-turismo","wpcat-5-id","wpcat-15-id","wpcat-7-id","wpcat-34-id"],"_links":{"self":[{"href":"https:\/\/www.aquilaguna.com\/index.php\/wp-json\/wp\/v2\/posts\/9202","targetHints":{"allow":["GET"]}}],"collection":[{"href":"https:\/\/www.aquilaguna.com\/index.php\/wp-json\/wp\/v2\/posts"}],"about":[{"href":"https:\/\/www.aquilaguna.com\/index.php\/wp-json\/wp\/v2\/types\/post"}],"author":[{"embeddable":true,"href":"https:\/\/www.aquilaguna.com\/index.php\/wp-json\/wp\/v2\/users\/1"}],"replies":[{"embeddable":true,"href":"https:\/\/www.aquilaguna.com\/index.php\/wp-json\/wp\/v2\/comments?post=9202"}],"version-history":[{"count":1,"href":"https:\/\/www.aquilaguna.com\/index.php\/wp-json\/wp\/v2\/posts\/9202\/revisions"}],"predecessor-version":[{"id":9204,"href":"https:\/\/www.aquilaguna.com\/index.php\/wp-json\/wp\/v2\/posts\/9202\/revisions\/9204"}],"wp:featuredmedia":[{"embeddable":true,"href":"https:\/\/www.aquilaguna.com\/index.php\/wp-json\/wp\/v2\/media\/9203"}],"wp:attachment":[{"href":"https:\/\/www.aquilaguna.com\/index.php\/wp-json\/wp\/v2\/media?parent=9202"}],"wp:term":[{"taxonomy":"category","embeddable":true,"href":"https:\/\/www.aquilaguna.com\/index.php\/wp-json\/wp\/v2\/categories?post=9202"},{"taxonomy":"post_tag","embeddable":true,"href":"https:\/\/www.aquilaguna.com\/index.php\/wp-json\/wp\/v2\/tags?post=9202"}],"curies":[{"name":"wp","href":"https:\/\/api.w.org\/{rel}","templated":true}]}}