{"id":9227,"date":"2022-06-10T20:14:18","date_gmt":"2022-06-11T01:14:18","guid":{"rendered":"https:\/\/www.aquilaguna.com\/?p=9227"},"modified":"2022-06-10T20:14:19","modified_gmt":"2022-06-11T01:14:19","slug":"milwaukee-tool-ofertara-vacantes-en-la-direccion-de-desarrollo-economico","status":"publish","type":"post","link":"https:\/\/www.aquilaguna.com\/index.php\/2022\/06\/10\/milwaukee-tool-ofertara-vacantes-en-la-direccion-de-desarrollo-economico\/","title":{"rendered":"Milwaukee Tool ofertar\u00e1 vacantes en la Direcci\u00f3n de Desarrollo Econ\u00f3mico."},"content":{"rendered":"\n<p>Torre\u00f3n, Coahuila A 10 de junio de 2022.<\/p>\n\n\n\n<p>Como parte del eje \u201cCompetitividad y Fortaleza Econ\u00f3mica\u201d del gobierno del<br>alcalde de Torre\u00f3n, Rom\u00e1n Alberto Cepeda Gonz\u00e1lez, la Direcci\u00f3n de Desarrollo<br>Econ\u00f3mico en conjunto con directivos de la empresa Milwaukee Toul, invita a la<br>poblaci\u00f3n a conocer la oferta laboral que tiene esta empresa.<\/p>\n\n\n\n<p>La Direcci\u00f3n que encabeza, Kena Mar\u00eda Y\u00e1\u00f1ez Mart\u00ednez, inform\u00f3 que Milwaukee<br>es una empresa que se dedica a la fabricaci\u00f3n de herramientas y aunque se<br>estableci\u00f3 hace poco tiempo en la ciudad, ha consolidado m\u00e1s de 2 mil empleos y<br>continua al alza en ese sentido.<\/p>\n\n\n\n<p>B\u00e1rbara Silva, Directora de Inversi\u00f3n Extranjera, dijo que se ofertar\u00e1n m\u00e1s de 120<br>vacantes y detall\u00f3 que los aspirantes deber\u00e1n tener entre 18 y 55 a\u00f1os,<br>secundaria terminada y experiencia m\u00ednima de 6 meses en procesos de<br>manufactura.<\/p>\n\n\n\n<p>Agreg\u00f3 que se ofrecen prestaciones superiores a las que marca la ley y la cita es<br>el pr\u00f3ximo lunes 13 y martes 14 de junio, en las instalaciones del antiguo Banco<br>de M\u00e9xico, ubicado en avenida Morelos 1217 colonia Centro (frente a la Plaza de<br>Armas) de 08:00 a 15:00 horas.<\/p>\n\n\n\n<p>La funcionaria recomend\u00f3 a los aspirantes, llevar curr\u00edculum y\/o solicitudes de<br>empleo debidamente llenada.<\/p>\n\n\n\n<p>Finalmente Silva P\u00e9rez, agreg\u00f3 que se continuar\u00e1 trabajando de la mano de la<br>iniciativa privada para facilitar la comunicaci\u00f3n entre empleadores y aspirantes con<br>la finalidad de facilitar la colocaci\u00f3n de quienes buscan una fuente de trabajo.<\/p>\n","protected":false},"excerpt":{"rendered":"<p>Torre\u00f3n, Coahuila A 10 de junio de 2022. Como parte del eje \u201cCompetitividad y Fortaleza Econ\u00f3mica\u201d del gobierno delalcalde de Torre\u00f3n, Rom\u00e1n Alberto Cepeda Gonz\u00e1lez, la Direcci\u00f3n de DesarrolloEcon\u00f3mico en conjunto con directivos de la empresa Milwaukee Toul, invita a lapoblaci\u00f3n a conocer la oferta laboral que tiene esta empresa. La Direcci\u00f3n que encabeza, Kena Mar\u00eda Y\u00e1\u00f1ez Mart\u00ednez, inform\u00f3 que Milwaukeees una empresa que se dedica a la fabricaci\u00f3n de&#8230;<\/p>\n","protected":false},"author":1,"featured_media":9228,"comment_status":"closed","ping_status":"closed","sticky":false,"template":"","format":"standard","meta":{"footnotes":""},"categories":[5,43,28,7],"tags":[],"class_list":["post-9227","post","type-post","status-publish","format-standard","has-post-thumbnail","hentry","category-coahuila","category-empleo","category-la-laguna","category-torreon","wpcat-5-id","wpcat-43-id","wpcat-28-id","wpcat-7-id"],"_links":{"self":[{"href":"https:\/\/www.aquilaguna.com\/index.php\/wp-json\/wp\/v2\/posts\/9227","targetHints":{"allow":["GET"]}}],"collection":[{"href":"https:\/\/www.aquilaguna.com\/index.php\/wp-json\/wp\/v2\/posts"}],"about":[{"href":"https:\/\/www.aquilaguna.com\/index.php\/wp-json\/wp\/v2\/types\/post"}],"author":[{"embeddable":true,"href":"https:\/\/www.aquilaguna.com\/index.php\/wp-json\/wp\/v2\/users\/1"}],"replies":[{"embeddable":true,"href":"https:\/\/www.aquilaguna.com\/index.php\/wp-json\/wp\/v2\/comments?post=9227"}],"version-history":[{"count":1,"href":"https:\/\/www.aquilaguna.com\/index.php\/wp-json\/wp\/v2\/posts\/9227\/revisions"}],"predecessor-version":[{"id":9229,"href":"https:\/\/www.aquilaguna.com\/index.php\/wp-json\/wp\/v2\/posts\/9227\/revisions\/9229"}],"wp:featuredmedia":[{"embeddable":true,"href":"https:\/\/www.aquilaguna.com\/index.php\/wp-json\/wp\/v2\/media\/9228"}],"wp:attachment":[{"href":"https:\/\/www.aquilaguna.com\/index.php\/wp-json\/wp\/v2\/media?parent=9227"}],"wp:term":[{"taxonomy":"category","embeddable":true,"href":"https:\/\/www.aquilaguna.com\/index.php\/wp-json\/wp\/v2\/categories?post=9227"},{"taxonomy":"post_tag","embeddable":true,"href":"https:\/\/www.aquilaguna.com\/index.php\/wp-json\/wp\/v2\/tags?post=9227"}],"curies":[{"name":"wp","href":"https:\/\/api.w.org\/{rel}","templated":true}]}}