{"id":9233,"date":"2022-06-10T20:34:21","date_gmt":"2022-06-11T01:34:21","guid":{"rendered":"https:\/\/www.aquilaguna.com\/?p=9233"},"modified":"2022-06-10T20:34:21","modified_gmt":"2022-06-11T01:34:21","slug":"uadec-fortalece-respeto-a-derechos-humanos-con-perspectiva-de-genero","status":"publish","type":"post","link":"https:\/\/www.aquilaguna.com\/index.php\/2022\/06\/10\/uadec-fortalece-respeto-a-derechos-humanos-con-perspectiva-de-genero\/","title":{"rendered":"UAdeC fortalece respeto a Derechos Humanos con perspectiva de g\u00e9nero."},"content":{"rendered":"\n<p>Torre\u00f3n, Coahuila.- La Universidad Aut\u00f3noma de Coahuila en la construcci\u00f3n de\u00a0 herramientas que fortalezcan el respeto a los Derechos Humanos, con perspectiva de g\u00e9nero. Hoy su protocolo, de actuaci\u00f3n\u00a0 para atender, prevenir, sancionar y erradicar\u00a0 la violencia de genero en el interior de\u00a0 tal instituci\u00f3n y que se encuentra\u00a0 sujeto a la\u00a0 adecuaci\u00f3n seg\u00fan imponga este tema la sociedad, ser\u00e1 replicado en el sistema educativo superior de Coahuila.<\/p>\n\n\n\n<p>Lo anterior\u00a0 se desprende de la presentaci\u00f3n que este d\u00eda tuviera en el Auditorio de la Facultad de Contadur\u00eda y Administraci\u00f3n\u00a0 Unidad Torre\u00f3n,\u00a0 el protocolo elaborado\u00a0y que fuera presentado por la Doctora Magda Yadira Robledo Garza, desde\u00a0 su gestaci\u00f3n y las adecuaciones que ha registrado el documento con vigencia en el \u00e1mbito de la M\u00e1xima Casa de Estudios, con\u00a0 los posteriores comentarios del mismo a cargo del Rector Salvador Hern\u00e1ndez\u00a0 V\u00e9lez.<\/p>\n\n\n\n<p>Abordado, el Rector de la UAdeC,\u00a0 expreso que, &#8220;desde que vimos las primera\u00a0 denuncias de acoso y hostigamiento inmediatamente con la colaboraci\u00f3n de\u00a0 las j\u00f3venes estudiantes, en aquel tiempo alumnas de la Facultad de Jurisprudencia elaboramos un\u00a0 Primer Protocolo para erradicar\u00a0 la violencia de G\u00e9nero de la\u00a0 Universidad&#8221;.<\/p>\n\n\n\n<p>&#8220;Tal\u00a0 Protocolo\u00a0 se autoriz\u00f3 por las instancias\u00a0 correspondientes\u00a0 y despu\u00e9s de eso&#8221;, indic\u00f3, &#8220;se empez\u00f3 a aplicar, pero encontramos que hab\u00eda\u00a0 huecos, que habr\u00eda que resolver\u00a0 y volvimos de nuevo a corregirlos&#8221;.<\/p>\n\n\n\n<p>Volvimos,\u00a0 afirm\u00f3, &#8220;a cuestiones que nos hicieron nuestras j\u00f3venes estudiantes\u00a0 y docentes, y volvimos\u00a0 de nueva cuenta a modificarlo\u00a0 y actualizarlo\u00a0 y ese el documento que hoy estamos presentando ante la comunidad universitaria&#8221;.<\/p>\n\n\n\n<p>Pero, agreg\u00f3, &#8220;con todo y ello, nosotros seguimos\u00a0 abiertos, dispuestos a escuchar las opiniones que\u00a0 se generen, pero sobre todo, dentro de la Universidad, atendemos\u00a0 tales demandas y se\u00f1alamientos \u00a0 bajo la perspectiva de Genero&#8221;.<\/p>\n\n\n\n<p>&#8220;Esto, la perspectiva de Genero&#8221;, afirm\u00f3 el Rector Hern\u00e1ndez V\u00e9lez, &#8220;es fundamental, pues se espera juzgar teniendo en primer t\u00e9rmino\u00a0 la defensa de la mujer,\u00a0 no importan que se nos amparen&#8221;.<\/p>\n\n\n\n<p>Cito por la v\u00eda de ejemplo que en el caso del estatuto del sindicato, &#8220;cuenta con una cl\u00e1usula en la que los sindicalizados hombres ante una situaci\u00f3n de violencia de Genero, est\u00e1n protegidos. Nosotros, no nos\u00a0 importa, no tomamos eso\u00a0 en cuenta y juzgamos con perspectiva de G\u00e9nero&#8221;.\u00a0<\/p>\n\n\n\n<p>Explico luego que, &#8220;muchas de nuestras leyes y disposiciones protegen a los hombres&#8221;.\u00a0\u00a0<\/p>\n\n\n\n<p>\u00a0Afirm\u00f3 que, &#8220;es muy importante, hacerlo de esa manera, \u00a0 con el objetivo de cuidar la integridad de las mujeres, no importa&#8221;, exclam\u00f3,\u00a0 &#8220;\u00a1Que nos demanden, que se amparen! pues les hemos ganado casos&#8221;.<\/p>\n\n\n\n<p>&#8220;Va bien este proceso&#8221;, consider\u00f3, &#8220;pues\u00a0 aumenta \u00a0 el n\u00famero de nuestras\u00a0 j\u00f3venes universitarias y hasta docentes que\u00a0han interpuesto sus denuncias,\u00a0 lo que revela con ello, que\u00a0 \u00e9sta medida\u00a0 ha ganado su confianza, pues se est\u00e1 utilizando correctamente&#8221;.\u00a0<\/p>\n\n\n\n<p>En\u00a0 cuanto a sanciones aplicadas en casos donde los denunciados hayan sido\u00a0 considerados responsables,\u00a0 &#8220;se han registrado\u00a0 desde sanciones\u00a0 hasta por lo menos dos expulsados, dados de baja y\u00a0 hasta les hemos ganado los Amparos promovidos\u00a0 por ello ante la Junta de\u00a0 Conciliaci\u00f3n&#8221;.<\/p>\n","protected":false},"excerpt":{"rendered":"<p>Torre\u00f3n, Coahuila.- La Universidad Aut\u00f3noma de Coahuila en la construcci\u00f3n de\u00a0 herramientas que fortalezcan el respeto a los Derechos Humanos, con perspectiva de g\u00e9nero. Hoy su protocolo, de actuaci\u00f3n\u00a0 para atender, prevenir, sancionar y erradicar\u00a0 la violencia de genero en el interior de\u00a0 tal instituci\u00f3n y que se encuentra\u00a0 sujeto a la\u00a0 adecuaci\u00f3n seg\u00fan imponga este tema la sociedad, ser\u00e1 replicado en el sistema educativo superior de Coahuila. Lo anterior\u00a0&#8230;<\/p>\n","protected":false},"author":2,"featured_media":0,"comment_status":"closed","ping_status":"","sticky":false,"template":"","format":"standard","meta":{"footnotes":""},"categories":[5,38,48,2],"tags":[],"class_list":["post-9233","post","type-post","status-publish","format-standard","hentry","category-coahuila","category-derechos-humanos","category-genero","category-uadec","wpcat-5-id","wpcat-38-id","wpcat-48-id","wpcat-2-id"],"_links":{"self":[{"href":"https:\/\/www.aquilaguna.com\/index.php\/wp-json\/wp\/v2\/posts\/9233","targetHints":{"allow":["GET"]}}],"collection":[{"href":"https:\/\/www.aquilaguna.com\/index.php\/wp-json\/wp\/v2\/posts"}],"about":[{"href":"https:\/\/www.aquilaguna.com\/index.php\/wp-json\/wp\/v2\/types\/post"}],"author":[{"embeddable":true,"href":"https:\/\/www.aquilaguna.com\/index.php\/wp-json\/wp\/v2\/users\/2"}],"replies":[{"embeddable":true,"href":"https:\/\/www.aquilaguna.com\/index.php\/wp-json\/wp\/v2\/comments?post=9233"}],"version-history":[{"count":1,"href":"https:\/\/www.aquilaguna.com\/index.php\/wp-json\/wp\/v2\/posts\/9233\/revisions"}],"predecessor-version":[{"id":9234,"href":"https:\/\/www.aquilaguna.com\/index.php\/wp-json\/wp\/v2\/posts\/9233\/revisions\/9234"}],"wp:attachment":[{"href":"https:\/\/www.aquilaguna.com\/index.php\/wp-json\/wp\/v2\/media?parent=9233"}],"wp:term":[{"taxonomy":"category","embeddable":true,"href":"https:\/\/www.aquilaguna.com\/index.php\/wp-json\/wp\/v2\/categories?post=9233"},{"taxonomy":"post_tag","embeddable":true,"href":"https:\/\/www.aquilaguna.com\/index.php\/wp-json\/wp\/v2\/tags?post=9233"}],"curies":[{"name":"wp","href":"https:\/\/api.w.org\/{rel}","templated":true}]}}