{"id":9257,"date":"2022-06-12T23:48:02","date_gmt":"2022-06-13T04:48:02","guid":{"rendered":"https:\/\/www.aquilaguna.com\/?p=9257"},"modified":"2022-06-12T23:48:02","modified_gmt":"2022-06-13T04:48:02","slug":"aqui-laguna-137","status":"publish","type":"post","link":"https:\/\/www.aquilaguna.com\/index.php\/2022\/06\/12\/aqui-laguna-137\/","title":{"rendered":"Aqu\u00ed Laguna."},"content":{"rendered":"\n<p>\u00a1Rebeli\u00f3n! \u00a0Un tanto tard\u00eda, pero vemos finalmente\u00a0 la cerrada\u00a0 \u00e9lite\u00a0 que regente\u00f3\u00a0 las siglas\u00a0 del Partido Revolucionario Institucional, a lo largo de la segunda mitad del Siglo XX y\u00a0 que con todo y haber perdido \u00a0 el cargo\u00a0 hegem\u00f3nico sobre el que vertebraba su dominio y presencia en el pa\u00eds\u00a0 al ganar el Partido Acci\u00f3n Nacional y con Vicente Fox, la primer a alternancia\u00a0 partidista en el cargo mencionado\u00a0 no acus\u00f3 en aquellos d\u00edas\u00a0 los imp\u00e1ctos de tal golpe\u00a0 golpe, y si bien pudo alcanzar una restauraci\u00f3n\u00a0 luego con\u00a0 la victoria de Enrique Pe\u00f1a Nieto, y repetir\u00a0 ad infinitum\u00a0 \u00a0 los vicios y debilidades \u00a0 que generaran su derrumbe electoral\u00a0 y ello diera \u00a0 diera paso al hoy inclasificable r\u00e9gimen\u00a0 vigente \u00a0 cuya presencia amenaza hoy con sepultar lo que resta del que fuera el partido politico hegem\u00f3nico de M\u00e9xico, sin que su dirigencia, pero sobre todo su militancia \u00a0 hubiera dado se\u00f1ales de resistencia, de innovaci\u00f3n\u00a0 alguna, con todo y el legado\u00a0 institucional, construido\u00a0 y entregado al pueblo de M\u00e9xico por los gobiernos surgidos\u00a0 que dieron cumplimiento\u00a0 a las demandas\u00a0 que\u00a0 un movimiento armado dio cauce y\u00a0 como gobierno legitimo. Hoy solo las\u00a0 ultimas y clamorosas derrotas electorales que colocan al PRI, con\u00a0 solo dos gobiernos estatales\u00a0 en ejercicio y \u00a0 gobernados por figuras salidas de sus filas, hicieron\u00a0 sonar alarmas\u00a0 y con ello salir de su\u00a0 confort, a personajes que a lo largo de la \u00faltimas tres d\u00e9cadas por lo menos han regenteado su destino, que advierten ya \u00a0 el peligro de pasar a ser solo fantasmas de un pasado, est\u00e1n exigiendo\u00a0 al actual dirigente\u00a0 nacional priista, el controvertido\u00a0 &#8220;Alito&#8221; un espacio y el tiempo necesario para hacer\u00a0 una reflexi\u00f3n\u00a0 del\u00a0 momento &#8220;especialmente\u00a0 delicado&#8221; por las que atraviesa el Instituto, y de cuya atenci\u00f3n\u00a0 evaluaci\u00f3n y soluci\u00f3n, &#8220;depender\u00e1 su futuro&#8221;, tal argumento no es de\u00a0 sus detractores, sino de quienes \u00a0 tuvieron en su mano\u00a0 \u00e9ste.<\/p>\n\n\n\n<p>Figurando entre ellos, el coahuilense Humberto Roque Villanueva, \u00a0 Manlio Fabio Beltrones, Pedro Joaquin Coldwell, Roberto Madrazo, \u00a0 Beatriz Paredes y\u00a0 Miguel Angel Osorio\u00a0 \u00a0 y otro grupo no tan cauteloso como los antes citados,\u00a0 sino personajes que\u00a0 han\u00a0 hecho p\u00fablicas, exhibidas pues, diferencias con la actual dirigencia a cargo de Alito, Rub\u00e9n Moreira\u00a0 Vald\u00e9s, Carolina Viggiano\u00a0 y que hoy, tras registrar la sonora derrota\u00a0 del pasado 5 de junio, les abri\u00f3 gran espacio para manifestar diferencias\u00a0 que han venido expresando desde plataformas a su cargo, como son las del &#8220;Frente Nacional Justicia y Democracia&#8221;, &#8220;Movimiento L\u00edder&#8221;, &#8220;Plataforma\u00a0 PRI&#8221;, etc., a cargo, entre otros, de un Jos\u00e9 Encarnaci\u00f3n Alfaro, Fernando Lerdo de Tejada,\u00a0 Jos\u00e9 Ram\u00f3n Martell, etc., hasta ahora, solo al primer grupo de &#8220;notables&#8221;, que  Alito\u00a0 les ha dicho si a su pretensi\u00f3n de reunirse\u00a0 y ha fijado\u00a0 fecha para \u00e9ste martes 14 de junio a partir de las 10:00\u00a0 horas en la sede oficial del PRI en la capital del pa\u00eds, como el punto de tal encuentro, que\u00a0 limite el escenario sombr\u00edo que por ahora enfrenta&#8230;<\/p>\n\n\n\n<p>En tanto en Coahuila, que diremos\u00a0 constituye\u00a0 hoy por hoy,\u00a0 no solo la entidad que cuenta con el Gobernador mejor calificado por sus gobernados\u00a0 en \u00e9ste pa\u00eds, sitio nada f\u00e1cil de alcanzar y mucho menos de conservar en medio de los avatares que se registran en \u00a0 el pa\u00eds y en el mundo, que sin duda constituye fortaleza con la cual enfrentar la batalla sucesoria en puerta, y en la que sin duda Coahuila, y quiz\u00e1s\u00a0 el Estado de M\u00e9xico concentrar\u00e1n\u00a0 el sonido y la furia, la metralla pues,\u00a0 que el r\u00e9gimen actual y su brazo pol\u00edtico MOENA, lanzar\u00e1 sobre\u00a0 la entidad\u00a0 y quien resulten sus candidatos, y de paso, sobre la administraci\u00f3n estatal, para posicionar primero a sus\u00a0 candidatos, en especial a quien resulte designado como el prospecto a Gobernador y diputados, de ah\u00ed que se anticipe ya que tal contienda, ser\u00e1\u00a0 a muerte,\u00a0 pol\u00edtica, claro est\u00e1.<\/p>\n\n\n\n<p>Cual acci\u00f3n concertada,\u00a0 as\u00ed se percibi\u00f3\u00a0 lo registrado en los 38 municipios de la entidad,\u00a0 el pasado viernes por la tarde, cuando de manera casi sincronizada se\u00a0 realizaron los registros de las planillas para contender por la presidencia y secretar\u00eda general de igual n\u00famero de Comit\u00e9s Municipales del Partido Revolucionario Institucional, seg\u00fan planeaci\u00f3n y\u00a0 organizaci\u00f3n establecida por convocatoria previa a cargo del Comit\u00e9 Directivo Estatal a cargo del diputado federal, ingeniero Rodrigo Fuentes Avila.<\/p>\n\n\n\n<p>En Torre\u00f3n, de antemano se conoci\u00f3 que se perfilaba para tal objetivo,\u00a0 la Senadora\u00a0 Ver\u00f3nica Mart\u00ednez,\u00a0 y como Secretario General\u00a0 Felipe Carmona, encomiable la institucionalidad partidista que\u00a0 muestra la Senadora Mart\u00ednez, quien no desde\u00f1\u00f3 en lo mas m\u00ednimo\u00a0 pasar por un proceso eleccionario municipal, luego de haber sido la dirigente estatal\u00a0 de dicho partido, lo que habla de su alto sentido de militante, de profesional\u00a0 de la pol\u00edtica, versus personajes de menor trayectoria y mas\u00a0 pretensiones que ven tan paso como descenso. Adem\u00e1s\u00a0 Vero, como se le conoce, tendr\u00e1 a su cargo realizar a fondo una campa\u00f1a \u00a0 sin simulaci\u00f3n alguna, que permita en corto plazo\u00a0 conformar un frente partidista por dem\u00e1s s\u00f3lido,\u00a0 con un control de da\u00f1os preciso, efectivo, que impida que los intereses, las motivaciones\u00a0 cl\u00e1sicas en los tiempos de renovaci\u00f3n del poder p\u00fablico donde &#8220;las traiciones&#8221;\u00a0 abiertas o cubiertas con el velo de la simulaci\u00f3n \u00a0 prosperen y de ganar el cargo, como as\u00ed se advierte, se\u00a0 impone ya una renovaci\u00f3n generacional en el resto de los mandos partidistas, anquilosados como se han venido quedando&#8230;<\/p>\n\n\n\n<p>Y diremos que en Torre\u00f3n ha retronado\u00a0 sorpresivamente, ente la administraci\u00f3n municipal, el Licenciado Jorge Maldonado,\u00a0 como\u00a0 uno de los dos Subsecretarios del Ayuntamiento, cargo que ya desempe\u00f1ara\u00a0 durante la gesti\u00f3n del Ingeniero Miguel Angel Riquelme Solis,\u00a0 periodo conclu\u00eddo\u00a0 luego por\u00a0 el hoy &#8220;moreno&#8221;, no solo de color, Jorge Luis\u00a0 Mor\u00e1n. Hoy queda claro que\u00a0 tal movimiento, dej\u00f3 ya sin tal silla al Pepe Ganem, misma que\u00a0 gan\u00f3 definitivamente\u00a0 el Licenciado Carlos Bustos&#8230;<\/p>\n\n\n\n<p>Y el s\u00e1bado 18, en Coyote, municipio de Matamoros, se registrar\u00e1 otro encuentro, ya cl\u00e1sico\u00a0 por la disputa\u00a0 territorial de mando en tal ejido, uno de los mas populosos de la regi\u00f3n, en el cual\u00a0 el profesor Jes\u00fas Contreras Pacheco,\u00a0 buscar\u00e1 retener\u00a0 a su favor el cargo de Comisariado, mismo que le disputar\u00e1 \u00a0 el que al  parece ser su n\u00e9mesis, es decir, Raul \u00a0 Onofre\u2026<\/p>\n\n\n\n<p>Y ya p\u00fablicas, las listas de aspirantes a ser\u00a0 miembros de la Comunidad universitaria, que han pasado el ex\u00e1men \u00a0 de admisi\u00f3n obligados y que\u00a0 traer\u00e1\u00a0 el registro de mas de cinco mil nuevos alumnos \u00a0 para la Universidad Aut\u00f3noma de Coahuila \u00a0 dando\u00a0 con ello cabal cumplimiento a las cuotas de inscripci\u00f3n que la SEP\u00a0 marca para instituciones de educaci\u00f3n p\u00fablica superior. Con todo y las limitaciones presupuestales a las que estas se encuentran sometidas estos tiempos,\u00a0 previo a inscripci\u00f3n\u00a0 en alguna de las carreras vigentes y\u00a0 de\u00a0 tambi\u00e9n de nueva creaci\u00f3n, como es el caso de la Licenciatura en Hoteler\u00eda y Gastronom\u00eda\u00a0 en su\u00a0 Unidad Torre\u00f3n\u00a0 y ya se sabe,\u00a0 habr\u00e1 tambi\u00e9n las quejas derivadas de que su Facultad de\u00a0 mayor demanda, es decir, la Facultad de Medicina de Torre\u00f3n, solo aceptar\u00e1\u00a0 pocos alumnos, por las sabidas condiciones y\u00a0 que impone la Secretar\u00eda de Salubridad y Asistencia.<\/p>\n\n\n\n<p>Por\u00a0 cierto, no se ve aun\u00a0 mano alguna del titular de la SSA en\u00a0 Coahuila, el muy diligente\u00a0 Doctor Roberto Bernal \u00a0 para encauzar\u00a0 las diferencias entre \u00a0 los directivos de la Jurisdicci\u00f3n Sanitaria y\u00a0 la secci\u00f3n sindical\u00a0 correspondiente,\u00a0 no lograr superar las diferencias de orden profesional y personal existentes y que subyacen en el fondo de tal conflicto que amenaza con escalar a otros derroteros&#8230;<\/p>\n\n\n\n<p>Y\u00a0 vaya caprichoso el comportamiento del virus del Covid-19, que conforma, dicen,\u00a0 una\u00a0 quinta ola de contagios, que si bien con menor grado de letalidad, no deja de preocupar\u00a0 a la poblaci\u00f3n. As\u00ed las cosas a seguir observando las medidas preventivas.<\/p>\n","protected":false},"excerpt":{"rendered":"<p>\u00a1Rebeli\u00f3n! \u00a0Un tanto tard\u00eda, pero vemos finalmente\u00a0 la cerrada\u00a0 \u00e9lite\u00a0 que regente\u00f3\u00a0 las siglas\u00a0 del Partido Revolucionario Institucional, a lo largo de la segunda mitad del Siglo XX y\u00a0 que con todo y haber perdido \u00a0 el cargo\u00a0 hegem\u00f3nico sobre el que vertebraba su dominio y presencia en el pa\u00eds\u00a0 al ganar el Partido Acci\u00f3n Nacional y con Vicente Fox, la primer a alternancia\u00a0 partidista en el cargo mencionado\u00a0 no&#8230;<\/p>\n","protected":false},"author":2,"featured_media":0,"comment_status":"closed","ping_status":"","sticky":false,"template":"","format":"standard","meta":{"footnotes":""},"categories":[8],"tags":[],"class_list":["post-9257","post","type-post","status-publish","format-standard","hentry","category-aqui-laguna","wpcat-8-id"],"_links":{"self":[{"href":"https:\/\/www.aquilaguna.com\/index.php\/wp-json\/wp\/v2\/posts\/9257","targetHints":{"allow":["GET"]}}],"collection":[{"href":"https:\/\/www.aquilaguna.com\/index.php\/wp-json\/wp\/v2\/posts"}],"about":[{"href":"https:\/\/www.aquilaguna.com\/index.php\/wp-json\/wp\/v2\/types\/post"}],"author":[{"embeddable":true,"href":"https:\/\/www.aquilaguna.com\/index.php\/wp-json\/wp\/v2\/users\/2"}],"replies":[{"embeddable":true,"href":"https:\/\/www.aquilaguna.com\/index.php\/wp-json\/wp\/v2\/comments?post=9257"}],"version-history":[{"count":1,"href":"https:\/\/www.aquilaguna.com\/index.php\/wp-json\/wp\/v2\/posts\/9257\/revisions"}],"predecessor-version":[{"id":9258,"href":"https:\/\/www.aquilaguna.com\/index.php\/wp-json\/wp\/v2\/posts\/9257\/revisions\/9258"}],"wp:attachment":[{"href":"https:\/\/www.aquilaguna.com\/index.php\/wp-json\/wp\/v2\/media?parent=9257"}],"wp:term":[{"taxonomy":"category","embeddable":true,"href":"https:\/\/www.aquilaguna.com\/index.php\/wp-json\/wp\/v2\/categories?post=9257"},{"taxonomy":"post_tag","embeddable":true,"href":"https:\/\/www.aquilaguna.com\/index.php\/wp-json\/wp\/v2\/tags?post=9257"}],"curies":[{"name":"wp","href":"https:\/\/api.w.org\/{rel}","templated":true}]}}