{"id":9264,"date":"2022-06-13T19:09:14","date_gmt":"2022-06-14T00:09:14","guid":{"rendered":"https:\/\/www.aquilaguna.com\/?p=9264"},"modified":"2022-06-13T19:09:14","modified_gmt":"2022-06-14T00:09:14","slug":"casa-de-la-cultura-invita-a-exposicion-pictorica-cactaceas-y-a-la-presentacion-de-libro-emociones-rotas","status":"publish","type":"post","link":"https:\/\/www.aquilaguna.com\/index.php\/2022\/06\/13\/casa-de-la-cultura-invita-a-exposicion-pictorica-cactaceas-y-a-la-presentacion-de-libro-emociones-rotas\/","title":{"rendered":"CASA DE LA CULTURA INVITA A EXPOSICI\u00d3N PICT\u00d3RICA \u201cCACT\u00c1CEAS\u201d Y A LA PRESENTACI\u00d3N DE LIBRO \u201cEMOCIONES ROTAS\u201d."},"content":{"rendered":"\n<p>Comarca Lagunera., La Casa de la Cultura de G\u00f3mez Palacio \u201cErnestina Gamboa\u201d<br>invita a la inauguraci\u00f3n de la exposici\u00f3n pict\u00f3rica \u201cCact\u00e1ceas\u201d del maestro lagunero<br>Germ\u00e1n Felipe Hern\u00e1ndez Nava, en compa\u00f1\u00eda del grupo de Danza Contempor\u00e1nea<br>\u201cTreinta-once\u201d y del concertista C\u00e9sar Herrera; el pr\u00f3ximo martes 14 de junio a las<br>19:30 horas en el lobby del Teatro Dolores del R\u00edo, inform\u00f3 el maestro Marco Aurelio<br>Guti\u00e9rrez Mares, director del recinto cultural.<\/p>\n\n\n\n<p>Explic\u00f3 que como parte de las actividades que desarrolla la Casa de la Cultura<br>para impulsar a los artistas laguneros, duranguenses o nacionales, esta semana<br>se tendr\u00e1 la inauguraci\u00f3n de la exposici\u00f3n pict\u00f3rica \u201cCact\u00e1ceas\u201d del maestro<br>Germ\u00e1n Felipe Hern\u00e1ndez Nava el 14 de junio a las 19:30 horas; y la presentaci\u00f3n<br>del libro: \u201cEmociones Rotas\u201d de la escritora duranguense Rosa Mar\u00eda Ibarra<br>Arag\u00f3n, el jueves 16 de junio a las 19:30 horas el lobby del Teatro Dolores del Rio.<\/p>\n\n\n\n<p>El maestro Germ\u00e1n Felipe Hern\u00e1ndez Nava, originario de Pe\u00f1\u00f3n Blanco, es<br>profesor egresado de la Escuela Normal Rural J. Guadalupe Aguilera. Cuenta con<br>una maestr\u00eda de la Universidad Espa\u00f1a de Durango y tiene m\u00e1s de 25 a\u00f1os<br>impartiendo clases de pintura de manera gratuita a ni\u00f1os. J\u00f3venes y adultos.<\/p>\n\n\n\n<p>Cact\u00e1ceas es una exposici\u00f3n compuesta de ocho cuadros al \u00f3leo que recrean la<br>belleza del desierto lagunero mediante las flores que engalanan el paisaje de Pe\u00f1\u00f3n<br>Blanco, Cuencam\u00e9 y Lerdo, principalmente.<\/p>\n\n\n\n<p>El maestro Marco Aurelio Guti\u00e9rrez Mares apunto que la inauguraci\u00f3n estar\u00e1<br>acompa\u00f1ada por la presentaci\u00f3n de la Compa\u00f1\u00eda de Danza Contempor\u00e1nea<br>\u201cTreinta \u2013 Once\u201d que Dirige la maestra Daniela Guzm\u00e1n, adem\u00e1s de un recital a<br>cargo del concertista Cesar Herrera.<\/p>\n\n\n\n<p>Otra de las actividades de la semana es la presentaci\u00f3n del libro \u201cEmociones<br>Rotas\u201d de la escritora duranguense Rosa Mar\u00eda Ibarra Arag\u00f3n, el pr\u00f3ximo jueves<br>16 de junio a las 19:30 horas el lobby del Teatro Dolores del Rio de la Casa de la<br>Cultura.<\/p>\n\n\n\n<p>Al respecto, el director de la Casa de la Cultura de G\u00f3mez Palacio,<br>indic\u00f3 que Rosa Mar\u00eda Ibarra, naci\u00f3 un 24 de julio en un pueblo<br>llamado Carrillo Puerto del municipio de Guadalupe Victoria, Durango. Estudi\u00f3 en<br>el Instituto de Capacitaci\u00f3n del Magisterio Francisco Zarco, obteniendo el t\u00edtulo de<br>Profesora en Educaci\u00f3n Primaria. Logr\u00f3 el t\u00edtulo de Licenciada en Ciencias<br>Naturales en la Escuela Normal Superior del Estado de Durango.<\/p>\n\n\n\n<p>Su primer contacto con libros fue en la adolescencia. Empez\u00f3 a leer todo lo que<br>pod\u00eda, pero ya no fue suficiente. Emprendi\u00f3 su aventura en el mundo de las letras<br>en el 2002 con el inicio de su primera novela, con el titul\u00f3 \u201cSola\u2026 me dar\u00e9 una<br>tregua\u201d.<\/p>\n\n\n\n<p>Coment\u00f3 que a\u00f1os m\u00e1s tarde, la escritora se integr\u00f3 al taller Huitzitzilin de La<br>Casa del Jubilado en el a\u00f1o 2016, en donde empez\u00f3 a escribir, de manera formal.<br>Public\u00f3 tres libros de cuentos infantiles en marzo del 2019: Pascual \u00a1corre, corre\u00a1,<br>Jefe\u2026Mi gu\u00eda y Ceres, con m\u00e1s de mil copias. Adem\u00e1s, ha publicado historias<br>cortas en el peri\u00f3dico Victoria de Durango y la novela Emociones Rotas en marzo<br>del 2022.<\/p>\n\n\n\n<p>Marco Aurelio Guti\u00e9rrez Mares, invit\u00f3 al publico a participar en dichos eventos<br>gratuitos que fortalecen y difunden el talento lagunero y duranguense.<\/p>\n","protected":false},"excerpt":{"rendered":"<p>Comarca Lagunera., La Casa de la Cultura de G\u00f3mez Palacio \u201cErnestina Gamboa\u201dinvita a la inauguraci\u00f3n de la exposici\u00f3n pict\u00f3rica \u201cCact\u00e1ceas\u201d del maestro laguneroGerm\u00e1n Felipe Hern\u00e1ndez Nava, en compa\u00f1\u00eda del grupo de Danza Contempor\u00e1nea\u201cTreinta-once\u201d y del concertista C\u00e9sar Herrera; el pr\u00f3ximo martes 14 de junio a las19:30 horas en el lobby del Teatro Dolores del R\u00edo, inform\u00f3 el maestro Marco AurelioGuti\u00e9rrez Mares, director del recinto cultural. Explic\u00f3 que como parte de&#8230;<\/p>\n","protected":false},"author":1,"featured_media":9265,"comment_status":"closed","ping_status":"closed","sticky":false,"template":"","format":"standard","meta":{"footnotes":""},"categories":[12,64],"tags":[],"class_list":["post-9264","post","type-post","status-publish","format-standard","has-post-thumbnail","hentry","category-cultura","category-gobierno-de-durango","wpcat-12-id","wpcat-64-id"],"_links":{"self":[{"href":"https:\/\/www.aquilaguna.com\/index.php\/wp-json\/wp\/v2\/posts\/9264","targetHints":{"allow":["GET"]}}],"collection":[{"href":"https:\/\/www.aquilaguna.com\/index.php\/wp-json\/wp\/v2\/posts"}],"about":[{"href":"https:\/\/www.aquilaguna.com\/index.php\/wp-json\/wp\/v2\/types\/post"}],"author":[{"embeddable":true,"href":"https:\/\/www.aquilaguna.com\/index.php\/wp-json\/wp\/v2\/users\/1"}],"replies":[{"embeddable":true,"href":"https:\/\/www.aquilaguna.com\/index.php\/wp-json\/wp\/v2\/comments?post=9264"}],"version-history":[{"count":1,"href":"https:\/\/www.aquilaguna.com\/index.php\/wp-json\/wp\/v2\/posts\/9264\/revisions"}],"predecessor-version":[{"id":9266,"href":"https:\/\/www.aquilaguna.com\/index.php\/wp-json\/wp\/v2\/posts\/9264\/revisions\/9266"}],"wp:featuredmedia":[{"embeddable":true,"href":"https:\/\/www.aquilaguna.com\/index.php\/wp-json\/wp\/v2\/media\/9265"}],"wp:attachment":[{"href":"https:\/\/www.aquilaguna.com\/index.php\/wp-json\/wp\/v2\/media?parent=9264"}],"wp:term":[{"taxonomy":"category","embeddable":true,"href":"https:\/\/www.aquilaguna.com\/index.php\/wp-json\/wp\/v2\/categories?post=9264"},{"taxonomy":"post_tag","embeddable":true,"href":"https:\/\/www.aquilaguna.com\/index.php\/wp-json\/wp\/v2\/tags?post=9264"}],"curies":[{"name":"wp","href":"https:\/\/api.w.org\/{rel}","templated":true}]}}