{"id":9270,"date":"2022-06-13T19:15:51","date_gmt":"2022-06-14T00:15:51","guid":{"rendered":"https:\/\/www.aquilaguna.com\/?p=9270"},"modified":"2022-06-13T19:15:52","modified_gmt":"2022-06-14T00:15:52","slug":"simas-torreon-trabaja-para-reparar-falla-en-pozo-de-la-colonia-lazaro-cardenas","status":"publish","type":"post","link":"https:\/\/www.aquilaguna.com\/index.php\/2022\/06\/13\/simas-torreon-trabaja-para-reparar-falla-en-pozo-de-la-colonia-lazaro-cardenas\/","title":{"rendered":"SIMAS Torre\u00f3n trabaja para reparar falla en pozo de la colonia L\u00e1zaro C\u00e1rdenas."},"content":{"rendered":"\n<p>Torre\u00f3n, Coahuila. A 13 de junio de 2022.<\/p>\n\n\n\n<p>El Sistema Municipal de Aguas y Saneamiento de Torre\u00f3n (SIMAS) inform\u00f3 esta<br>ma\u00f1ana que el pozo n\u00famero 59 ubicado en la colonia L\u00e1zaro C\u00e1rdenas, present\u00f3<br>una falla mec\u00e1nica, por lo que se ver\u00e1n afectadas con baja presi\u00f3n o falta de agua<br>colonias como la Vicente Guerrero, Eduardo Guerra y Miguel Alem\u00e1n, as\u00ed como la<br>propia L\u00e1zaro C\u00e1rdenas.<\/p>\n\n\n\n<p>Personal del \u00e1rea t\u00e9cnica de la paramunicipal se encuentra en el lugar haciendo<br>las maniobras de reparaci\u00f3n, que permitan que a m\u00e1s tardar el d\u00eda de ma\u00f1ana<br>quede solucionada la aver\u00eda y se reestablezca el servicio.<\/p>\n\n\n\n<p>EI organismo pone a disposici\u00f3n de la ciudadan\u00eda la l\u00ednea de WhatsApp 871 133<br>35 22, el tel\u00e9fono del Call Center 871 690 95 95 y las p\u00e1gina de Facebook SIMAS<br>TORRE\u00d3N, para cualquier tipo de reporte relacionado con los servicios que presta<br>el organismo operador.<\/p>\n","protected":false},"excerpt":{"rendered":"<p>Torre\u00f3n, Coahuila. A 13 de junio de 2022. El Sistema Municipal de Aguas y Saneamiento de Torre\u00f3n (SIMAS) inform\u00f3 estama\u00f1ana que el pozo n\u00famero 59 ubicado en la colonia L\u00e1zaro C\u00e1rdenas, present\u00f3una falla mec\u00e1nica, por lo que se ver\u00e1n afectadas con baja presi\u00f3n o falta de aguacolonias como la Vicente Guerrero, Eduardo Guerra y Miguel Alem\u00e1n, as\u00ed como lapropia L\u00e1zaro C\u00e1rdenas. Personal del \u00e1rea t\u00e9cnica de la paramunicipal se encuentra&#8230;<\/p>\n","protected":false},"author":1,"featured_media":9271,"comment_status":"closed","ping_status":"closed","sticky":false,"template":"","format":"standard","meta":{"footnotes":""},"categories":[32,5,28,82,7],"tags":[],"class_list":["post-9270","post","type-post","status-publish","format-standard","has-post-thumbnail","hentry","category-agua","category-coahuila","category-la-laguna","category-simas","category-torreon","wpcat-32-id","wpcat-5-id","wpcat-28-id","wpcat-82-id","wpcat-7-id"],"_links":{"self":[{"href":"https:\/\/www.aquilaguna.com\/index.php\/wp-json\/wp\/v2\/posts\/9270","targetHints":{"allow":["GET"]}}],"collection":[{"href":"https:\/\/www.aquilaguna.com\/index.php\/wp-json\/wp\/v2\/posts"}],"about":[{"href":"https:\/\/www.aquilaguna.com\/index.php\/wp-json\/wp\/v2\/types\/post"}],"author":[{"embeddable":true,"href":"https:\/\/www.aquilaguna.com\/index.php\/wp-json\/wp\/v2\/users\/1"}],"replies":[{"embeddable":true,"href":"https:\/\/www.aquilaguna.com\/index.php\/wp-json\/wp\/v2\/comments?post=9270"}],"version-history":[{"count":1,"href":"https:\/\/www.aquilaguna.com\/index.php\/wp-json\/wp\/v2\/posts\/9270\/revisions"}],"predecessor-version":[{"id":9272,"href":"https:\/\/www.aquilaguna.com\/index.php\/wp-json\/wp\/v2\/posts\/9270\/revisions\/9272"}],"wp:featuredmedia":[{"embeddable":true,"href":"https:\/\/www.aquilaguna.com\/index.php\/wp-json\/wp\/v2\/media\/9271"}],"wp:attachment":[{"href":"https:\/\/www.aquilaguna.com\/index.php\/wp-json\/wp\/v2\/media?parent=9270"}],"wp:term":[{"taxonomy":"category","embeddable":true,"href":"https:\/\/www.aquilaguna.com\/index.php\/wp-json\/wp\/v2\/categories?post=9270"},{"taxonomy":"post_tag","embeddable":true,"href":"https:\/\/www.aquilaguna.com\/index.php\/wp-json\/wp\/v2\/tags?post=9270"}],"curies":[{"name":"wp","href":"https:\/\/api.w.org\/{rel}","templated":true}]}}