{"id":9284,"date":"2022-06-13T19:28:33","date_gmt":"2022-06-14T00:28:33","guid":{"rendered":"https:\/\/www.aquilaguna.com\/?p=9284"},"modified":"2022-06-13T19:28:33","modified_gmt":"2022-06-14T00:28:33","slug":"gobernador-de-coahuila-no-aceptara-embajada","status":"publish","type":"post","link":"https:\/\/www.aquilaguna.com\/index.php\/2022\/06\/13\/gobernador-de-coahuila-no-aceptara-embajada\/","title":{"rendered":"Gobernador de Coahuila no aceptar\u00e1 embajada."},"content":{"rendered":"\n<p>Torre\u00f3n, Coahuila.- Con respecto a cualquier\u00a0 aspiraci\u00f3n personal\u00a0 en el futuro pr\u00f3ximo que pudiera tener\u00a0 el Gobernador Miguel\u00a0 Angel Riquelme Solis\u00a0 es falso, afirma. &#8220;Yo termino aqu\u00ed, termino\u00a0 el gobierno para el cual me eligi\u00f3 la gente. Es una responsabilidad que adem\u00e1s es un reto dentro de lo que yo me compromet\u00ed\u00a0 ante la sociedad coahuilense&#8221;, rematando tal decisi\u00f3n con un, &#8220;Yo , no acepto embajadas. Tengo lo pies en la tierra. Yo quiero terminar bien, quiero terminar la encomienda\u00a0 que me dio la sociedad\u00a0 y no tendr\u00eda que andar abonando a los momentos\u00a0 por los cuales esta pasando\u00a0 el partido, en forma negativa. Espero se arreglen las cosas&#8221;.<\/p>\n\n\n\n<p>&#8220;Desde el PRI de Coahuila,\u00a0 vamos a poner nuestro granito de arena y sobre todo, yo soy\u00a0 Gobernador priista a mucho orgullo&#8221;.<\/p>\n\n\n\n<p>Mi obligaci\u00f3n es gobernar bien,\u00a0 para que mi Partido tenga\u00a0 la mayor facilidad\u00a0 en el proceso del 2023, para convencer al electorado, y por \u00faltimo&#8221;, afirm\u00f3, &#8220;Yo no acepto embajadas&#8221;.\u00a0<\/p>\n\n\n\n<p>Esta fue la respuesta del Gobernador de Coahuila\u00a0 sobre las versiones que circulan y lo ubican como fuerte prospecto a ocupar la Dirigencia Nacional del PRI, \u00a0 hasta el de \u00a0 figurar\u00a0 como el candidato de dicho organismo pol\u00edtico a la Presidencia de la Rep\u00fablica.\u00a0\u00a0<\/p>\n\n\n\n<p>En cuanto a los resultados obtenidos en la pasada elecci\u00f3n registrada en seis entidades \u00a0 expreso que &#8220;ya tenemos ganadores virtuales, en el estado de Durango que es lo que nos interesa y creo que se va a poder seguir trabajando en conjunto de manera\u00a0 coordinada y ordenada para poder dar tranquilidad a la sociedad tanto \u00a0 la que habita en la Laguna de\u00a0 Durango como la de\u00a0 Coahuila&#8221;.<\/p>\n\n\n\n<p>&#8220;Ha costado mucho este proceso, la construcci\u00f3n del Mando Especial, del Grupo Antisecuestro, la Polic\u00eda Metropolitana, ha sido todo un reto,\u00a0 pues distintas leyes\u00a0 en Coahuila, en Durango, reglamentos, usos y costumbres, ha sido un proceso\u00a0 empatarlos, equilibrarlos&#8221;.<\/p>\n\n\n\n<p>A\u00a0 veces, dijo, &#8220;es necesario\u00a0 que ella gente recapacite en ese aspecto, de lo que se requiere para seguir teniendo coordinaci\u00f3n, entre autoridades y hemos pasado por muchas cosas, como cuando no quer\u00edan ni siquiera vender permisos, desde cuando los horarios, creo que hemos ido avanzando en ello y tambi\u00e9n lo que me deja este proceso, es que Coahuila puede seguir coordin\u00e1ndose y podemos nosotros poner lo nuestro&#8221;.<\/p>\n\n\n\n<p>En cuanto a lo que le deja como experiencia al Gobernador de Coahuila\u00a0 el pasado proceso electoral, en especial en suscitado en el vecino estado de Durango, es que, &#8220;Coahuila puede seguir coordin\u00e1ndose y podemos nosotros poner lo nuestro para que ahora\u00a0 que entren las nuevas autoridades podamos seguir&#8221;.<\/p>\n\n\n\n<p>En cuanto al flujo migratorio que ya transita desde la frontera sur\u00a0 del pa\u00eds a la frontera norte de\u00a0 Coahuila, dio a conocer las medidas que su gobierno\u00a0 ya toma\u00a0 para hacer frente a la\u00a0 problem\u00e1tica que se suscite en las ciudades fronterizas a donde\u00a0 se piensa\u00a0 van a dirigir, es decir, Piedras Negras\u00a0 y\u00a0 Acu\u00f1a.<\/p>\n\n\n\n<p>Indico\u00a0 que, &#8220;\u00e9ste mismo d\u00eda\u00a0 se instala la Mesa de de trabajo para\u00a0 enfrentar \u00a0 la problem\u00e1tica que se registre\u00a0 con\u00a0 funcionarios estatales \u00a0 encabezados por el Licenciado Fernando Donato de las Fuentes\u00a0 Secretario General de Gobierno&#8221;.\u00a0<\/p>\n","protected":false},"excerpt":{"rendered":"<p>Torre\u00f3n, Coahuila.- Con respecto a cualquier\u00a0 aspiraci\u00f3n personal\u00a0 en el futuro pr\u00f3ximo que pudiera tener\u00a0 el Gobernador Miguel\u00a0 Angel Riquelme Solis\u00a0 es falso, afirma. &#8220;Yo termino aqu\u00ed, termino\u00a0 el gobierno para el cual me eligi\u00f3 la gente. Es una responsabilidad que adem\u00e1s es un reto dentro de lo que yo me compromet\u00ed\u00a0 ante la sociedad coahuilense&#8221;, rematando tal decisi\u00f3n con un, &#8220;Yo , no acepto embajadas. Tengo lo pies en&#8230;<\/p>\n","protected":false},"author":2,"featured_media":0,"comment_status":"closed","ping_status":"","sticky":false,"template":"","format":"standard","meta":{"footnotes":""},"categories":[5,15],"tags":[],"class_list":["post-9284","post","type-post","status-publish","format-standard","hentry","category-coahuila","category-gobierno-de-coahuila","wpcat-5-id","wpcat-15-id"],"_links":{"self":[{"href":"https:\/\/www.aquilaguna.com\/index.php\/wp-json\/wp\/v2\/posts\/9284","targetHints":{"allow":["GET"]}}],"collection":[{"href":"https:\/\/www.aquilaguna.com\/index.php\/wp-json\/wp\/v2\/posts"}],"about":[{"href":"https:\/\/www.aquilaguna.com\/index.php\/wp-json\/wp\/v2\/types\/post"}],"author":[{"embeddable":true,"href":"https:\/\/www.aquilaguna.com\/index.php\/wp-json\/wp\/v2\/users\/2"}],"replies":[{"embeddable":true,"href":"https:\/\/www.aquilaguna.com\/index.php\/wp-json\/wp\/v2\/comments?post=9284"}],"version-history":[{"count":1,"href":"https:\/\/www.aquilaguna.com\/index.php\/wp-json\/wp\/v2\/posts\/9284\/revisions"}],"predecessor-version":[{"id":9285,"href":"https:\/\/www.aquilaguna.com\/index.php\/wp-json\/wp\/v2\/posts\/9284\/revisions\/9285"}],"wp:attachment":[{"href":"https:\/\/www.aquilaguna.com\/index.php\/wp-json\/wp\/v2\/media?parent=9284"}],"wp:term":[{"taxonomy":"category","embeddable":true,"href":"https:\/\/www.aquilaguna.com\/index.php\/wp-json\/wp\/v2\/categories?post=9284"},{"taxonomy":"post_tag","embeddable":true,"href":"https:\/\/www.aquilaguna.com\/index.php\/wp-json\/wp\/v2\/tags?post=9284"}],"curies":[{"name":"wp","href":"https:\/\/api.w.org\/{rel}","templated":true}]}}