{"id":929,"date":"2021-03-12T20:20:53","date_gmt":"2021-03-13T02:20:53","guid":{"rendered":"https:\/\/www.aquilaguna.com\/?p=929"},"modified":"2021-03-12T20:20:53","modified_gmt":"2021-03-13T02:20:53","slug":"coahuila-adecuara-marco-juridico-por-regularizacion-de-cannabis","status":"publish","type":"post","link":"https:\/\/www.aquilaguna.com\/index.php\/2021\/03\/12\/coahuila-adecuara-marco-juridico-por-regularizacion-de-cannabis\/","title":{"rendered":"Coahuila adecuar\u00e1 marco jur\u00eddico por regularizaci\u00f3n de cannabis."},"content":{"rendered":"\n<p>Torre\u00f3n, Coahuila.- La Ley Federal para la regularizaci\u00f3n de la cannabis, no contempla disposici\u00f3n alguna sobre estrategias o recursos necesarios para atajar los m\u00faltiples impactos que habr\u00e1 de generar la liberalizaci\u00f3n de este opi\u00e1ceo, observa el Gobernador Miguel Angel Riquelme Solis por lo que Coahuila se dispondr\u00e1 a realizar adecuaciones a su marco jur\u00eddico al tiempo que se\u00f1ala la falta de asignaci\u00f3n alguna<br>de recursos p\u00fablicos suficientes para la atenci\u00f3n a sus adictos expresadas en pol\u00edticas p\u00fablicas muy concretas.<br><br>Reiter\u00f3 que sobre este tema, &#8220;mi postura ha sido muy clara desde antes de ser Gobernador, siempre fue en relaci\u00f3n al posible aprobaci\u00f3n del uso l\u00fadico de la mariguana, de que no estaba en contra de esa probabilidad, pero creo firmemente que no est\u00e1 el Estado mexicano preparado para enfrentar ese reto&#8221;.<br><br>El objetivo que presenta, consider\u00f3, &#8220;esta Ley Federal para la regularizaci\u00f3n de la cannabis es normal, y que incluye la producci\u00f3n, distribuci\u00f3n y comercializaci\u00f3n de la cannabis y sus derivados y manda a la Secretar\u00eda de Salud, sobre todo a la Comisi\u00f3n Nacional contra las Adicciones su control y la regularizaci\u00f3n&#8221;.<br><br>&#8220;En este caso, tambi\u00e9n incluye que la cannabis y sus derivados tendr\u00e1 fines de autoconusmo, comercializaci\u00f3n, venta y producci\u00f3n con fines de investigaci\u00f3n e industriales, permite el consumo y producci\u00f3n de 28 gramos de marihuana en personas mayores de 18 a\u00f1os&#8221;.<br><br>Se pregunt\u00f3 que cu\u00e1l es la experiencia en Coahuila, que dentro de la seguridad y los per\u00edodos de inseguridad que se han registrado en el pasado, muchos de los delitos cometidos fueron realizados por personas bajo los influjos y efectos de la marihuana.<br><br>&#8220;Es decir, no estamos preparados para enfrentar un reto de esta naturaleza, no est\u00e1 la Federaci\u00f3n liberando para prevenir las adicciones, no existen en todos los Estados un apoyo de esta naturaleza para los j\u00f3venes lo suficientemente adecuados para poder enfrentar tal reto de miles de j\u00f3venes que habitan el pa\u00eds&#8221;.<br><br>Reiter\u00f3 luego que sigue siendo la misma postura, dijo, creo que el cambio o rumbo paulatino que se hubiera aplicado en la misma Ley, hubiera dado origen a que el Estado mexicano se preparara a incluso con recursos p\u00fablicos, que en estos momentos no los hay, y que hubiera incluso una reducci\u00f3n dentro de las dependencias que pueden atender este tipo de efectos que en la salud va a provocar el consumo de la marihuana&#8221;.<br><br>&#8220;Entonces, se va a tener que realizar una regulaci\u00f3n estatal, y tambi\u00e9n una modificaci\u00f3n a nuestro marco jur\u00eddico, seg\u00fan lo que suceda cuando alguien cometa un delito bajo el influjo de la marihuana&#8221;.<br><br>&#8220;Todo esto tendr\u00eda que venir de la mano con todos los Estados, pero como siempre, lo hacen solos, seg\u00fan lo aprobaron los diputados de MORENA&#8221;.<br><br>&#8220;Digo, fue aprobado por muchos pero no hay una estrategia dentro de los efectos secundarios que traer\u00e1 consigo esta aprobaci\u00f3n de tal Ley, al d\u00eda de hoy&#8221;.<br><br>Los comentarios vertidos en torno a este tema, reiter\u00f3, &#8220;no son nuevos. Creo que hay pa\u00edses de avanzada, que han tenido otro camino, y rumbos muy diferente, pero han cuidado tambi\u00e9n perfectamente todos sus frentes y aristas que provoca una aprobaci\u00f3n de este tipo, con el consumo de marihuana&#8221;.<\/p>\n","protected":false},"excerpt":{"rendered":"<p>Torre\u00f3n, Coahuila.- La Ley Federal para la regularizaci\u00f3n de la cannabis, no contempla disposici\u00f3n alguna sobre estrategias o recursos necesarios para atajar los m\u00faltiples impactos que habr\u00e1 de generar la liberalizaci\u00f3n de este opi\u00e1ceo, observa el Gobernador Miguel Angel Riquelme Solis por lo que Coahuila se dispondr\u00e1 a realizar adecuaciones a su marco jur\u00eddico al tiempo que se\u00f1ala la falta de asignaci\u00f3n algunade recursos p\u00fablicos suficientes para la atenci\u00f3n a&#8230;<\/p>\n","protected":false},"author":2,"featured_media":0,"comment_status":"closed","ping_status":"","sticky":false,"template":"","format":"standard","meta":{"footnotes":""},"categories":[5,15,14],"tags":[],"class_list":["post-929","post","type-post","status-publish","format-standard","hentry","category-coahuila","category-gobierno-de-coahuila","category-salud","wpcat-5-id","wpcat-15-id","wpcat-14-id"],"_links":{"self":[{"href":"https:\/\/www.aquilaguna.com\/index.php\/wp-json\/wp\/v2\/posts\/929","targetHints":{"allow":["GET"]}}],"collection":[{"href":"https:\/\/www.aquilaguna.com\/index.php\/wp-json\/wp\/v2\/posts"}],"about":[{"href":"https:\/\/www.aquilaguna.com\/index.php\/wp-json\/wp\/v2\/types\/post"}],"author":[{"embeddable":true,"href":"https:\/\/www.aquilaguna.com\/index.php\/wp-json\/wp\/v2\/users\/2"}],"replies":[{"embeddable":true,"href":"https:\/\/www.aquilaguna.com\/index.php\/wp-json\/wp\/v2\/comments?post=929"}],"version-history":[{"count":1,"href":"https:\/\/www.aquilaguna.com\/index.php\/wp-json\/wp\/v2\/posts\/929\/revisions"}],"predecessor-version":[{"id":930,"href":"https:\/\/www.aquilaguna.com\/index.php\/wp-json\/wp\/v2\/posts\/929\/revisions\/930"}],"wp:attachment":[{"href":"https:\/\/www.aquilaguna.com\/index.php\/wp-json\/wp\/v2\/media?parent=929"}],"wp:term":[{"taxonomy":"category","embeddable":true,"href":"https:\/\/www.aquilaguna.com\/index.php\/wp-json\/wp\/v2\/categories?post=929"},{"taxonomy":"post_tag","embeddable":true,"href":"https:\/\/www.aquilaguna.com\/index.php\/wp-json\/wp\/v2\/tags?post=929"}],"curies":[{"name":"wp","href":"https:\/\/api.w.org\/{rel}","templated":true}]}}