{"id":9303,"date":"2022-06-14T19:29:55","date_gmt":"2022-06-15T00:29:55","guid":{"rendered":"https:\/\/www.aquilaguna.com\/?p=9303"},"modified":"2022-06-14T19:29:55","modified_gmt":"2022-06-15T00:29:55","slug":"se-consolida-en-coahuila-la-universidad-laboral-4-0","status":"publish","type":"post","link":"https:\/\/www.aquilaguna.com\/index.php\/2022\/06\/14\/se-consolida-en-coahuila-la-universidad-laboral-4-0\/","title":{"rendered":"SE CONSOLIDA EN COAHUILA LA UNIVERSIDAD LABORAL 4.0."},"content":{"rendered":"\n<p>\u00b7\u00a0\u00a0\u00a0\u00a0\u00a0\u00a0<strong><em>\u00a0\u2018Es un claro ejemplo de trabajo y tenacidad en beneficio de los trabajadores\u2019: Francisco Saracho<\/em><\/strong><\/p>\n\n\n\n<p>Saltillo, Coahuila de Zaragoza; a 14 de Junio de 2022. \u2013 Al recordar que de ser un Centro de Formaci\u00f3n evolucion\u00f3 para convertirse en la Universidad Laboral de M\u00e9xico 4.0 \u201cMiguel Ramos Arizpe\u201d (UNILAM), que ofrece Preparatoria y Carreras Profesionales, el Secretario de Educaci\u00f3n de Coahuila, Francisco Saracho Navarro, entreg\u00f3 Reconocimientos de Validez Oficial de Estudios (RVOE) a la instituci\u00f3n.<\/p>\n\n\n\n<p>En evento realizado en las instalaciones de la UNILAM se entregaron los reconocimientos a sus 6 carreras, as\u00ed como Documento de Apertura del Centro de Asesor\u00eda de Preparatoria Abierta.<\/p>\n\n\n\n<p>Proyectos que con anterioridad el Subsecretario de Educaci\u00f3n Media y Superior, Francisco Osorio Morales, autoriz\u00f3 para ser enviados ante la Secretar\u00eda de Educaci\u00f3n P\u00fablica Federal, donde finalmente al cumplir con los tr\u00e1mites y requisitos necesarios se otorg\u00f3 su reconocimiento oficial.<\/p>\n\n\n\n<p>Rafael Medina Portugal, Rector de la UNILAM, se\u00f1al\u00f3 que en base al estudio del campo laboral para el alumnado al momento de egresar, y de las necesidades y requerimientos de las empresas, fue que se dise\u00f1aron las siguientes carreras: Licenciatura en Derecho Laboral, Licenciatura en Capital Humano, Licenciatura de Administraci\u00f3n de Empresas con enfoque en Operaciones, Ingenier\u00eda en Mecatr\u00f3nica, Ingenier\u00eda en Manufactura Automotriz Sustentable, e Ingenier\u00eda Industrial e Innovaci\u00f3n Tecnol\u00f3gica.<\/p>\n\n\n\n<p>El fundador y dirigente de la Confederaci\u00f3n de Trabajadores de M\u00e9xico (CTM) Tereso Medina Ram\u00edrez mostr\u00f3 que la instituci\u00f3n ya cuenta con RVOE, y ahora los trabajadores pueden aspirar a una superaci\u00f3n personal y familiar real, escalar en el escalaf\u00f3n laboral con mejores salarios y al ampliar sus conocimientos insertarse de lleno en la innovaci\u00f3n tecnol\u00f3gica, en la digitalizaci\u00f3n, en el uso de nuevas herramientas y tener la capacidad de ser la mejor oferta laboral para las empresas existentes, y m\u00e1s que arribar\u00e1n atra\u00eddas por la excelente preparaci\u00f3n profesional que tienen los coahuilenses.<\/p>\n\n\n\n<p>Explic\u00f3 el rector Medina Portugal: \u201cGracias al apoyo de los empresarios, al permitir a sus trabajadores estudiar y trabajar, son m\u00e1s los alumnos inscritos en la instituci\u00f3n. As\u00ed, de la Preparatoria Abierta con reconocimiento oficial ya egresaron 4 generaciones, con 800 exalumnos, y la mayor\u00eda de ellos ingres\u00f3 a la UNILAM. Ahora se tiene la meta de duplicar el n\u00famero de beneficiarios\u201d.<\/p>\n\n\n\n<p>El titular de Educaci\u00f3n de Coahuila se\u00f1al\u00f3 que al acudir a entregar el RVOE a la UNILAM constata que se cuenta con instalaciones de alto nivel, e indic\u00f3 que el gobernador Miguel Riquelme Sol\u00eds reconoce el esfuerzo de esta instituci\u00f3n, que con su plan de estudios acorde a las necesidades de la industria pujante en Coahuila logr\u00f3 el dise\u00f1o de esta oferta educativa en beneficio de la poblaci\u00f3n.<\/p>\n","protected":false},"excerpt":{"rendered":"<p>\u00b7\u00a0\u00a0\u00a0\u00a0\u00a0\u00a0\u00a0\u2018Es un claro ejemplo de trabajo y tenacidad en beneficio de los trabajadores\u2019: Francisco Saracho Saltillo, Coahuila de Zaragoza; a 14 de Junio de 2022. \u2013 Al recordar que de ser un Centro de Formaci\u00f3n evolucion\u00f3 para convertirse en la Universidad Laboral de M\u00e9xico 4.0 \u201cMiguel Ramos Arizpe\u201d (UNILAM), que ofrece Preparatoria y Carreras Profesionales, el Secretario de Educaci\u00f3n de Coahuila, Francisco Saracho Navarro, entreg\u00f3 Reconocimientos de Validez Oficial de&#8230;<\/p>\n","protected":false},"author":1,"featured_media":9304,"comment_status":"closed","ping_status":"closed","sticky":false,"template":"","format":"standard","meta":{"footnotes":""},"categories":[5,9,15],"tags":[],"class_list":["post-9303","post","type-post","status-publish","format-standard","has-post-thumbnail","hentry","category-coahuila","category-educacion","category-gobierno-de-coahuila","wpcat-5-id","wpcat-9-id","wpcat-15-id"],"_links":{"self":[{"href":"https:\/\/www.aquilaguna.com\/index.php\/wp-json\/wp\/v2\/posts\/9303","targetHints":{"allow":["GET"]}}],"collection":[{"href":"https:\/\/www.aquilaguna.com\/index.php\/wp-json\/wp\/v2\/posts"}],"about":[{"href":"https:\/\/www.aquilaguna.com\/index.php\/wp-json\/wp\/v2\/types\/post"}],"author":[{"embeddable":true,"href":"https:\/\/www.aquilaguna.com\/index.php\/wp-json\/wp\/v2\/users\/1"}],"replies":[{"embeddable":true,"href":"https:\/\/www.aquilaguna.com\/index.php\/wp-json\/wp\/v2\/comments?post=9303"}],"version-history":[{"count":1,"href":"https:\/\/www.aquilaguna.com\/index.php\/wp-json\/wp\/v2\/posts\/9303\/revisions"}],"predecessor-version":[{"id":9305,"href":"https:\/\/www.aquilaguna.com\/index.php\/wp-json\/wp\/v2\/posts\/9303\/revisions\/9305"}],"wp:featuredmedia":[{"embeddable":true,"href":"https:\/\/www.aquilaguna.com\/index.php\/wp-json\/wp\/v2\/media\/9304"}],"wp:attachment":[{"href":"https:\/\/www.aquilaguna.com\/index.php\/wp-json\/wp\/v2\/media?parent=9303"}],"wp:term":[{"taxonomy":"category","embeddable":true,"href":"https:\/\/www.aquilaguna.com\/index.php\/wp-json\/wp\/v2\/categories?post=9303"},{"taxonomy":"post_tag","embeddable":true,"href":"https:\/\/www.aquilaguna.com\/index.php\/wp-json\/wp\/v2\/tags?post=9303"}],"curies":[{"name":"wp","href":"https:\/\/api.w.org\/{rel}","templated":true}]}}