{"id":9309,"date":"2022-06-14T19:37:29","date_gmt":"2022-06-15T00:37:29","guid":{"rendered":"https:\/\/www.aquilaguna.com\/?p=9309"},"modified":"2022-06-14T19:37:29","modified_gmt":"2022-06-15T00:37:29","slug":"implementa-gobierno-del-estado-programa-para-solucionar-deficit-de-vivienda-social","status":"publish","type":"post","link":"https:\/\/www.aquilaguna.com\/index.php\/2022\/06\/14\/implementa-gobierno-del-estado-programa-para-solucionar-deficit-de-vivienda-social\/","title":{"rendered":"Implementa Gobierno del Estado programa para solucionar d\u00e9ficit de vivienda social."},"content":{"rendered":"\n<p>Torre\u00f3n, Coahuila.-\u00a0 &#8220;Saltillo\u00a0 y\u00a0 Torre\u00f3n son\u00a0 las ciudades del Estado \u00a0 que registran un d\u00e9ficit de  vivienda social\u00a0 misma que se ubica en un rango de costo de hasta 500 mil, tema para el cual el Gobierno de Coahuila implementa ya un programa espec\u00edfico para\u00a0 atenderlo y que pr\u00f3ximamente se pondr\u00e1 en marcha&#8221;, indica el titular de la Secretar\u00eda\u00a0 de\u00a0 Vivienda y Ordenamiento Territorial\u00a0 en Coahuila, licenciado Enrique Mart\u00ednez Morales\u00a0<\/p>\n\n\n\n<p>Indic\u00f3\u00a0 que en principio este programa, &#8220;se iniciar\u00e1 en el vecino municipio de Matamoros, en\u00a0 El Olivo\u00a0 y posteriormente en\u00a0el municipio capital de la entidad y proseguir \u00a0 en otras\u00a0 regiones del Estado, con el objetivo de estimular la construcci\u00f3n de vivienda de bajo costo&#8221;.<\/p>\n\n\n\n<p>En cuanto a el abatimiento del rezago de vivienda, que\u00a0 en la comarca lagunera de Coahuila, registra su n\u00famero mas alto\u00a0 la poblaci\u00f3n de Matamoros, el\u00a0 licenciado\u00a0 Mart\u00ednez Morales \u00a0expreso que, &#8220;dar atenci\u00f3n y abatirlo es\u00a0 el mayor reto hist\u00f3rico que se enfrenta\u00a0 la poblaci\u00f3n citada en este tema&#8221;.\u00a0\u00a0\u00a0\u00a0<\/p>\n\n\n\n<p>Dio a conocer que para ello, el pasado jueves realizaron la forma de un convenio con el propietario del \u00e1rea donde se ubican\u00a0 los predios sin regularizaci\u00f3n y  de nombre Eduardo\u00a0 Daccarett persona que aparece como propietario en el Registro P\u00fablico de la Propiedad.\u00a0<\/p>\n\n\n\n<p>Expreso que, &#8220;seg\u00fan la condici\u00f3n citada, es la \u00fanica persona con la que\u00a0 puede concertar\u00a0 operaci\u00f3n alguna de compraventas y con \u00e9l se ha llegado al acuerdo de\u00a0 vender a los posesionarios de tales terrenos, a un precio de solo 30 pesos metro cuadrado, superficie sobre los que al paso del tiempo ya se ha construido,\u00a0 hay urbanizaci\u00f3n, en lotes que registran un promedio de\u00a0 200 a 300 metros cuadrados por familia&#8221;.<\/p>\n\n\n\n<p>Preguntado porque se opt\u00f3 por operaci\u00f3n de compraventa\u00a0 y no un juicio de prescripci\u00f3n positiva, el funcionario expreso que, &#8220;ello era posible, solo que saldr\u00eda mucho mas caro, pues primero se tendr\u00edan que organizar por lo menos a 20 personas que demuestren haber adquirido el lote que ocupan de\u00a0 buena fe, a  alguien\u00a0 y si ello no\u00a0 procediera cada familia hubiera tenido que pagar al interesado por lo menos seis mil, 500 pesos, mas lo\u00a0 que\u00a0 corresponda\u00a0 a la escrituraci\u00f3n pues los impuestos\u00a0 correspondientes\u00a0 no se pueden omitir, pues tal acci\u00f3n depender\u00e1 de una orden judicial, por lo que cada familia terminar\u00e1 pagando por tal lote entre 30 \u00f3 40 mil pesos&#8221;.<\/p>\n\n\n\n<p>Por la v\u00eda seleccionada \u00a0 derivada del convenio antes mencionado, &#8220;las familias solo deber\u00e1n devengar\u00a0 alrededor de 10\u00a0 a 15\u00a0mil pesos, suma\u00a0 que\u00a0 es\u00a0 muy accesible&#8221;.<\/p>\n","protected":false},"excerpt":{"rendered":"<p>Torre\u00f3n, Coahuila.-\u00a0 &#8220;Saltillo\u00a0 y\u00a0 Torre\u00f3n son\u00a0 las ciudades del Estado \u00a0 que registran un d\u00e9ficit de vivienda social\u00a0 misma que se ubica en un rango de costo de hasta 500 mil, tema para el cual el Gobierno de Coahuila implementa ya un programa espec\u00edfico para\u00a0 atenderlo y que pr\u00f3ximamente se pondr\u00e1 en marcha&#8221;, indica el titular de la Secretar\u00eda\u00a0 de\u00a0 Vivienda y Ordenamiento Territorial\u00a0 en Coahuila, licenciado Enrique Mart\u00ednez Morales\u00a0&#8230;<\/p>\n","protected":false},"author":2,"featured_media":0,"comment_status":"closed","ping_status":"","sticky":false,"template":"","format":"standard","meta":{"footnotes":""},"categories":[5,28,7,87],"tags":[],"class_list":["post-9309","post","type-post","status-publish","format-standard","hentry","category-coahuila","category-la-laguna","category-torreon","category-vivienda","wpcat-5-id","wpcat-28-id","wpcat-7-id","wpcat-87-id"],"_links":{"self":[{"href":"https:\/\/www.aquilaguna.com\/index.php\/wp-json\/wp\/v2\/posts\/9309","targetHints":{"allow":["GET"]}}],"collection":[{"href":"https:\/\/www.aquilaguna.com\/index.php\/wp-json\/wp\/v2\/posts"}],"about":[{"href":"https:\/\/www.aquilaguna.com\/index.php\/wp-json\/wp\/v2\/types\/post"}],"author":[{"embeddable":true,"href":"https:\/\/www.aquilaguna.com\/index.php\/wp-json\/wp\/v2\/users\/2"}],"replies":[{"embeddable":true,"href":"https:\/\/www.aquilaguna.com\/index.php\/wp-json\/wp\/v2\/comments?post=9309"}],"version-history":[{"count":1,"href":"https:\/\/www.aquilaguna.com\/index.php\/wp-json\/wp\/v2\/posts\/9309\/revisions"}],"predecessor-version":[{"id":9310,"href":"https:\/\/www.aquilaguna.com\/index.php\/wp-json\/wp\/v2\/posts\/9309\/revisions\/9310"}],"wp:attachment":[{"href":"https:\/\/www.aquilaguna.com\/index.php\/wp-json\/wp\/v2\/media?parent=9309"}],"wp:term":[{"taxonomy":"category","embeddable":true,"href":"https:\/\/www.aquilaguna.com\/index.php\/wp-json\/wp\/v2\/categories?post=9309"},{"taxonomy":"post_tag","embeddable":true,"href":"https:\/\/www.aquilaguna.com\/index.php\/wp-json\/wp\/v2\/tags?post=9309"}],"curies":[{"name":"wp","href":"https:\/\/api.w.org\/{rel}","templated":true}]}}