{"id":9339,"date":"2022-06-15T18:22:23","date_gmt":"2022-06-15T23:22:23","guid":{"rendered":"https:\/\/www.aquilaguna.com\/?p=9339"},"modified":"2022-06-15T18:22:23","modified_gmt":"2022-06-15T23:22:23","slug":"detienen-a-presunto-responsable-de-homicidio-en-calles-de-torreon","status":"publish","type":"post","link":"https:\/\/www.aquilaguna.com\/index.php\/2022\/06\/15\/detienen-a-presunto-responsable-de-homicidio-en-calles-de-torreon\/","title":{"rendered":"Detienen a presunto responsable de homicidio en calles de Torre\u00f3n."},"content":{"rendered":"\n<p>Torre\u00f3n, Coahuila.- \u00a0 Ha sido detenido ya\u00a0 el probable responsable del homicidio del se\u00f1or Saul P\u00e9rez Hinojo\u00a0 de 32 a\u00f1os de edad y \u00a0 de las lesiones de su acompa\u00f1ante, una mujer de 32 a\u00f1os \u00a0 al ser baleados \u00a0 ambos\u00a0 cuando el primero estacionaba el veh\u00edculo en el que ambos\u00a0 viajaban a la altura del Bulevar Nueva Laguna\u00a0 y Pedro V. Rodr\u00edguez\u00a0 Triana\u00a0 por una\u00a0 sujeto que viajaba en una motocicleta que les dio alcance en tal punto de la ciudad.<\/p>\n\n\n\n<p>Apenas unas horas despu\u00e9s de\u00a0\u00e9sta ejecuci\u00f3n de un civil en las calles de Torre\u00f3n, actos que parec\u00edan\u00a0 ya desterrados de Torre\u00f3n,\u00a0 el Gobernador Miguel Angel Riquelme Solis, daba a conocer a trav\u00e9s de\u00a0 su cuenta de redes sociales, que el probable responsable de tan lamentable hecho ya se encontraba detenido por parte de elementos policiacos\u00a0 de la Fiscal\u00eda General de Justicia.<\/p>\n\n\n\n<p>En el sitio \u00a0 que tuvo lugar\u00a0 el atentado\u00a0 que se cita, fueron recogidos por lo menos 15 balas percutidas, mismas que \u00a0 constituyeron la r\u00e1faga que privara de su vida inst\u00e1ntaneamente al se\u00f1or Perez Hinojo e hiriera a su acompa\u00f1ante.<\/p>\n\n\n\n<p>Hasta el momento la autoridad no ha dado a conocer la identidad de la mujer lesionada, ni\u00a0 el nombre del presunto responsable.<\/p>\n","protected":false},"excerpt":{"rendered":"<p>Torre\u00f3n, Coahuila.- \u00a0 Ha sido detenido ya\u00a0 el probable responsable del homicidio del se\u00f1or Saul P\u00e9rez Hinojo\u00a0 de 32 a\u00f1os de edad y \u00a0 de las lesiones de su acompa\u00f1ante, una mujer de 32 a\u00f1os \u00a0 al ser baleados \u00a0 ambos\u00a0 cuando el primero estacionaba el veh\u00edculo en el que ambos\u00a0 viajaban a la altura del Bulevar Nueva Laguna\u00a0 y Pedro V. Rodr\u00edguez\u00a0 Triana\u00a0 por una\u00a0 sujeto que viajaba en&#8230;<\/p>\n","protected":false},"author":2,"featured_media":0,"comment_status":"closed","ping_status":"","sticky":false,"template":"","format":"standard","meta":{"footnotes":""},"categories":[5,15,24],"tags":[],"class_list":["post-9339","post","type-post","status-publish","format-standard","hentry","category-coahuila","category-gobierno-de-coahuila","category-seguridad","wpcat-5-id","wpcat-15-id","wpcat-24-id"],"_links":{"self":[{"href":"https:\/\/www.aquilaguna.com\/index.php\/wp-json\/wp\/v2\/posts\/9339","targetHints":{"allow":["GET"]}}],"collection":[{"href":"https:\/\/www.aquilaguna.com\/index.php\/wp-json\/wp\/v2\/posts"}],"about":[{"href":"https:\/\/www.aquilaguna.com\/index.php\/wp-json\/wp\/v2\/types\/post"}],"author":[{"embeddable":true,"href":"https:\/\/www.aquilaguna.com\/index.php\/wp-json\/wp\/v2\/users\/2"}],"replies":[{"embeddable":true,"href":"https:\/\/www.aquilaguna.com\/index.php\/wp-json\/wp\/v2\/comments?post=9339"}],"version-history":[{"count":1,"href":"https:\/\/www.aquilaguna.com\/index.php\/wp-json\/wp\/v2\/posts\/9339\/revisions"}],"predecessor-version":[{"id":9340,"href":"https:\/\/www.aquilaguna.com\/index.php\/wp-json\/wp\/v2\/posts\/9339\/revisions\/9340"}],"wp:attachment":[{"href":"https:\/\/www.aquilaguna.com\/index.php\/wp-json\/wp\/v2\/media?parent=9339"}],"wp:term":[{"taxonomy":"category","embeddable":true,"href":"https:\/\/www.aquilaguna.com\/index.php\/wp-json\/wp\/v2\/categories?post=9339"},{"taxonomy":"post_tag","embeddable":true,"href":"https:\/\/www.aquilaguna.com\/index.php\/wp-json\/wp\/v2\/tags?post=9339"}],"curies":[{"name":"wp","href":"https:\/\/api.w.org\/{rel}","templated":true}]}}