{"id":9419,"date":"2022-06-20T17:56:33","date_gmt":"2022-06-20T22:56:33","guid":{"rendered":"https:\/\/www.aquilaguna.com\/?p=9419"},"modified":"2022-06-20T17:56:33","modified_gmt":"2022-06-20T22:56:33","slug":"estado-de-durango-es-referente-en-materia-de-proteccion-civil","status":"publish","type":"post","link":"https:\/\/www.aquilaguna.com\/index.php\/2022\/06\/20\/estado-de-durango-es-referente-en-materia-de-proteccion-civil\/","title":{"rendered":"ESTADO DE DURANGO ES REFERENTE EN MATERIA DE PROTECCI\u00d3N CIVIL."},"content":{"rendered":"\n<p>Comarca Lagunera.- El estado de Durango es referente en materia de protecci\u00f3n<br>civil, debido al programa integral que siguen para priorizar la capacitaci\u00f3n, el cual<br>contempla talleres para todas las regiones del estado, encaminados a homologar los<br>reglamentos de protecci\u00f3n civil de estado y municipios, adem\u00e1s de la gesti\u00f3n integral<br>de riesgos. Lo anterior fue dado a conocer por el coordinador estatal de Protecci\u00f3n<br>Civil, Guillermo Pacheco Valenzuela.<\/p>\n\n\n\n<p>Destac\u00f3 que m\u00e1s del 90 porciento del personal de la coordinaci\u00f3n cuenta con<br>preparaci\u00f3n profesional; 30 elementos fueron certificados por el Centro Nacional de<br>Prevenci\u00f3n de Desastres como t\u00e9cnicos en gesti\u00f3n integral de riesgos, 20 m\u00e1s<br>cursaron el diplomado de gesti\u00f3n y protecci\u00f3n civil, adem\u00e1s de que 30 elementos han<br>cumplido con tres est\u00e1ndares de competencia ante el Consejo de Normalizaci\u00f3n y<br>Certificaci\u00f3n de Competencias Laborales CONOCER, 10 elementos est\u00e1n a punto de<br>graduarse como t\u00e9cnicos de gesti\u00f3n integral de Riesgos y se mantienen en continua<br>capacitaci\u00f3n.<\/p>\n\n\n\n<p>Mencion\u00f3, que debido a la desaparici\u00f3n del Fondo para la Atenci\u00f3n de Emergencias<br>(FONDEN) y el Fondo Nacional para la Prevenci\u00f3n de Desastres Naturales<br>(FOPREDEN), est\u00e1n enfoc\u00e1ndose en la Gesti\u00f3n Integral de Riesgos, procurando una<br>cultura de prevenci\u00f3n junto con la ciudadan\u00eda, para ante cualquier desastre puedan<br>salvaguardar la integridad f\u00edsica de los duranguenses.<\/p>\n\n\n\n<p>Por \u00faltimo, dijo que reactivar\u00e1n el proyecto para crear el Centro Estatal de Prevenci\u00f3n<br>de Desastres (CEPD) en el Estado, proyecto que requiere 170 millones de pesos y<br>permitir\u00e1 que Durango cuente con una Escuela de Protecci\u00f3n Civil y adem\u00e1s del<br>Centro, logrando as\u00ed destacar en la zona norte del pa\u00eds.<\/p>\n","protected":false},"excerpt":{"rendered":"<p>Comarca Lagunera.- El estado de Durango es referente en materia de protecci\u00f3ncivil, debido al programa integral que siguen para priorizar la capacitaci\u00f3n, el cualcontempla talleres para todas las regiones del estado, encaminados a homologar losreglamentos de protecci\u00f3n civil de estado y municipios, adem\u00e1s de la gesti\u00f3n integralde riesgos. Lo anterior fue dado a conocer por el coordinador estatal de Protecci\u00f3nCivil, Guillermo Pacheco Valenzuela. Destac\u00f3 que m\u00e1s del 90 porciento del&#8230;<\/p>\n","protected":false},"author":1,"featured_media":0,"comment_status":"closed","ping_status":"closed","sticky":false,"template":"","format":"standard","meta":{"footnotes":""},"categories":[40,64,54],"tags":[],"class_list":["post-9419","post","type-post","status-publish","format-standard","hentry","category-durango","category-gobierno-de-durango","category-proteccion-civil","wpcat-40-id","wpcat-64-id","wpcat-54-id"],"_links":{"self":[{"href":"https:\/\/www.aquilaguna.com\/index.php\/wp-json\/wp\/v2\/posts\/9419","targetHints":{"allow":["GET"]}}],"collection":[{"href":"https:\/\/www.aquilaguna.com\/index.php\/wp-json\/wp\/v2\/posts"}],"about":[{"href":"https:\/\/www.aquilaguna.com\/index.php\/wp-json\/wp\/v2\/types\/post"}],"author":[{"embeddable":true,"href":"https:\/\/www.aquilaguna.com\/index.php\/wp-json\/wp\/v2\/users\/1"}],"replies":[{"embeddable":true,"href":"https:\/\/www.aquilaguna.com\/index.php\/wp-json\/wp\/v2\/comments?post=9419"}],"version-history":[{"count":1,"href":"https:\/\/www.aquilaguna.com\/index.php\/wp-json\/wp\/v2\/posts\/9419\/revisions"}],"predecessor-version":[{"id":9420,"href":"https:\/\/www.aquilaguna.com\/index.php\/wp-json\/wp\/v2\/posts\/9419\/revisions\/9420"}],"wp:attachment":[{"href":"https:\/\/www.aquilaguna.com\/index.php\/wp-json\/wp\/v2\/media?parent=9419"}],"wp:term":[{"taxonomy":"category","embeddable":true,"href":"https:\/\/www.aquilaguna.com\/index.php\/wp-json\/wp\/v2\/categories?post=9419"},{"taxonomy":"post_tag","embeddable":true,"href":"https:\/\/www.aquilaguna.com\/index.php\/wp-json\/wp\/v2\/tags?post=9419"}],"curies":[{"name":"wp","href":"https:\/\/api.w.org\/{rel}","templated":true}]}}